{"id":155883,"date":"2025-10-09T17:23:17","date_gmt":"2025-10-09T17:23:17","guid":{"rendered":"https:\/\/www.europesays.com\/it\/155883\/"},"modified":"2025-10-09T17:23:17","modified_gmt":"2025-10-09T17:23:17","slug":"inter-the-opus-il-libro-ufficiale-che-celebra-la-storia-nerazzurra","status":"publish","type":"post","link":"https:\/\/www.europesays.com\/it\/155883\/","title":{"rendered":"Inter The Opus: il libro ufficiale che celebra la storia nerazzurra"},"content":{"rendered":"<p class=\"chakra-text etrndzc0 css-8jppfn\">FC Internazionale Milano \u00e8 orgogliosa di annunciare la realizzazione di <b>Inter The Opus<\/b>, un\u2019opera unica e senza precedenti che racconta la storia e l\u2019essenza del Club attraverso le sue pagine.<\/p>\n<p class=\"chakra-text etrndzc0 css-8jppfn\">Si tratta di un <b>tributo esclusivo alla grandezza dell\u2019Inter<\/b>: i momenti pi\u00f9 iconici, i leggendari protagonisti, i successi che hanno reso il Club immortale e la passione incrollabile dei tifosi nerazzurri di tutto il mondo. Con <b>contenuti inediti e materiali d\u2019archivio mai pubblicati prima<\/b>, Inter The Opus \u00e8 un <b>capolavoro da collezione<\/b>, testimonianza della ricchezza del passato nerazzurro e della forza delle ambizioni future della Societ\u00e0.<\/p>\n<p class=\"chakra-text etrndzc0 css-8jppfn\">Non un semplice libro, ma <b>un oggetto prezioso<\/b>, realizzato con la massima cura artigianale: rilegato a mano in pelle pregiata, stampato secondo i pi\u00f9 alti standard, con interviste esclusive e immagini rare, \u00e8 un volume destinato a diventare un vero cimelio per gli appassionati e per gli interisti di ogni generazione.<br \/>\n<b>La pubblicazione \u00e8 prevista per il 2026<\/b>: sar\u00e0 il <b>primo Opus dedicato a una squadra di Serie A<\/b>, entrando cos\u00ec a far parte della prestigiosa Opus Collection, che gi\u00e0 comprende alcune delle realt\u00e0 pi\u00f9 iconiche dello sport, della musica e dello spettacolo a livello mondiale. Per scoprire la collezione \u00e8 possibile visitare il sito: <a target=\"_blank\" rel=\"noopener noreferrer nofollow\" href=\"https:\/\/www.thisisopus.com\/\" class=\"css-1081t4c\">https:\/\/www.thisisopus.com\/<\/a><\/p>\n<p class=\"chakra-text etrndzc0 css-8jppfn\">Sono previste diverse edizioni, tra cui l\u2019<b>iconico formato Marquee XXL<\/b>, con pagine che raggiungono un metro in apertura e un peso superiore ai 32 chili.<br \/>\nCon Inter The Opus il Club invita tutti gli interisti a vivere insieme un viaggio straordinario: un\u2019opera che custodir\u00e0 emozioni, trionfi e ricordi che hanno scritto la storia e che continueranno a ispirare il futuro. <\/p>\n<p class=\"chakra-text etrndzc0 css-8jppfn\">Ulteriori dettagli saranno svelati nei prossimi mesi, comprese le modalit\u00e0 di prenotazione delle diverse edizioni disponibili.<\/p>\n","protected":false},"excerpt":{"rendered":"FC Internazionale Milano \u00e8 orgogliosa di annunciare la realizzazione di Inter The Opus, un\u2019opera unica e senza precedenti&hellip;\n","protected":false},"author":3,"featured_media":155884,"comment_status":"","ping_status":"","sticky":false,"template":"","format":"standard","meta":{"footnotes":""},"categories":[1445],"tags":[1608,203,204,1537,90,89,1609],"class_list":{"0":"post-155883","1":"post","2":"type-post","3":"status-publish","4":"format-standard","5":"has-post-thumbnail","7":"category-libri","8":"tag-books","9":"tag-entertainment","10":"tag-intrattenimento","11":"tag-it","12":"tag-italia","13":"tag-italy","14":"tag-libri"},"share_on_mastodon":{"url":"","error":""},"_links":{"self":[{"href":"https:\/\/www.europesays.com\/it\/wp-json\/wp\/v2\/posts\/155883","targetHints":{"allow":["GET"]}}],"collection":[{"href":"https:\/\/www.europesays.com\/it\/wp-json\/wp\/v2\/posts"}],"about":[{"href":"https:\/\/www.europesays.com\/it\/wp-json\/wp\/v2\/types\/post"}],"author":[{"embeddable":true,"href":"https:\/\/www.europesays.com\/it\/wp-json\/wp\/v2\/users\/3"}],"replies":[{"embeddable":true,"href":"https:\/\/www.europesays.com\/it\/wp-json\/wp\/v2\/comments?post=155883"}],"version-history":[{"count":0,"href":"https:\/\/www.europesays.com\/it\/wp-json\/wp\/v2\/posts\/155883\/revisions"}],"wp:featuredmedia":[{"embeddable":true,"href":"https:\/\/www.europesays.com\/it\/wp-json\/wp\/v2\/media\/155884"}],"wp:attachment":[{"href":"https:\/\/www.europesays.com\/it\/wp-json\/wp\/v2\/media?parent=155883"}],"wp:term":[{"taxonomy":"category","embeddable":true,"href":"https:\/\/www.europesays.com\/it\/wp-json\/wp\/v2\/categories?post=155883"},{"taxonomy":"post_tag","embeddable":true,"href":"https:\/\/www.europesays.com\/it\/wp-json\/wp\/v2\/tags?post=155883"}],"curies":[{"name":"wp","href":"https:\/\/api.w.org\/{rel}","templated":true}]}}