{"id":155906,"date":"2025-10-09T17:41:11","date_gmt":"2025-10-09T17:41:11","guid":{"rendered":"https:\/\/www.europesays.com\/it\/155906\/"},"modified":"2025-10-09T17:41:11","modified_gmt":"2025-10-09T17:41:11","slug":"benetton-alla-fine-josh-flook-non-giochera-a-treviso","status":"publish","type":"post","link":"https:\/\/www.europesays.com\/it\/155906\/","title":{"rendered":"Benetton: alla fine Josh Flook non giocher\u00e0 a Treviso"},"content":{"rendered":"<p>Il centro australiano era il talento di punta del gruppo dei Reds arrivato per due mesi in biancoverde, ma la sua convocazione con i Wallabies ha complicato le cose<\/p>\n<p>\t\t\t\t\t\t<img fetchpriority=\"high\" decoding=\"async\" aria-describedby=\"caption-attachment-268993\" class=\"size-full wp-image-268993\" src=\"https:\/\/www.europesays.com\/it\/wp-content\/uploads\/2025\/10\/DSC_0070-ph.-S.pessina.jpg\" alt=\"\" width=\"800\" height=\"533\"  \/><\/p>\n<p id=\"caption-attachment-268993\" class=\"wp-caption-text\">Benetton: alla fine Josh Flook non giocher\u00e0 a Treviso \u2013 ph. Sebastiano Pessina<\/p>\n<p>Alla fine Josh Flook non indosser\u00e0 la maglia a strisce orizzontali bianche e verdi del Benetton Rugby.<\/p>\n<p>Il primo centro australiano, 24 anni, era il nome di punta del gruppetto di giocatori che sono arrivati a Treviso dai Reds grazie all\u2019accordo di partnership tra le due franchigie. Tuttavia, mentre i suoi compagni Richie Asiata e Louis Werchon hanno avuto l\u2019opportunit\u00e0 di scendere in campo con i veneti nelle prime due giornate di URC e puntano a farlo di nuovo nei prossimi turni, per lui alla fine non ci sar\u00e0 spazio a causa della convocazione con i Wallabies, con i quali \u00e8 sceso in campo nell\u2019ultima giornata del Rugby Championship contro la Nuova Zelanda.<\/p>\n<p>Lo ha raccontato Calum MacRae nel corso del rituale incontro virtuale con i media che il capo allenatore ha ogni settimana.<\/p>\n<p>Leggi anche:\u00a0<a title=\"Click to read\" href=\"https:\/\/www.onrugby.it\/2025\/10\/09\/benetton-calum-macrae-con-glasgow-bella-reazione-lions-pericolosi-in-transizione\/\" rel=\"nofollow noopener\" target=\"_blank\">Benetton, Calum MacRae: \u201cCon Glasgow bella reazione. Lions pericolosi in transizione\u201d<\/a><\/p>\n<p>\u201cQuando prendiamo un giocatore straniero qui a Treviso \u2013 ha spiegato il capo allenatore del Benetton \u2013 deve essere un giocatore di alto livello, non avrebbe senso prenderne uno dello stesso livello di uno italiano nello stesso ruolo. Non solo: vogliamo anche che abbia un profilo che si cala nel nostro modello di gioco e nel tipo di partite che deve disputare. \u00c8 un aspetto a cui io e Pete [Wilkins, allenatore dell\u2019attacco] guardiamo molto, specie in relazione alla fase offensiva.\u201d<\/p>\n<p>\u201cOrmai siamo arrivati alla terza partita di campionato e siamo coperti nel suo ruolo. In particolare Leonardo Marin \u00e8 tornato a disposizione dopo un infortunio e si \u00e8 preparato bene questa settimana. Per noi \u00e8 molto importante la consistenza in allenamento per poter competere per la selezione e proprio per questo motivo penso che ormai non ci sarebbe pi\u00f9 il tempo per Flook di arrivare e prendersi un posto in squadra.\u201d<\/p>\n<p>\u201cCredo comunque che la decisione di identificarlo come giocatore di nostro interesse sia stata giusta, anche se non giocher\u00e0 con noi perch\u00e9 ha avuto questa importante opportunit\u00e0 con i Wallabies, di cui quest\u2019anno era inizialmente un giocatore alla periferia della rosa.\u201d\t<\/p>\n<p>onrugby.it \u00a9 riproduzione riservata<\/p>\n<p>Cari Lettori,<\/p>\n<p>OnRugby, da oltre 10 anni, Vi offre gratuitamente un\u2019informazione puntuale e quotidiana sul<br \/>\n\t\t\t\t\t\t\t\tmondo della palla ovale. <b>Il nostro lavoro ha un costo che viene ripagato dalla pubblicit\u00e0, in particolare quella personalizzata.<\/b><\/p>\n<p>Quando Vi viene proposta l\u2019informativa sul rilascio di cookie o tecnologie simili, Vi chiediamo di sostenerci dando il Vostro consenso.<\/p>\n","protected":false},"excerpt":{"rendered":"Il centro australiano era il talento di punta del gruppo dei Reds arrivato per due mesi in biancoverde,&hellip;\n","protected":false},"author":3,"featured_media":145691,"comment_status":"","ping_status":"","sticky":false,"template":"","format":"standard","meta":{"footnotes":""},"categories":[1458],"tags":[1537,90,89,1840,245,244],"class_list":{"0":"post-155906","1":"post","2":"type-post","3":"status-publish","4":"format-standard","5":"has-post-thumbnail","7":"category-rugby","8":"tag-it","9":"tag-italia","10":"tag-italy","11":"tag-rugby","12":"tag-sport","13":"tag-sports"},"share_on_mastodon":{"url":"","error":""},"_links":{"self":[{"href":"https:\/\/www.europesays.com\/it\/wp-json\/wp\/v2\/posts\/155906","targetHints":{"allow":["GET"]}}],"collection":[{"href":"https:\/\/www.europesays.com\/it\/wp-json\/wp\/v2\/posts"}],"about":[{"href":"https:\/\/www.europesays.com\/it\/wp-json\/wp\/v2\/types\/post"}],"author":[{"embeddable":true,"href":"https:\/\/www.europesays.com\/it\/wp-json\/wp\/v2\/users\/3"}],"replies":[{"embeddable":true,"href":"https:\/\/www.europesays.com\/it\/wp-json\/wp\/v2\/comments?post=155906"}],"version-history":[{"count":0,"href":"https:\/\/www.europesays.com\/it\/wp-json\/wp\/v2\/posts\/155906\/revisions"}],"wp:featuredmedia":[{"embeddable":true,"href":"https:\/\/www.europesays.com\/it\/wp-json\/wp\/v2\/media\/145691"}],"wp:attachment":[{"href":"https:\/\/www.europesays.com\/it\/wp-json\/wp\/v2\/media?parent=155906"}],"wp:term":[{"taxonomy":"category","embeddable":true,"href":"https:\/\/www.europesays.com\/it\/wp-json\/wp\/v2\/categories?post=155906"},{"taxonomy":"post_tag","embeddable":true,"href":"https:\/\/www.europesays.com\/it\/wp-json\/wp\/v2\/tags?post=155906"}],"curies":[{"name":"wp","href":"https:\/\/api.w.org\/{rel}","templated":true}]}}