{"id":155911,"date":"2025-10-09T17:44:10","date_gmt":"2025-10-09T17:44:10","guid":{"rendered":"https:\/\/www.europesays.com\/it\/155911\/"},"modified":"2025-10-09T17:44:10","modified_gmt":"2025-10-09T17:44:10","slug":"annunciate-le-date-dei-test-prestagionali-di-inizio-2026","status":"publish","type":"post","link":"https:\/\/www.europesays.com\/it\/155911\/","title":{"rendered":"Annunciate le date dei test prestagionali di inizio 2026"},"content":{"rendered":"<p>Col campionato MotoGP 2025 gi\u00e0 assegnato, lo sguardo dei pi\u00f9 si \u00e8 gi\u00e0 spostato verso il 2026. Quest\u2019oggi sono state pubblicate le date dei test prestagionali in vista della prossima stagione, che si svolgeranno tra gennaio e febbraio.<\/p>\n<p>Le prime date da cerchiare in rosso sono quelle del 29, 30 e 31 gennaio. Al circuito di Sepang si svolger\u00e0 lo Shakedown Test in questa tre giorni, ovvero l\u2019anticipo delle prove collettive a cui potranno partecipare i tester, i debuttanti e i piloti dei marchi dotati delle concessioni tecniche maggiori, ovvero quelle riservate a chi sta nella fascia D della tabella stilata a fine 2023 (ovvero Honda e Yamaha, per il momento).<\/p>\n<p>Le giornate aperte indistintamente a tutti i piloti cominceranno a partire dal 3 febbraio fino al giorno 5, sempre sulla pista malese. Successivamente si svolger\u00e0, tra il 6 ed il 7 febbraio, la presentazione del campionato, in quel di Kuala Lumpur.<\/p>\n<p>Le ultime due giornate della preseason si svolgeranno a Buriram, per la precisione al Chang International Circuit, luogo di svolgimento del GP di Thailandia 2026 e <a href=\"https:\/\/www.p300.it\/motomondiale-pubblicato-il-calendario-2026-entra-il-brasile-pausa-per-largentina-nessuna-traccia-di-kazakistan-ed-india\/\" rel=\"nofollow noopener\" target=\"_blank\">del primo appuntamento stagionale<\/a>. Essi si terranno una settimana prima del Gran Premio, il 21 ed il 22 febbraio.<\/p>\n<p>Non andr\u00e0 comunque dimenticata la giornata di test del marted\u00ec successivo al Gran Premio della Comunit\u00e0 Valenciana, dove potremo gi\u00e0 assistere ai primi cambi di casacca e ai vari debutti sulle nuove moto.<\/p>\n<p>Fonte immagine: <a href=\"https:\/\/www.yamahamotogp.com\/media\/photo\/05-02-2025-malaysia-motogp-official-test\/day-3\" rel=\"nofollow noopener\" target=\"_blank\">yamahamotogp.com<\/a><\/p>\n<p>AVVISO: Se vuoi ricevere le notifiche dei nuovi articoli pubblicati, scegliendo tu per quali categorie abilitare gli avvisi, collegati al nostro <a href=\"https:\/\/t.me\/p300it_official\" rel=\"nofollow\">NUOVO GRUPPO TELEGRAM<\/a><\/p>\n<p class=\"disclaimer\">Stai visualizzando da visitatore. <a title=\"Accedi\" href=\"https:\/\/www.p300.it\/p300connect\" rel=\"nofollow noopener\" target=\"_blank\">Accedi<\/a> o <a title=\"Registrazione\" href=\"https:\/\/www.p300.it\/wp-login.php?action=register\" rel=\"nofollow noopener\" target=\"_blank\">registrati<\/a> per navigare su P300.it con alcuni <a title=\"I vantaggi della registrazione\" href=\"https:\/\/www.p300.it\/p300-it-i-vantaggi-della-registrazione\/\" rel=\"nofollow noopener\" target=\"_blank\">vantaggi<\/a><\/p>\n<p class=\"disclaimer\">\u00c8 vietata la riproduzione, anche se parziale, dei contenuti pubblicati su P300.it senza autorizzazione scritta da richiedere a info@p300.it.<\/p>\n<p> Supporta P300.it<\/p>\n<p style=\"text-align:center\">Se ti \u00e8 piaciuto questo articolo e vuoi sostenere il nostro lavoro, puoi aiutarci con un piccolo contributo.P300.it \u00e8 una realt\u00e0 totalmente indipendente, il tuo supporto \u00e8 per noi importante.<\/p>\n<p>SCEGLI IL TUO IMPORTO*<a title=\"Contribuisci con 1\u20ac\" class=\"donate\" href=\"https:\/\/www.paypal.me\/p300it\/1\" target=\"_blank\" rel=\"nofollow noopener\">1\u20ac<\/a><a title=\"Contribuisci con 3\u20ac\" class=\"donate\" href=\"https:\/\/www.paypal.me\/p300it\/3\" target=\"_blank\" rel=\"nofollow noopener\">3\u20ac<\/a><a title=\"Contribuisci con 5\u20ac\" class=\"donate\" href=\"https:\/\/www.paypal.me\/p300it\/5\" target=\"_blank\" rel=\"nofollow noopener\">5\u20ac<\/a><a title=\"Contribuisci con 10\u20ac\" class=\"donate\" href=\"https:\/\/www.paypal.me\/p300it\/10\" target=\"_blank\" rel=\"nofollow noopener\">10\u20ac<\/a><a title=\"Contribuisci con un importo a scelta\" class=\"donate\" href=\"https:\/\/www.paypal.me\/p300it\/\" target=\"_blank\" rel=\"nofollow noopener\">IMPORTO LIBERO<\/a>* L&#8217;operazione verr\u00e0 completata tramite PayPal, garantendo sicurezza alla transazione<\/p>\n","protected":false},"excerpt":{"rendered":"Col campionato MotoGP 2025 gi\u00e0 assegnato, lo sguardo dei pi\u00f9 si \u00e8 gi\u00e0 spostato verso il 2026. Quest\u2019oggi&hellip;\n","protected":false},"author":3,"featured_media":155912,"comment_status":"","ping_status":"","sticky":false,"template":"","format":"standard","meta":{"footnotes":""},"categories":[1455],"tags":[96382,1537,90,89,1783,1798,1785,1804,96383,96384,1805,96385,96386,1806,1784,1808,1809,96387,96388,245,244,96243,96389,96390],"class_list":{"0":"post-155911","1":"post","2":"type-post","3":"status-publish","4":"format-standard","5":"has-post-thumbnail","7":"category-moto","8":"tag-buriram","9":"tag-it","10":"tag-italia","11":"tag-italy","12":"tag-moto","13":"tag-moto-gp","14":"tag-motogp","15":"tag-motogp-2026","16":"tag-motogp-buriram","17":"tag-motogp-malesia","18":"tag-motogp-oggi","19":"tag-motogp-sepang","20":"tag-motogp-thailandia","21":"tag-motomondiale","22":"tag-motorcycle","23":"tag-news-motogp","24":"tag-p300","25":"tag-sepang","26":"tag-shakedown-test","27":"tag-sport","28":"tag-sports","29":"tag-test-motogp","30":"tag-test-motogp-2026","31":"tag-test-prestagionali-2026"},"share_on_mastodon":{"url":"","error":""},"_links":{"self":[{"href":"https:\/\/www.europesays.com\/it\/wp-json\/wp\/v2\/posts\/155911","targetHints":{"allow":["GET"]}}],"collection":[{"href":"https:\/\/www.europesays.com\/it\/wp-json\/wp\/v2\/posts"}],"about":[{"href":"https:\/\/www.europesays.com\/it\/wp-json\/wp\/v2\/types\/post"}],"author":[{"embeddable":true,"href":"https:\/\/www.europesays.com\/it\/wp-json\/wp\/v2\/users\/3"}],"replies":[{"embeddable":true,"href":"https:\/\/www.europesays.com\/it\/wp-json\/wp\/v2\/comments?post=155911"}],"version-history":[{"count":0,"href":"https:\/\/www.europesays.com\/it\/wp-json\/wp\/v2\/posts\/155911\/revisions"}],"wp:featuredmedia":[{"embeddable":true,"href":"https:\/\/www.europesays.com\/it\/wp-json\/wp\/v2\/media\/155912"}],"wp:attachment":[{"href":"https:\/\/www.europesays.com\/it\/wp-json\/wp\/v2\/media?parent=155911"}],"wp:term":[{"taxonomy":"category","embeddable":true,"href":"https:\/\/www.europesays.com\/it\/wp-json\/wp\/v2\/categories?post=155911"},{"taxonomy":"post_tag","embeddable":true,"href":"https:\/\/www.europesays.com\/it\/wp-json\/wp\/v2\/tags?post=155911"}],"curies":[{"name":"wp","href":"https:\/\/api.w.org\/{rel}","templated":true}]}}