{"id":155954,"date":"2025-10-09T18:15:11","date_gmt":"2025-10-09T18:15:11","guid":{"rendered":"https:\/\/www.europesays.com\/it\/155954\/"},"modified":"2025-10-09T18:15:11","modified_gmt":"2025-10-09T18:15:11","slug":"ho-vissuto-per-un-anno-con-un-seno-solo-avevo-la-febbre-a-42-ero-piu-morta-che-viva","status":"publish","type":"post","link":"https:\/\/www.europesays.com\/it\/155954\/","title":{"rendered":"\u00abHo vissuto per un anno con un seno solo, avevo la febbre a 42, ero pi\u00f9 morta che viva\u00bb"},"content":{"rendered":"<p>Disavventure con la chirurgia estetica. <strong><a href=\"https:\/\/www.leggo.it\/t\/eva-grimaldi\" rel=\"nofollow noopener\" target=\"_blank\">Eva Grimaldi<\/a><\/strong> ha raccontato a <strong><a href=\"https:\/\/www.leggo.it\/t\/la-volta-buona\" rel=\"nofollow noopener\" target=\"_blank\">La volta buona<\/a><\/strong> i sette interventi al seno a cui si \u00e8 sottoposta per avere un d\u00e9collet\u00e9 prosperoso.<\/p>\n<p>Nel salottino di Caterina Balivo l&#8217;attrice ha rivelato di aver trascorso <strong>un anno intero con una sola protesi poich\u00e9 l&#8217;altra si era infettata<\/strong> e il suo chirurgo non ha saputo agire tempestivamente e nel modo migliore per evitare peggioramenti. <\/p>\n","protected":false},"excerpt":{"rendered":"Disavventure con la chirurgia estetica. Eva Grimaldi ha raccontato a La volta buona i sette interventi al seno&hellip;\n","protected":false},"author":3,"featured_media":155955,"comment_status":"","ping_status":"","sticky":false,"template":"","format":"standard","meta":{"footnotes":""},"categories":[1451],"tags":[1621,1620,203,96408,204,1537,90,89,68601],"class_list":{"0":"post-155954","1":"post","2":"type-post","3":"status-publish","4":"format-standard","5":"has-post-thumbnail","7":"category-celebrita","8":"tag-celebrita","9":"tag-celebrities","10":"tag-entertainment","11":"tag-eva-grimaldi","12":"tag-intrattenimento","13":"tag-it","14":"tag-italia","15":"tag-italy","16":"tag-la-volta-buona"},"share_on_mastodon":{"url":"","error":""},"_links":{"self":[{"href":"https:\/\/www.europesays.com\/it\/wp-json\/wp\/v2\/posts\/155954","targetHints":{"allow":["GET"]}}],"collection":[{"href":"https:\/\/www.europesays.com\/it\/wp-json\/wp\/v2\/posts"}],"about":[{"href":"https:\/\/www.europesays.com\/it\/wp-json\/wp\/v2\/types\/post"}],"author":[{"embeddable":true,"href":"https:\/\/www.europesays.com\/it\/wp-json\/wp\/v2\/users\/3"}],"replies":[{"embeddable":true,"href":"https:\/\/www.europesays.com\/it\/wp-json\/wp\/v2\/comments?post=155954"}],"version-history":[{"count":0,"href":"https:\/\/www.europesays.com\/it\/wp-json\/wp\/v2\/posts\/155954\/revisions"}],"wp:featuredmedia":[{"embeddable":true,"href":"https:\/\/www.europesays.com\/it\/wp-json\/wp\/v2\/media\/155955"}],"wp:attachment":[{"href":"https:\/\/www.europesays.com\/it\/wp-json\/wp\/v2\/media?parent=155954"}],"wp:term":[{"taxonomy":"category","embeddable":true,"href":"https:\/\/www.europesays.com\/it\/wp-json\/wp\/v2\/categories?post=155954"},{"taxonomy":"post_tag","embeddable":true,"href":"https:\/\/www.europesays.com\/it\/wp-json\/wp\/v2\/tags?post=155954"}],"curies":[{"name":"wp","href":"https:\/\/api.w.org\/{rel}","templated":true}]}}