{"id":155958,"date":"2025-10-09T18:17:09","date_gmt":"2025-10-09T18:17:09","guid":{"rendered":"https:\/\/www.europesays.com\/it\/155958\/"},"modified":"2025-10-09T18:17:09","modified_gmt":"2025-10-09T18:17:09","slug":"chiara-e-federico-noi-libreria-periferica-ma-con-i-valori-al-centro","status":"publish","type":"post","link":"https:\/\/www.europesays.com\/it\/155958\/","title":{"rendered":"Chiara e Federico: \u00abNoi, libreria Periferica, ma con i valori al centro\u00bb"},"content":{"rendered":"<p>    di<br \/>\n    Lorenza Cerbini<\/p>\n<p class=\"summary-art is-line-h-12\">Chiara De Marco, Federico Quatraro: \u00abPromuoviamo l\u2019editoria indipendente\u00bb. Scelta culturale, sociale  e comunitaria nel borgo di Albinia sulla costa tirrenica. E-commerce e clienti in tutta Italia, ora l\u2019invito al Margini Fest di Grosseto<\/p>\n<p class=\"chapter-paragraph\">\u00abNon si diventa ricchi vendendo libri. Per realizzare Libreria Periferica ci siamo auto-finanziati e abbiamo costruito con le nostre mani scaffali e mobili\u00bb. Chiara De Marco, fiorentina, e Federico Quatraro, originario di Orbetello, oggi vivono con i loro gemelli ad Albinia, cittadina sulla costa tirrenica grossetana che conta quattromila residenti in inverno e quarantamila in estate. De Marco e Quatraro sono una coppia nella vita e negli affari.\u00a0<\/p>\n<p>    La sfida<\/p>\n<p class=\"chapter-paragraph\">\u00abPeriferica\u00bb  \u00e8 il loro progetto: una libreria dove trovano posto le proposte di oltre trenta editori indipendenti e (spesso) di nicchia. Aperta il 25 marzo 2017, Periferica \u00e8 l\u2019emblema di una scelta controcorrente. \u00abAbbiamo scommesso in un mestiere dato per morto e per di pi\u00f9 in una realt\u00e0 piccola e distante dai centri di potere. Periferica \u00e8 la nostra prima fonte di guadagno. Lavoriamo in conto vendita e i nostri libri non hanno una scadenza sugli scaffali. Con gli editori abbiamo instaurato un rapporto di fiducia\u00bb, dicono i due coniugi per i quali la parola successo non \u00e8 legata al solo denaro. Periferica \u00e8 l\u2019estensione del loro essere, un luogo \u00abdi aggregazione e socializzazione\u00bb dove i libri sono \u00abil\u00bb mezzo di comunicazione in cui credono, pi\u00f9 forte dei social, pi\u00f9 forte dei \u00ablike\u00bb. <br \/>Sugli scaffali si trovano titoli  fuori dalle consuete dinamiche di mercato. \u00abProponiamo l\u2019intero percorso di editori che si occupano di letteratura francese, tedesca o araba. Ognuno ha la sua impronta. C\u2019\u00e8 chi si dedica a volumi illustrati per adulti, chi ama i temi gotici o l\u2019underground e chi si occupa dei classici dimenticati\u00bb. Il lettore tipo? \u00abTante donne sopra i 40 anni. Di recente \u00e8 entrata una signora ultraottantenne da poco appassionatasi alla lettura e questo ci ha resi fieri. Capita di avere anche scrittori e critici letterari. Anche i turisti tornano, siamo la loro \u201clibreria al mare\u201d e vediamo le loro famiglie trasformarsi: i bimbi che crescono, gli adolescenti che diventano adulti\u00bb.    &#13;<br \/>\n&#13;<br \/>\n&#13;<br \/>\n&#13;<br \/>\n&#13;<br \/>\n&#13;<br \/>\n&#13;<br \/>\n&#13;<br \/>\n&#13;<br \/>\n&#13;<br \/>\n&#13;<br \/>\n&#13;<br \/>\n&#13;<br \/>\n&#13;<br \/>\n&#13;<br \/>\n&#13;<br \/>\n&#13;<br \/>\n&#13;<br \/>\n&#13;<br \/>\n&#13;<br \/>\n&#13;<br \/>\n&#13;<br \/>\n&#13;<br \/>\n&#13;<br \/>\n&#13;<br \/>\n&#13;<br \/>\n&#13;<br \/>\n&#13;<br \/>\n&#13;<br \/>\n&#13;<br \/>\n&#13;<br \/>\n&#13;<br \/>\n&#13;<br \/>\n&#13;<br \/>\n&#13;<br \/>\n&#13;<br \/>\n&#13;<br \/>\n&#13;<br \/>\n&#13;<br \/>\n&#13;<br \/>\n&#13;<br \/>\n&#13;<br \/>\n&#13;<br \/>\n&#13;<br \/>\n&#13;<br \/>\n&#13;<br \/>\n&#13;<br \/>\n&#13;<br \/>\n&#13;<br \/>\n&#13;<br \/>\n&#13;<br \/>\n&#13;<br \/>\n&#13;\n<\/p>\n<p>    L&#8217;Oca Bianca<\/p>\n<p class=\"chapter-paragraph\">Periferica porta nel nome  il frutto di una scelta precisa. \u00abQuando abbiamo iniziato a pianificare il nostro progetto \u2013 dice Quatraro &#8211; abbiamo scartato Firenze gi\u00e0 ricca di proposte e pure Orbetello, troppo chiusa, troppo immobile  mentre Albinia ci \u00e8 sembrata ideale, con una comunit\u00e0 attiva, aperta e soprattutto senza una libreria. Ci abbiamo scommesso\u00bb. Un ruolo lo ha giocato anche la fortuna. Periferica \u00e8 situata in un\u2019asse strategico: via Pascucci. Non \u00e8 la strada dello struscio, ma il crocevia culturale cittadino. Da una parte un centro olistico,  pi\u00f9 in l\u00e0 l\u2019associazione culturale Creature Creative e in angolo l\u2019Oca Bianca, \u00abnon un bar qualsiasi ma un motore di idee\u00bb. Il gemellaggio di anime \u00e8 stato (quasi) immediato. \u00abIntorno a noi  \u2013 dice De Marco &#8211; si \u00e8 creata una cerchia di persone che ci ha aiutato a crescere. Periferica \u00e8 un centro di aggregazione  orizzontale. Diamo spazio alle altre realt\u00e0 locali per esprimere le loro potenzialit\u00e0. Collaboriamo ad esempio con Agape Onlus, impegnata nel sociale, e gli eventi sono tutti gratuiti\u00bb.<\/p>\n<p class=\"chapter-paragraph\">Controtendenza<br \/>Anche la programmazione a Periferica \u00e8 in controtendenza, segue un ritmo opposto a quello delle stagioni. \u00abIn stand by in estate quando \u00e8 un via vai continuo di clienti vecchi e nuovi che ci scoprono attraverso i social e il passaparola. In inverno invece almeno un evento al mese \u00e8 dedicato ai bambini e uno agli adulti, oltre al gruppo di lettura che si riunisce da sei anni\u00bb. <br \/>Il momento pi\u00f9 difficile? \u00abDurante la pandemia. Per non mollare ci siamo inventati l\u2019abbonamento lunare: il lettore ci indica i suoi gusti, il budget di spesa e la cadenza con la quale vuole ricevere un libro. Noi scegliamo sulla base delle sue indicazioni. Abbiamo clienti in tutta Italia ed \u00e8 diventato un\u2019idea regalo per Natale e i compleanni\u00bb. Il progetto da realizzare? \u00abUn nostro e-commerce. Al momento siamo su Bookdealer\u00bb. L\u2019ultima grande soddisfazione? \u00abCi hanno invitati a Margini Fest, un festival di cultura hardcore e punk che da qualche anno si svolge a fine agosto a Grosseto. Raggruppa una nuova generazione di giovani con cui condividiamo ideali e valori\u00bb.<\/p>\n<p class=\"is-last-update\" datetime=\"2025-10-08T11:19:31+02:00\">9 ottobre 2025<\/p>\n<p class=\"is-copyright\">\n            \u00a9 RIPRODUZIONE RISERVATA\n        <\/p>\n","protected":false},"excerpt":{"rendered":"di Lorenza Cerbini Chiara De Marco, Federico Quatraro: \u00abPromuoviamo l\u2019editoria indipendente\u00bb. Scelta culturale, sociale e comunitaria nel borgo&hellip;\n","protected":false},"author":3,"featured_media":155959,"comment_status":"","ping_status":"","sticky":false,"template":"","format":"standard","meta":{"footnotes":""},"categories":[1445],"tags":[5713,29812,96411,1238,842,1608,104,40,96412,96413,665,72141,65670,59122,6985,96414,24276,277,96409,30230,203,1533,7217,96415,41838,3440,10117,204,47321,1537,90,89,46533,2461,1645,96416,1609,4047,13113,96417,23450,96418,20845,93993,2851,17299,96410,43883,3969,91308,1360,62425,1686,2258],"class_list":{"0":"post-155958","1":"post","2":"type-post","3":"status-publish","4":"format-standard","5":"has-post-thumbnail","7":"category-libri","8":"tag-adulti","9":"tag-aggregazione","10":"tag-albinia","11":"tag-aperta","12":"tag-bianca","13":"tag-books","14":"tag-centro","15":"tag-chiara","16":"tag-chiara-de","17":"tag-chiara-de-marco","18":"tag-clienti","19":"tag-clienti-italia","20":"tag-commerce","21":"tag-controtendenza","22":"tag-costa","23":"tag-costa-tirrenica","24":"tag-culturale","25":"tag-de","26":"tag-de-marco","27":"tag-editori","28":"tag-entertainment","29":"tag-estate","30":"tag-federico","31":"tag-federico-quatraro","32":"tag-fest","33":"tag-forte","34":"tag-grosseto","35":"tag-intrattenimento","36":"tag-inverno","37":"tag-it","38":"tag-italia","39":"tag-italy","40":"tag-lettore","41":"tag-lettura","42":"tag-libreria","43":"tag-libreria-periferica","44":"tag-libri","45":"tag-marco","46":"tag-margini","47":"tag-margini-fest","48":"tag-oca","49":"tag-oca-bianca","50":"tag-orbetello","51":"tag-periferica","52":"tag-progetto","53":"tag-proposte","54":"tag-quatraro","55":"tag-realizzare","56":"tag-realta","57":"tag-scaffali","58":"tag-scelta","59":"tag-scommesso","60":"tag-social","61":"tag-sociale"},"share_on_mastodon":{"url":"","error":""},"_links":{"self":[{"href":"https:\/\/www.europesays.com\/it\/wp-json\/wp\/v2\/posts\/155958","targetHints":{"allow":["GET"]}}],"collection":[{"href":"https:\/\/www.europesays.com\/it\/wp-json\/wp\/v2\/posts"}],"about":[{"href":"https:\/\/www.europesays.com\/it\/wp-json\/wp\/v2\/types\/post"}],"author":[{"embeddable":true,"href":"https:\/\/www.europesays.com\/it\/wp-json\/wp\/v2\/users\/3"}],"replies":[{"embeddable":true,"href":"https:\/\/www.europesays.com\/it\/wp-json\/wp\/v2\/comments?post=155958"}],"version-history":[{"count":0,"href":"https:\/\/www.europesays.com\/it\/wp-json\/wp\/v2\/posts\/155958\/revisions"}],"wp:featuredmedia":[{"embeddable":true,"href":"https:\/\/www.europesays.com\/it\/wp-json\/wp\/v2\/media\/155959"}],"wp:attachment":[{"href":"https:\/\/www.europesays.com\/it\/wp-json\/wp\/v2\/media?parent=155958"}],"wp:term":[{"taxonomy":"category","embeddable":true,"href":"https:\/\/www.europesays.com\/it\/wp-json\/wp\/v2\/categories?post=155958"},{"taxonomy":"post_tag","embeddable":true,"href":"https:\/\/www.europesays.com\/it\/wp-json\/wp\/v2\/tags?post=155958"}],"curies":[{"name":"wp","href":"https:\/\/api.w.org\/{rel}","templated":true}]}}