{"id":155981,"date":"2025-10-09T18:34:13","date_gmt":"2025-10-09T18:34:13","guid":{"rendered":"https:\/\/www.europesays.com\/it\/155981\/"},"modified":"2025-10-09T18:34:13","modified_gmt":"2025-10-09T18:34:13","slug":"non-ho-visto-la-giusta-reazione-nei-momenti-difficili","status":"publish","type":"post","link":"https:\/\/www.europesays.com\/it\/155981\/","title":{"rendered":"\u00abNon ho visto la giusta reazione nei momenti difficili\u00bb"},"content":{"rendered":"<p>Al PalaPrata di Prata di Pordenone, davanti a circa quattrocento spettatori, la Gas Sales Bluenergy \u00e8 stata superata per 3-1 (21-25, 25-19, 27-25, 25-19) dall\u2019ambiziosa Tinet Prata di Pordenone, formazione di A2, nel quarto allenamento congiunto stagionale. Vinto il primo set i biancorossi piano piano si sono adeguati al gioco degli avversari, nel terzo parziale sono stati avanti anche di sei lunghezze per poi venire superati ai vantaggi. Ventisei le battute sbagliate dai piacentini che hanno faticato anche in ricezione. Chiudono in doppia cifra Leon con 14 punti e Gutierrez con 10.<\/p>\n<p>Adesso la squadra \u00e8 attesa al torneo di Jesi sabato e domenica prossimi: in semifinale affronter\u00e0 sabato alle 17.30 Grottazzolina.<\/p>\n<p><strong>La cronaca<\/strong><\/p>\n<p>Coach Dante Boninfante in avvio ha schierato Porro e Leon in diagonale, Simon e Seddik al centro, Bergmann e Gutierrez alla banda, Loreti \u00e8 il libero. Assenti giustificati Galassi e Pace con la nazionale azzurra a Roma dal Presidente Mattarella. Coach Di Pietro nell\u2019altra parte del campo ha risposto con Alberini e Gamba in diagonale, schiacciatori Terpin ed Ernastowicz, centrali Katalan e Scopelliti, Benedicenti libero.<\/p>\n<p>Parziale che viaggia sui binari dell\u2019equilibrio fin dai primi scambi. Il primo tentativo di allungo \u00e8 di Gas Sales Bluenergy Volley Piacenza (11-13) ma Prata impatta a quota 13 per poi mettere la freccia con un ace (15-14). Sul 15 pari nuovo allungo biancorosso (15-17), un doppio vantaggio che Simon mantengono strada facendo, il primo di tre set point lo porta Gutierrez (21-24) che poi chiude alla prima occasione.<\/p>\n<p>In campo ora c\u2019\u00e8 Andringa per Gutierrez e Comparoni per Simon, i biancorossi sul 6 pari subiscono l\u2019allungo dei padroni di casa, l\u2019ace di Gamba vale il pi\u00f9 sei (15-9). Muro su Leon e sono sette le lunghezze di vantaggio dei friulani che chiudono al secondo set point utile ringraziando per una battuta lunga di Leon.<\/p>\n<p>Travica, entrato a met\u00e0 del set precedente, resta in campo. E con lui ritorna Gutierrez per Bergmann. Parte subito forte Gas Sales Bluenergy Volley Piacenza (7-11) con coach Di Pietro a chiamare time out. Si vedono buoni scambi in campo, l\u2019ace di Leon vale il pi\u00f9 sei (11-17), l\u2019ace di Terpin riporta sotto i suoi (17-20) che trovano la parit\u00e0 a quota 21. Nuova parit\u00e0 a quota 23, il set point \u00e8 biancorosso (23-24) annullato dalla battuta in rete di Seddik, secondo set point con Comparoni (24-25) annullato da Katalan che poi consegna ai suoi il set point con un ace. Si chiude sull\u2019attacco out di Leon.<\/p>\n<p>Alla formazione friulana riesce tutto o quasi tutto e guida le danze (8-6), il muro secco di Fusaro sull\u2019attacco di Seddik porta a quattro le lunghezze di vantaggio dei suoi (16-12) con Boninfante che stoppa tutto e chiama tempo. Continua la marcia dei padroni di casa (22-18), arriva il primo di cinque match ball (24-19), si chiude con l\u2019attacco out biancorosso.<\/p>\n<p><strong>Dante Boninfante: <\/strong>\u00abAbbiamo affrontato una squadra che ha giocato molto bene, noi non abbiamo certamente fatto la nostra migliore partita ma volevo vedere in campo chi fino adesso c\u2019\u00e8 stato meno. La cosa che mi dispiace di pi\u00f9 e su cui dovremo lavorare parecchio \u00e8 non avere visto la giusta reazione nei momenti di difficolt\u00e0 e queste situazioni nel campionato ci saranno sicuramente\u00bb.<\/p>\n<p><strong>Tinet Prata di Pordenone &#8211; Gas Sales Bluenergy Volley Piacenza 3-1<\/strong><\/p>\n<p><strong>(21-25, 25-19, 27-25, 25-19)\u00a0<\/strong><\/p>\n<p><strong>Tinet Prata di Pordenone: <\/strong>Terpin 10, Scopelliti 3, Gamba 16, Ernastowicz 10, Katalan 12, Albertini 1, Benedicenti (L), Pillon, Aiello (L), Meneghel 1, Umek 3, Bruno 1, Fusaro 6. All. Di Pietro.<\/p>\n<p><strong>Gas Sales Bluenergy Volley Piacenza: <\/strong>Porro 1, Gutierrez 10, Seddik 7, Leon 14, Bergmann 7, Simon 3, Loreti (L), Comparoni 7, Andringa 4, Travica. Ne: Bovolenta. All. Boninfante.<\/p>\n<p><strong>Note: <\/strong>durata set 24\u2019, 25\u2019, 28\u2019 e 24\u2019 per un totale di 101\u2019. Tinet Prata di Pordenone: battute sbagliate 23, ace 9, muri punto 7, errori in attacco 12, ricezione 62% (29% perfette), attacco 47%. Gas Sales Bluenergy Volley Piacenza: battute sbagliate 26, ace 3, muri punto 6, errori in attacco 8, ricezione 46% (18% perfette), attacco 44%.<\/p>\n","protected":false},"excerpt":{"rendered":"Al PalaPrata di Prata di Pordenone, davanti a circa quattrocento spettatori, la Gas Sales Bluenergy \u00e8 stata superata&hellip;\n","protected":false},"author":3,"featured_media":155982,"comment_status":"","ping_status":"","sticky":false,"template":"","format":"standard","meta":{"footnotes":""},"categories":[1474],"tags":[18202,1537,90,89,96420,245,244,1869],"class_list":{"0":"post-155981","1":"post","2":"type-post","3":"status-publish","4":"format-standard","5":"has-post-thumbnail","7":"category-volley","8":"tag-gas-sales-bluenergy","9":"tag-it","10":"tag-italia","11":"tag-italy","12":"tag-prata-di-pordenone","13":"tag-sport","14":"tag-sports","15":"tag-volley"},"share_on_mastodon":{"url":"","error":""},"_links":{"self":[{"href":"https:\/\/www.europesays.com\/it\/wp-json\/wp\/v2\/posts\/155981","targetHints":{"allow":["GET"]}}],"collection":[{"href":"https:\/\/www.europesays.com\/it\/wp-json\/wp\/v2\/posts"}],"about":[{"href":"https:\/\/www.europesays.com\/it\/wp-json\/wp\/v2\/types\/post"}],"author":[{"embeddable":true,"href":"https:\/\/www.europesays.com\/it\/wp-json\/wp\/v2\/users\/3"}],"replies":[{"embeddable":true,"href":"https:\/\/www.europesays.com\/it\/wp-json\/wp\/v2\/comments?post=155981"}],"version-history":[{"count":0,"href":"https:\/\/www.europesays.com\/it\/wp-json\/wp\/v2\/posts\/155981\/revisions"}],"wp:featuredmedia":[{"embeddable":true,"href":"https:\/\/www.europesays.com\/it\/wp-json\/wp\/v2\/media\/155982"}],"wp:attachment":[{"href":"https:\/\/www.europesays.com\/it\/wp-json\/wp\/v2\/media?parent=155981"}],"wp:term":[{"taxonomy":"category","embeddable":true,"href":"https:\/\/www.europesays.com\/it\/wp-json\/wp\/v2\/categories?post=155981"},{"taxonomy":"post_tag","embeddable":true,"href":"https:\/\/www.europesays.com\/it\/wp-json\/wp\/v2\/tags?post=155981"}],"curies":[{"name":"wp","href":"https:\/\/api.w.org\/{rel}","templated":true}]}}