{"id":156042,"date":"2025-10-09T19:17:10","date_gmt":"2025-10-09T19:17:10","guid":{"rendered":"https:\/\/www.europesays.com\/it\/156042\/"},"modified":"2025-10-09T19:17:10","modified_gmt":"2025-10-09T19:17:10","slug":"4-milioni-di-investimenti-per-il-colosso","status":"publish","type":"post","link":"https:\/\/www.europesays.com\/it\/156042\/","title":{"rendered":"4 milioni di investimenti per il colosso"},"content":{"rendered":"<p>Netflix ha deciso di <strong>investire<\/strong> nel Cinema Europa, che grazie alla partnership tra il colosso dello streaming e il Csc torna a rinascere. Netflix infatti sar\u00e0 partner del progetto per la ricostruzione e la gestione dei locali. Si tratta di un\u2019intesa di cinque anni per un valore di 4 milioni di euro. Nel progetto anche attivit\u00e0 culturali e formative, che confermano la volont\u00e0 di non inserirsi nel tessuto romano come una sponsorizzazione di facciata, ma di partecipare in maniera attiva alla <strong>costruzione di un laboratorio<\/strong> dove esperienza e linguaggi potranno contaminarsi.<\/p>\n<p>L\u2019annuncio arriva in una conferenza stampa dal ministro della Cultura Alessandro Giuli. Il co-ceo di Netflix, Ted Sarandos, ha dichiarato che sar\u00e0 un esempio concreto della collaborazione tra pubblico e privato. La dichiarazione e l\u2019impegno sembrano scongiurare quella che \u00e8 una crisi delle sale cinematografiche, soppiantate dallo streaming. Sarandos ha infatti dichiarato che tale iniziativa vuole mostrare il costante impegno verso l\u2019industria audiovisiva locale e \u201cla volont\u00e0 di garantire che la magia del racconto italiano continui ad affascinare il pubblico per le generazioni a venire\u201d.\n<\/p>\n<p>Rinasce il Cinema Europa a Roma<\/p>\n<p>La pandemia di coronavirus aveva decretato la <strong>chiusura del Cinema Europa<\/strong> a Roma, una sala storica che 120 anni fa, il 20 settembre 1905, aveva proiettato per la prima volta un film di finzione: \u201cLa presa di Roma\u201d di Filoteo Alberini. La sua chiusura non rimase confinata al circuito dell\u2019audiovisivo: se ne parl\u00f2 molto per via dell\u2019impatto anche emotivo che ebbe nel periodo storico in cui accadde. Non fu soltanto l\u2019aspetto pandemico, ma anche la <a href=\"https:\/\/quifinanza.it\/economia\/cinema-italiano-trump-dazi-film\/907703\/\" rel=\"nofollow noopener\" target=\"_blank\">crisi del cinema<\/a> con l\u2019avvento delle piattaforme di streaming sempre pi\u00f9 potenti.<\/p>\n<p>Ed \u00e8 proprio da una di queste, insieme al Centro Sperimentale di Cinematografia (Csc), che rinasce il Cinema Europa. <a href=\"https:\/\/quifinanza.it\/lavoro\/piattaforme-streaming-contratti-artisti\/883087\/\" rel=\"nofollow noopener\" target=\"_blank\">Netflix<\/a> infatti ha annunciato insieme al ministro della Cultura e al Csc una partnership storica per la riapertura e la promozione della cultura audiovisiva. Diventer\u00e0, dal progetto che \u00e8 stato presentato, uno spazio culturale, di formazione e di valorizzazione del patrimonio cinematografico.<\/p>\n<p>Il progetto prevede un <strong>investimento<\/strong> da parte di Netflix e una gestione e programmazione della sala da parte del Centro. Sar\u00e0 un luogo di incontro per studenti, autori e spettatori, e un vero e proprio laboratorio dove fare esperienza e far incontrare linguaggi.<\/p>\n<p>Quando aprir\u00e0?<\/p>\n<p>Durante la presentazione \u00e8 stato sottolineato che non sar\u00e0 una deriva commerciale, ma piuttosto un modo per far convivere memoria e innovazione. Per un simile progetto c\u2019\u00e8 bisogno di tempo. Infatti andranno <strong>ristrutturati e gestiti<\/strong> gli spazi di propriet\u00e0 dell\u2019Inps, finora sotto la gestione di De Laurentiis con la societ\u00e0 Olimpia 80.<\/p>\n<p>L\u2019investimento servir\u00e0 proprio a una riapertura in grande, ma servir\u00e0 ancora del tempo. Secondo quanto dichiarato, potrebbe avvenire<strong> fra circa un anno<\/strong>. Sono i tempi della burocrazia, quelli necessari per avere i permessi e ottemperare alle prescrizioni del codice degli appalti.<\/p>\n<p>L\u2019investimento di Netflix<\/p>\n<p>Netflix investir\u00e0 <strong>4 milioni di euro<\/strong> per lo spazio culturale senza un piano di rientro. Si parla solo di un investimento iniziale: il colosso dello streaming potrebbe infatti proseguire con nuovi interventi e nei prossimi anni ripresentarsi come partner.<\/p>\n<p>Infatti, al momento il progetto si svilupper\u00e0 in cinque anni, ma se dovesse dare i risultati sperati, potrebbe trattarsi di una partnership tra pubblico e privato di lunga durata.<\/p>\n<p>L\u2019impatto del big dello streaming sul settore<\/p>\n<p><strong>Ted Sarandos<\/strong>, il co-ceo presente durante l\u2019annuncio, ha spiegato che non si tratta di un investimento casuale. Personalmente \u00e8 stato in Italia diverse volte, ma questa occasione \u00e8 speciale perch\u00e9 coincide col decimo anniversario da quando la piattaforma \u00e8 attiva sul territorio. Ormai le produzioni italiane sono tante e anche di successo, ma Sarandos ha fatto sapere che vogliono coprire tutte le regioni italiane. Dal 2015 a oggi sono gi\u00e0 state coinvolte 100 citt\u00e0 con oltre 1.000 titoli prodotti.<\/p>\n<p>Da \u201cSuburra\u201d a Roma, da \u201cLidia Poet\u201d a Torino, da \u201c\u00c8 stata la mano di Dio\u201d a Napoli fino a \u201cIl Gattopardo\u201d in Sicilia, mancano ancora tanti racconti. Il co-ceo ha quindi fatto sapere qual \u00e8 l\u2019impatto reale e lavorativo di Netflix sul settore dell\u2019audiovisivo. I dati, in quattro anni, sono di <strong>5.500 opportunit\u00e0 di lavoro<\/strong> e 1,1 miliardi di euro di valore aggiunto all\u2019economia italiana.<\/p>\n","protected":false},"excerpt":{"rendered":"Netflix ha deciso di investire nel Cinema Europa, che grazie alla partnership tra il colosso dello streaming e&hellip;\n","protected":false},"author":3,"featured_media":156043,"comment_status":"","ping_status":"","sticky":false,"template":"","format":"standard","meta":{"footnotes":""},"categories":[174],"tags":[19608,203,204,1537,90,89,190,3166],"class_list":{"0":"post-156042","1":"post","2":"type-post","3":"status-publish","4":"format-standard","5":"has-post-thumbnail","7":"category-intrattenimento","8":"tag-alessandro-giuli","9":"tag-entertainment","10":"tag-intrattenimento","11":"tag-it","12":"tag-italia","13":"tag-italy","14":"tag-lavoro","15":"tag-netflix"},"share_on_mastodon":{"url":"","error":""},"_links":{"self":[{"href":"https:\/\/www.europesays.com\/it\/wp-json\/wp\/v2\/posts\/156042","targetHints":{"allow":["GET"]}}],"collection":[{"href":"https:\/\/www.europesays.com\/it\/wp-json\/wp\/v2\/posts"}],"about":[{"href":"https:\/\/www.europesays.com\/it\/wp-json\/wp\/v2\/types\/post"}],"author":[{"embeddable":true,"href":"https:\/\/www.europesays.com\/it\/wp-json\/wp\/v2\/users\/3"}],"replies":[{"embeddable":true,"href":"https:\/\/www.europesays.com\/it\/wp-json\/wp\/v2\/comments?post=156042"}],"version-history":[{"count":0,"href":"https:\/\/www.europesays.com\/it\/wp-json\/wp\/v2\/posts\/156042\/revisions"}],"wp:featuredmedia":[{"embeddable":true,"href":"https:\/\/www.europesays.com\/it\/wp-json\/wp\/v2\/media\/156043"}],"wp:attachment":[{"href":"https:\/\/www.europesays.com\/it\/wp-json\/wp\/v2\/media?parent=156042"}],"wp:term":[{"taxonomy":"category","embeddable":true,"href":"https:\/\/www.europesays.com\/it\/wp-json\/wp\/v2\/categories?post=156042"},{"taxonomy":"post_tag","embeddable":true,"href":"https:\/\/www.europesays.com\/it\/wp-json\/wp\/v2\/tags?post=156042"}],"curies":[{"name":"wp","href":"https:\/\/api.w.org\/{rel}","templated":true}]}}