{"id":156063,"date":"2025-10-09T19:36:14","date_gmt":"2025-10-09T19:36:14","guid":{"rendered":"https:\/\/www.europesays.com\/it\/156063\/"},"modified":"2025-10-09T19:36:14","modified_gmt":"2025-10-09T19:36:14","slug":"valentina-ruggeri-il-mondo-dello-spettacolo-almeno-in-italia-da-quasi-per-scontato-che-tu-dopo-la-gravidanza-abbia-concluso-la-tua-carriera","status":"publish","type":"post","link":"https:\/\/www.europesays.com\/it\/156063\/","title":{"rendered":"Valentina Ruggeri: \u00abIl mondo dello spettacolo, almeno in Italia, d\u00e0 quasi per scontato che tu, dopo la gravidanza, abbia concluso la tua carriera\u00bb"},"content":{"rendered":"<p><strong>Per\u00f2, ora lei qui, con me, a parlare di una serie in cui figura tra le protagoniste.<\/strong><\/p>\n<p>\u00abNon mi sono voluta arrendere all&#8217;idea che <a href=\"https:\/\/www.vanityfair.it\/article\/ilaria-dondi-identita-delle-donne-definita-dal-loro-essere-o-non-essere-madri\" target=\"_blank\" rel=\"nofollow noopener\">l&#8217;amore per mio figlio e queste difficolt\u00e0 potessero portarmi a rinunciare al mio lavoro<\/a>. Lui merita una madre felice, appagata, che lotta e che riesce a raggiungere i suoi sogni. \u00c8 molto importante che lui, tramite il mio esempio, impari questo dalla vita\u00bb.<\/p>\n<p><strong>Prima accennava a suo marito. Sono moltissime le donne che sentono che il peso della gestione familiare sia completamente a carico loro. Non mi sembra che per lei sia cos\u00ec.<\/strong><\/p>\n<p>\u00abAssolutamente no. <a href=\"https:\/\/www.vanityfair.it\/article\/lavoro-cresce-numero-padri-che-si-dimettono-per-prendersi-cura-dei-figli-congedo-parentale-esteso\" target=\"_blank\" rel=\"nofollow noopener\">Ognuno gestisce nostro figlio in base agli impegni e alle incombenze che ha<\/a>. Se io devo partire per lavoro, stare fuori settimane, si occupa di tutto mio marito e viceversa. Certo, non sempre funziona : abbiamo le famiglie lontane e quando ci sono le incombenze dell&#8217;ultimo minuto, diventa tutto molto complicato. Senza contare che, a differenza del passato, non c&#8217;\u00e8 pi\u00f9 una comunit\u00e0 che ti d\u00e0 una mano in questi casi: <a href=\"https:\/\/www.vanityfair.it\/article\/donne-lavoro-elisa-lupo-servono-servizi-per-famiglie-non-solo-per-lavoratrici\" target=\"_blank\" rel=\"nofollow noopener\">\u00e8 svanita senza che nulla la sostituisse<\/a>. Quindi, se non riesci a trovare una soluzione, sei completamente solo\u00bb.<\/p>\n<p><strong>Come dice il detto inglese: \u201cCi vuole un villaggio per crescere un bambino\u201d.<\/strong><\/p>\n<p>\u00abEsatto. Peccato che viviamo in una societ\u00e0 sempre pi\u00f9 individualista che, quando sei giovane e single, forse, potrebbe calzarti a pennello, quando hai una famiglia e gli affetti lontani \u00e8 l&#8217;ultima cosa che vorresti. Anzi, avere un figlio, in una societ\u00e0 cos\u00ec, sembra quasi un atto di ribellione\u00bb.<\/p>\n<p><strong>Quali lati di s\u00e9 ha scoperto dopo essere diventata mamma?<\/strong><\/p>\n<p>\u00abNel mio caso, credo di aver eliminato il superfluo. Ho proprio la sensazione che il mio cervello abbia fatto pulizia delle cose meno importanti e abbia messo in priorit\u00e0 tutte le altre. Adesso, anche sul lavoro, mi sento molto pi\u00f9 concreta, pi\u00f9 vera. Non mi perdo pi\u00f9 dietro alle paranoie, alla paura di come apparir\u00f2. Mi concentro finalmente sulla mia performance, sul fare al meglio quello che mi viene chiesto. E ci si sente davvero bene\u00bb.<\/p>\n<p><strong>Ha smesso di preoccuparsi quindi?<\/strong><\/p>\n<p>\u00abVorrei fosse cos\u00ec, ma purtroppo no. Nel nostro lavoro, non sai mai cosa accade domani e questo, negli anni, ho imparato a gestirlo un po&#8217; meglio. Come si dice? Ho imparato a essere amica dell&#8217;incertezza, per\u00f2 il punto \u00e8 che non vorrei pi\u00f9 provarla, vorrei avere maggiore serenit\u00e0. Perch\u00e9 quando entri in una spirale positiva di tranquillit\u00e0, questa si autoalimenta e gli effetti si vedono\u00bb.<\/p>\n<p><strong>Altri desideri per il futuro?<\/strong><\/p>\n<p>\u00abL&#8217;avverto, questo che sto per dire \u00e8 un po&#8217; da anzianotta\u00bb.<\/p>\n<p><strong>Prego.<\/strong><\/p>\n<p>\u00abVorrei la salute per me e per i miei cari. E poi la capacit\u00e0 di saper reggere l&#8217;onda d&#8217;urto delle avversit\u00e0 della vita. Saper essere pi\u00f9 resilienti\u00bb.<\/p>\n<p><strong>In che momento della sua vita si trova?<\/strong><\/p>\n<p>\u00abSono pronta alle grandi passerelle, ai grandi premi. Insomma, sono davvero pronta a tutto ora\u00bb.<\/p>\n","protected":false},"excerpt":{"rendered":"Per\u00f2, ora lei qui, con me, a parlare di una serie in cui figura tra le protagoniste. \u00abNon&hellip;\n","protected":false},"author":3,"featured_media":156064,"comment_status":"","ping_status":"","sticky":false,"template":"","format":"standard","meta":{"footnotes":""},"categories":[1451],"tags":[1621,1620,203,1232,204,1537,90,89,190,6959,12571,2848,9100],"class_list":{"0":"post-156063","1":"post","2":"type-post","3":"status-publish","4":"format-standard","5":"has-post-thumbnail","7":"category-celebrita","8":"tag-celebrita","9":"tag-celebrities","10":"tag-entertainment","11":"tag-gravidanza","12":"tag-intrattenimento","13":"tag-it","14":"tag-italia","15":"tag-italy","16":"tag-lavoro","17":"tag-maternita","18":"tag-psicologia","19":"tag-rai","20":"tag-serie-tv"},"share_on_mastodon":{"url":"","error":""},"_links":{"self":[{"href":"https:\/\/www.europesays.com\/it\/wp-json\/wp\/v2\/posts\/156063","targetHints":{"allow":["GET"]}}],"collection":[{"href":"https:\/\/www.europesays.com\/it\/wp-json\/wp\/v2\/posts"}],"about":[{"href":"https:\/\/www.europesays.com\/it\/wp-json\/wp\/v2\/types\/post"}],"author":[{"embeddable":true,"href":"https:\/\/www.europesays.com\/it\/wp-json\/wp\/v2\/users\/3"}],"replies":[{"embeddable":true,"href":"https:\/\/www.europesays.com\/it\/wp-json\/wp\/v2\/comments?post=156063"}],"version-history":[{"count":0,"href":"https:\/\/www.europesays.com\/it\/wp-json\/wp\/v2\/posts\/156063\/revisions"}],"wp:featuredmedia":[{"embeddable":true,"href":"https:\/\/www.europesays.com\/it\/wp-json\/wp\/v2\/media\/156064"}],"wp:attachment":[{"href":"https:\/\/www.europesays.com\/it\/wp-json\/wp\/v2\/media?parent=156063"}],"wp:term":[{"taxonomy":"category","embeddable":true,"href":"https:\/\/www.europesays.com\/it\/wp-json\/wp\/v2\/categories?post=156063"},{"taxonomy":"post_tag","embeddable":true,"href":"https:\/\/www.europesays.com\/it\/wp-json\/wp\/v2\/tags?post=156063"}],"curies":[{"name":"wp","href":"https:\/\/api.w.org\/{rel}","templated":true}]}}