{"id":156065,"date":"2025-10-09T19:37:21","date_gmt":"2025-10-09T19:37:21","guid":{"rendered":"https:\/\/www.europesays.com\/it\/156065\/"},"modified":"2025-10-09T19:37:21","modified_gmt":"2025-10-09T19:37:21","slug":"da-un-sottotetto-abbandonato-nasce-un-loft-vista-lago-dallatmosfera-minimale-e-rarefatta","status":"publish","type":"post","link":"https:\/\/www.europesays.com\/it\/156065\/","title":{"rendered":"Da un sottotetto abbandonato nasce un loft vista lago dall\u2019atmosfera minimale e rarefatta"},"content":{"rendered":"<p>Nei pressi del Lago Maggiore un appartamento sospeso tra verde e azzurro racconta come uno spazio inutilizzato e con limiti strutturali possa rivelare dei punti di forza nascosti.<\/p>\n<p><a href=\"https:\/\/www.pianetadesign.it\/galleria\/538878\" data-wpel-link=\"internal\" rel=\"nofollow noopener\" target=\"_blank\"><img loading=\"lazy\" decoding=\"async\" class=\"size-full wp-image-538901\" title=\"Da un sottotetto abbandonato nasce un loft vista lago dall\u2019atmosfera minimale e rarefatta\" src=\"https:\/\/www.europesays.com\/it\/wp-content\/uploads\/2025\/10\/CASA-G-GIANO-HD-Davide-Galli-Fotografo-17.jpg\"   alt=\"Da un sottotetto abbandonato nasce un loft vista lago dall\u2019atmosfera minimale e rarefatta\" width=\"1152\" height=\"768\"\/><\/a>Foto Davide Galli<\/p>\n<p>Chiss\u00e0 come sarebbe felice Cosimo Piovasco di Rond\u00f2, ovvero il protagonista de Il Barone Rampante di Italo Calvino, nel sapere che \u00e8 stato di ispirazione per il progetto firmato dall\u2019architetto <strong>Filippo Giano<\/strong>.<\/p>\n<blockquote>\n<p>Ho immaginato che alla fine del romanzo, il protagonista, stanco dopo tanto pellegrinare tra i rami, si fosse effettivamente ritirato in una dimora pi\u00f9 solida ma pur sempre a contatto visivo e fisico con la natura che amava<\/p>\n<\/blockquote>\n<p>racconta Giano, che dal 2016 opera fra <strong>Milano<\/strong> e il <strong>Lago Maggiore<\/strong> occupandosi di progettazione, ristrutturazione e interni in ambito residenziale, ufficio e retail.<\/p>\n<p>Eremo Cosimo consiste nel recupero di un ambiente <strong>sottotetto<\/strong> rimasto vuoto dagli anni Ottanta, affacciato tra gli alberi e la natura del giardino della casa famigliare su cui \u00e8 costruito. L\u2019appartamento si trova a <strong>Paruzzaro<\/strong>, nella provincia di Novara, in una zona collinare dell\u2019alto Novarese al confine tra il Lago d\u2019Orta e il Lago Maggiore. Quest\u2019area \u00e8 conosciuta come la Porta del Vergante, digradante verso la sponda occidentale del Lago Maggiore. Da qui si godono splendide vedute sullo specchio d\u2019acqua e sulle Prealpi, in buona compagnia di un clima piacevole.<\/p>\n<p>Le caratteristiche di partenza<br \/>\n<a href=\"https:\/\/www.pianetadesign.it\/galleria\/538878\" data-wpel-link=\"internal\" rel=\"nofollow noopener\" target=\"_blank\"><img loading=\"lazy\" decoding=\"async\" class=\"size-full wp-image-538910\" title=\"Da un sottotetto abbandonato nasce un loft vista lago dall\u2019atmosfera minimale e rarefatta\" src=\"https:\/\/www.europesays.com\/it\/wp-content\/uploads\/2025\/10\/CASA-G-GIANO-HD-Davide-Galli-Fotografo-18-FILEminimizer.jpg\"   alt=\"Da un sottotetto abbandonato nasce un loft vista lago dall\u2019atmosfera minimale e rarefatta\" width=\"800\" height=\"1200\"\/><\/a>Foto Davide Galli<\/p>\n<p>Immaginiamo una sorta di scatola delimitata da pesanti solai e da una copertura in cemento armato, lasciata completamente vuota per anni. Senza partizioni o divisori, senza stanze n\u00e9 impianti. Si potrebbe pensare sia il paradiso del progettista, invece no: per quanto vuota, la planimetria dello spazio presentava degli <strong>importanti vincoli<\/strong>, come le finestrature in parte esistenti, la posizione dei volumi degli abbaini, le colonne portanti. Inoltre, materiali grezzi, mattoni, cemento e casseri in legno abbandonati caratterizzavano lo spazio. Cosa ha convinto riguardo il valore del recupero? Una <strong>fortunata esposizione al sole<\/strong> per l\u2019intero arco della giornata e una <strong>vista straordinaria sugli alberi e sulla natura<\/strong> circostante sono stati due ottimi motivi per intraprendere la ristrutturazione con fiducia, nonostante le difficolt\u00e0 iniziali.<\/p>\n<p>Un\u2019organizzazione ottimizzata<br \/>\n<a href=\"https:\/\/www.pianetadesign.it\/galleria\/538878\" data-wpel-link=\"internal\" rel=\"nofollow noopener\" target=\"_blank\"><img loading=\"lazy\" decoding=\"async\" class=\"size-full wp-image-538892\" title=\"Da un sottotetto abbandonato nasce un loft vista lago dall\u2019atmosfera minimale e rarefatta\" src=\"https:\/\/www.europesays.com\/it\/wp-content\/uploads\/2025\/10\/CASA-G-GIANO-HD-Davide-Galli-Fotografo-04.jpg\"   alt=\"Da un sottotetto abbandonato nasce un loft vista lago dall\u2019atmosfera minimale e rarefatta\" width=\"1152\" height=\"768\"\/><\/a>Foto Davide Galli<\/p>\n<p>L\u2019appartamento,\u00a0di circa <strong>160 metri quadrati<\/strong>, \u00e8 composto da soggiorno e cucina, un angolo per il lavoro e lo studio, la camera da letto con cabina armadio e il bagno. La distribuzione degli spazi \u00e8 stata progettata per trovare il giusto compromesso tra i vincoli dell\u2019esistente e le nuove necessit\u00e0 funzionali. L\u2019ingresso d\u00e0 sulla zona giorno, ampia e luminosa, che si apre sul balcone panoramico. Le aree sociali sono ariose, aperte e fluide, mentre le aree della zona notte offrono una maggiore intimit\u00e0. Sfruttando angoli, pendenze e vuoti, gli arredi fissi progettati su misura delimitano gli spazi e completano le funzioni d\u2019uso, con particolare attenzione ai locali di servizio, che occupano la restante superficie.<\/p>\n<p>Scorci di luce scenografici<br \/>\n<a href=\"https:\/\/www.pianetadesign.it\/galleria\/538878\" data-wpel-link=\"internal\" rel=\"nofollow noopener\" target=\"_blank\"><img loading=\"lazy\" decoding=\"async\" class=\"size-full wp-image-538903\" title=\"Da un sottotetto abbandonato nasce un loft vista lago dall\u2019atmosfera minimale e rarefatta\" src=\"https:\/\/www.europesays.com\/it\/wp-content\/uploads\/2025\/10\/CASA-G-GIANO-HD-Davide-Galli-Fotografo-23.jpg\"   alt=\"Da un sottotetto abbandonato nasce un loft vista lago dall\u2019atmosfera minimale e rarefatta\" width=\"900\" height=\"1200\"\/><\/a>Foto Davide Galli<\/p>\n<p>Di giorno, la luce naturale ruota libera per tutto il suo arco dall\u2019alba al tramonto, illuminando in modo sempre diverso le superfici come una meridiana. Mentre la sera, la luce artificiale sfrutta il riflesso e le ombre dei volumi, gli angoli, le pareti. L\u2019illuminazione, e in particolare i corpi illuminanti, sono stati progettati specificamente per il progetto e costruiti da artigiani locali.<\/p>\n<p>Il living, tempio domestico<br \/>\n<a href=\"https:\/\/www.pianetadesign.it\/galleria\/538878\" data-wpel-link=\"internal\" rel=\"nofollow noopener\" target=\"_blank\"><img loading=\"lazy\" decoding=\"async\" class=\"size-full wp-image-538897\" title=\"Da un sottotetto abbandonato nasce un loft vista lago dall\u2019atmosfera minimale e rarefatta\" src=\"https:\/\/www.europesays.com\/it\/wp-content\/uploads\/2025\/10\/CASA-G-GIANO-HD-Davide-Galli-Fotografo-11.jpg\"   alt=\"Da un sottotetto abbandonato nasce un loft vista lago dall\u2019atmosfera minimale e rarefatta\" width=\"900\" height=\"1200\"\/><\/a>Foto Davide Galli<\/p>\n<p>Incorniciato dal soffitto spiovente, il soggiorno ha <strong>un\u2019atmosfera solenne e accogliente<\/strong> al tempo stesso. Spicca la vista sul panorama circostante, mentre all\u2019interno l\u2019arredo \u00e8 ridotto all\u2019essenziale per lasciare parlare texture e luce. Qui emergono due esemplari della poltrona <strong>Vasilij<\/strong>, nota anche come sedia <strong>Modello B3<\/strong>, disegnata da <strong>Marcel Breuer<\/strong>, tra il 1925 e il 1926, mentre era direttore del laboratorio del legno presso il Bauhaus di Dessau. Ora \u00e8 prodotta da <strong>Knoll<\/strong>.<\/p>\n<p>Una parete divisoria che si fa notare<br \/>\n<a href=\"https:\/\/www.pianetadesign.it\/galleria\/538878\" data-wpel-link=\"internal\" rel=\"nofollow noopener\" target=\"_blank\"><img loading=\"lazy\" decoding=\"async\" class=\"size-full wp-image-538911\" title=\"Da un sottotetto abbandonato nasce un loft vista lago dall\u2019atmosfera minimale e rarefatta\" src=\"https:\/\/www.europesays.com\/it\/wp-content\/uploads\/2025\/10\/CASA-G-GIANO-HD-Davide-Galli-Fotografo-19-FILEminimizer.jpg\"   alt=\"Da un sottotetto abbandonato nasce un loft vista lago dall\u2019atmosfera minimale e rarefatta\" width=\"799\" height=\"1200\"\/><\/a>Foto Davide Galli<\/p>\n<p>La separazione fra il living e le altre stanze \u00e8 delegata a una <strong>parete in mattoni a vista<\/strong> che si distacca fortemente dallo stile neutro e pacato dell\u2019appartamento. Una memoria del passato trasformata in elemento connotante che cromaticamente media fra il calore del parquet e il grigio ghiaccio delle pareti.<\/p>\n<p>Volumi teatrali<br \/>\n<a href=\"https:\/\/www.pianetadesign.it\/galleria\/538878\" data-wpel-link=\"internal\" rel=\"nofollow noopener\" target=\"_blank\"><img loading=\"lazy\" decoding=\"async\" class=\"size-full wp-image-538889\" title=\"Da un sottotetto abbandonato nasce un loft vista lago dall\u2019atmosfera minimale e rarefatta\" src=\"https:\/\/www.europesays.com\/it\/wp-content\/uploads\/2025\/10\/CASA-G-GIANO-HD-Davide-Galli-Fotografo-01.jpg\"   alt=\"Da un sottotetto abbandonato nasce un loft vista lago dall\u2019atmosfera minimale e rarefatta\" width=\"1152\" height=\"768\"\/><\/a>Foto Davide Galli<\/p>\n<p>Le altre stanze sono pi\u00f9 contenute rispetto all\u2019ampio soggiorno, tutte sfruttano i giochi di chiaro scuro e pieno-vuoto presenti. Interessante la prospettiva in <strong>cucina<\/strong>, quasi un obiettivo fotografico proiettato verso l\u2019esterno, o quella che sorprende in <strong>bagno<\/strong>, dove la doccia \u00e8 ricavata in una nicchia a spiovente. Lo <strong>studio<\/strong> \u00e8 ricavato in un angolo del living utilizzando una libreria a giorno come divisorio, proprio sotto un lucernario.<\/p>\n<p><a href=\"https:\/\/www.pianetadesign.it\/galleria\/538878\" data-wpel-link=\"internal\" rel=\"nofollow noopener\" target=\"_blank\"><img loading=\"lazy\" decoding=\"async\" class=\"size-full wp-image-538899\" title=\"Da un sottotetto abbandonato nasce un loft vista lago dall\u2019atmosfera minimale e rarefatta\" src=\"https:\/\/www.europesays.com\/it\/wp-content\/uploads\/2025\/10\/CASA-G-GIANO-HD-Davide-Galli-Fotografo-15.jpg\"   alt=\"Da un sottotetto abbandonato nasce un loft vista lago dall\u2019atmosfera minimale e rarefatta\" width=\"1152\" height=\"768\"\/><\/a>Foto Davide Galli<\/p>\n<p>Sul tavolo, della stessa essenza del parquet, la lampada <strong>Tolomeo<\/strong> disegnata per <strong>Artemide<\/strong> da <strong>Michele De Lucchi e Giancarlo Fassina<\/strong> (1987), mentre a terra spunta la divertente <strong>Mayday<\/strong> di <strong>Konstantin Grcic<\/strong> per <strong>Flos<\/strong> (2000). La seduta \u00e8 <strong>Nen\u00e8<\/strong>, design <strong>Paolo Vernier<\/strong> (2013), prodotta da <strong>Midj<\/strong>, la stessa che \u00e8 abbinata al tavolo della cucina. Analogo criterio anche per la camera da letto, dove il grigio ghiaccio viene sostituito da una tonalit\u00e0 di porpora pi\u00f9 calda e adatta a un ambiente notturno. L\u2019abbinamento con il legno \u2013 scelto per la porta, il parquet e anche la testata del letto \u2013 mantiene un\u2019atmosfera elegante ed essenziale.<\/p>\n<p><a href=\"https:\/\/www.pianetadesign.it\/galleria\/538878\" data-wpel-link=\"internal\" rel=\"nofollow noopener\" target=\"_blank\"><img loading=\"lazy\" decoding=\"async\" class=\"size-full wp-image-538902\" title=\"Da un sottotetto abbandonato nasce un loft vista lago dall\u2019atmosfera minimale e rarefatta\" src=\"https:\/\/www.europesays.com\/it\/wp-content\/uploads\/2025\/10\/CASA-G-GIANO-HD-Davide-Galli-Fotografo-22.jpg\"   alt=\"Da un sottotetto abbandonato nasce un loft vista lago dall\u2019atmosfera minimale e rarefatta\" width=\"961\" height=\"1200\"\/><\/a>Foto Davide Galli<\/p>\n<p>\u00a0<\/p>\n<p>Da un sottotetto abbandonato nasce un loft vista lago dall\u2019atmosfera minimale e rarefatta: foto e immagini<\/p>\n","protected":false},"excerpt":{"rendered":"Nei pressi del Lago Maggiore un appartamento sospeso tra verde e azzurro racconta come uno spazio inutilizzato e&hellip;\n","protected":false},"author":3,"featured_media":156066,"comment_status":"","ping_status":"","sticky":false,"template":"","format":"standard","meta":{"footnotes":""},"categories":[1446],"tags":[1615,1613,1614,1611,1610,1612,203,23910,204,1537,90,89],"class_list":{"0":"post-156065","1":"post","2":"type-post","3":"status-publish","4":"format-standard","5":"has-post-thumbnail","7":"category-arte-e-design","8":"tag-arte","9":"tag-arte-e-design","10":"tag-arteedesign","11":"tag-arts","12":"tag-arts-and-design","13":"tag-design","14":"tag-entertainment","15":"tag-interior-design","16":"tag-intrattenimento","17":"tag-it","18":"tag-italia","19":"tag-italy"},"share_on_mastodon":{"url":"","error":""},"_links":{"self":[{"href":"https:\/\/www.europesays.com\/it\/wp-json\/wp\/v2\/posts\/156065","targetHints":{"allow":["GET"]}}],"collection":[{"href":"https:\/\/www.europesays.com\/it\/wp-json\/wp\/v2\/posts"}],"about":[{"href":"https:\/\/www.europesays.com\/it\/wp-json\/wp\/v2\/types\/post"}],"author":[{"embeddable":true,"href":"https:\/\/www.europesays.com\/it\/wp-json\/wp\/v2\/users\/3"}],"replies":[{"embeddable":true,"href":"https:\/\/www.europesays.com\/it\/wp-json\/wp\/v2\/comments?post=156065"}],"version-history":[{"count":0,"href":"https:\/\/www.europesays.com\/it\/wp-json\/wp\/v2\/posts\/156065\/revisions"}],"wp:featuredmedia":[{"embeddable":true,"href":"https:\/\/www.europesays.com\/it\/wp-json\/wp\/v2\/media\/156066"}],"wp:attachment":[{"href":"https:\/\/www.europesays.com\/it\/wp-json\/wp\/v2\/media?parent=156065"}],"wp:term":[{"taxonomy":"category","embeddable":true,"href":"https:\/\/www.europesays.com\/it\/wp-json\/wp\/v2\/categories?post=156065"},{"taxonomy":"post_tag","embeddable":true,"href":"https:\/\/www.europesays.com\/it\/wp-json\/wp\/v2\/tags?post=156065"}],"curies":[{"name":"wp","href":"https:\/\/api.w.org\/{rel}","templated":true}]}}