{"id":156132,"date":"2025-10-09T20:29:12","date_gmt":"2025-10-09T20:29:12","guid":{"rendered":"https:\/\/www.europesays.com\/it\/156132\/"},"modified":"2025-10-09T20:29:12","modified_gmt":"2025-10-09T20:29:12","slug":"romano-inter-comprera-un-portiere-su-martinez-presa-questa-decisione","status":"publish","type":"post","link":"https:\/\/www.europesays.com\/it\/156132\/","title":{"rendered":"Romano: &#8220;Inter comprer\u00e0 un portiere. Su Martinez presa questa decisione&#8221;"},"content":{"rendered":"<p>Come riportato gi\u00e0 da qualche giorno, \u00e8 cominciata la ricerca dell&#8217;Inter del portiere del futuro: ecco le ultime da Fabrizio Romano<\/p>\n<p>Questa mossa, per\u00f2, non \u00e8 impattante sul futuro di <strong>Josep Martinez<\/strong>, come spiega Fabrizio Romano in un video sul suo canale YouTube: &#8220;Se Martinez resta o va via? L&#8217;Inter sta seguendo portieri per il 2026, ma non credo sia un discorso legato a Martinez: lui avr\u00e0 delle possibilit\u00e0 in questa stagione di dimostrare il suo valore, se lo far\u00e0 avr\u00e0 chiaramente la possibilit\u00e0 di restare e giocarsela con chi arriver\u00e0 l&#8217;anno prossimo.<\/p>\n<p>Altrimenti si prenderanno altre decisioni, ma ad oggi l&#8217;Inter non ha preso nessuna decisione su di lui: non lo ha bocciato, non ne ha fatto il portiere dei prossimi 10 anni. E&#8217; una situazione in evoluzione: l&#8217;Inter sta sondando portieri, tra cui Caprile, per il 2026 perch\u00e9 Sommer ha grandi possibilit\u00e0 di salutare a fine stagione. E&#8217; pi\u00f9 su Sommer l&#8217;inquadratura della situazione che su Martinez.<\/p>\n<p class=\"is-copyright\">\u00a9 RIPRODUZIONE RISERVATA<\/p>\n","protected":false},"excerpt":{"rendered":"Come riportato gi\u00e0 da qualche giorno, \u00e8 cominciata la ricerca dell&#8217;Inter del portiere del futuro: ecco le ultime&hellip;\n","protected":false},"author":3,"featured_media":156133,"comment_status":"","ping_status":"","sticky":false,"template":"","format":"standard","meta":{"footnotes":"","_share_on_mastodon":"0"},"categories":[1452],"tags":[721,21106,96526,96527,1368,12732,20698,1740,350,1537,90,89,35788,2855,7901,10997,1739,245,244],"class_list":["post-156132","post","type-post","status-publish","format-standard","has-post-thumbnail","category-calcio","tag-calcio","tag-cominciata","tag-cominciata-ricerca","tag-cominciata-ricerca-inter","tag-decisione","tag-fabrizio","tag-fabrizio-romano","tag-football","tag-inter","tag-it","tag-italia","tag-italy","tag-martinez","tag-portiere","tag-possibilita","tag-romano","tag-soccer","tag-sport","tag-sports"],"share_on_mastodon":{"url":"","error":""},"_links":{"self":[{"href":"https:\/\/www.europesays.com\/it\/wp-json\/wp\/v2\/posts\/156132","targetHints":{"allow":["GET"]}}],"collection":[{"href":"https:\/\/www.europesays.com\/it\/wp-json\/wp\/v2\/posts"}],"about":[{"href":"https:\/\/www.europesays.com\/it\/wp-json\/wp\/v2\/types\/post"}],"author":[{"embeddable":true,"href":"https:\/\/www.europesays.com\/it\/wp-json\/wp\/v2\/users\/3"}],"replies":[{"embeddable":true,"href":"https:\/\/www.europesays.com\/it\/wp-json\/wp\/v2\/comments?post=156132"}],"version-history":[{"count":0,"href":"https:\/\/www.europesays.com\/it\/wp-json\/wp\/v2\/posts\/156132\/revisions"}],"wp:featuredmedia":[{"embeddable":true,"href":"https:\/\/www.europesays.com\/it\/wp-json\/wp\/v2\/media\/156133"}],"wp:attachment":[{"href":"https:\/\/www.europesays.com\/it\/wp-json\/wp\/v2\/media?parent=156132"}],"wp:term":[{"taxonomy":"category","embeddable":true,"href":"https:\/\/www.europesays.com\/it\/wp-json\/wp\/v2\/categories?post=156132"},{"taxonomy":"post_tag","embeddable":true,"href":"https:\/\/www.europesays.com\/it\/wp-json\/wp\/v2\/tags?post=156132"}],"curies":[{"name":"wp","href":"https:\/\/api.w.org\/{rel}","templated":true}]}}