{"id":156163,"date":"2025-10-09T20:56:10","date_gmt":"2025-10-09T20:56:10","guid":{"rendered":"https:\/\/www.europesays.com\/it\/156163\/"},"modified":"2025-10-09T20:56:10","modified_gmt":"2025-10-09T20:56:10","slug":"napoli-chi-sono-ambrosino-e-vergara","status":"publish","type":"post","link":"https:\/\/www.europesays.com\/it\/156163\/","title":{"rendered":"Napoli, chi sono Ambrosino e Vergara"},"content":{"rendered":"<p>                                Il tecnico, dopo il 2-1 allo Sporting, disse: &#8220;Se li vedete in campo non datemi del pazzo&#8221;. Chi sono e come possono essere utili<\/p>\n<p>\n                                                    Alessandra Vaccaro\n                            <\/p>\n<p>                    9 ottobre &#8211; 20:07  &#8211; MILANO<\/p>\n<p class=\"paragraph\" spellcheck=\"true\">\u201cAmbrosino e Vergara? Se li vedete in campo non datemi del pazzo\u201d. Lo ha detto Antonio Conte nel post partita di Champions di Napoli-Sporting Lisbona. L\u2019allenatore del Napoli, complice anche l\u2019euforia per i primi tre punti in Europa, si \u00e8 lasciato andare a parole al miele per chi il campo, finora, l\u2019ha visto poco. Antonio Vergara e Giuseppe Ambrosino \u201csono due ragazzi che si allenano bene e stanno facendo miglioramenti importanti. Potrebbero avere spazio, deve essere chiaro a tutti\u201d, conferma l\u2019allenatore azzurro.\u00a0<\/p>\n<p>    made in napoli\u2014 \u00a0<\/p>\n<p class=\"paragraph is-inline\" spellcheck=\"true\">Napoletani, entrambi classe 2003, legati da un passato simile e protesi verso un sogno comune, trovare maggiore minutaggio con la maglia del Napoli. Non a caso Giuseppe Ambrosino ha celebrato sui social i 22 minuti giocati (da subentrato) nella partita contro il Cagliari attraverso un post che lascia poco spazio alle interpretazioni \u201cDreams come true\u201d. Sogni che diventano realt\u00e0. Deve essere proprio questa la sensazione nell\u2019indossare la maglia del Napoli per i due giocatori, prodotti del settore giovanile, che hanno fatto la gavetta nelle categorie inferiori prima di strappare almeno met\u00e0 stagione al seguito dei campioni d\u2019Italia. Antonio Conte li ha aggregati alla prima squadra per i ritiri di Dimaro e Castel di Sangro e, malgrado, le nove operazioni in entrata e le innumerevoli in uscita, tra prestiti e cessioni a titolo definitivo, Ambrosino e Vergara sono rimasti in rosa, a disposizione per le partite di campionato. Rientrano nel progetto Napoli, tanto che la societ\u00e0 starebbe lavorando al rinnovo di contratto per entrambi.\u00a0<\/p>\n<p>    centravanti\u2014 \u00a0<\/p>\n<p class=\"paragraph is-inline\" spellcheck=\"true\">Giuseppe Ambrosino fa il suo esordio tra i \u201cgrandi\u201d, contro il Cagliari prendendo il posto di Lorenzo Lucca (non era ancora arrivato Rasmus Hojlund). Primo pallone toccato, dribbling secco. Gioca da centravanti, ma pu\u00f2 ricoprire anche il ruolo di seconda punta. Muove i primi calci nella sua Procida, in un campetto vista mare. Ma ben presto inizia le navette quotidiane con Napoli. Tutti i procidani parlano di lui con immenso orgoglio: partiva alle 13.30 per Napoli e rientrava a casa dopo le 22. \u00c8 il 2013 quando entra a far parte del settore giovanile del Napoli. Vince la classifica marcatori del campionato primavera 1 nella stagione 2021-22. L\u2019anno successivo viene girato in prestito al Como, dove sigla il primo gol in serie B, ma per lo scarso impiego, nel corso della stagione prosegue il prestito al Cittadella, dove trova maggiore spazio e continuit\u00e0. L\u2019anno successivo passa al Catanzaro sempre in prestito, ma la vera consacrazione avviene col Frosinone nella scorsa stagione, 36 presenze e 5 gol.    \u201cLo scorso anno ha fatto uno step importante, vorrei che restasse con noi\u201d, ha detto Antonio Conte da Castel di Sangro. E cos\u00ec \u00e8 stato.\u00a0<\/p>\n<p>    jolly\u2014 \u00a0<\/p>\n<p class=\"paragraph is-inline\" spellcheck=\"true\">Antonio Vergara \u00e8 rimasto in maglia azzurra in questo avvio di stagione, dopo essersi messo in mostra nei ritiri pre campionato. \u00c8 suo lo stop a seguire contro il Sorrento che ha portato al gol di Romelu Lukaku. Impiegato con continuit\u00e0 nelle amichevoli estive, al posto di McTominay, Anguissa, De Bruyne, ma anche Politano. Vergara \u00e8 il jolly di cui il Napoli potrebbe avere bisogno nel reparto offensivo, pu\u00f2 giocare da mezzala, trequartista, ma anche da esterno alto a destra, \u00e8 dotato anche di una buona tecnica spendibile nei calci piazzati. Dimmi da dove vieni e ti dir\u00f2 chi sei. Di Frattaminore, cresciuto calcisticamente a Frattamaggiore come il suo pi\u00f9 illustre (per ora) antenato, Lorenzo Insigne. Antonio Vergara entra nel giro del settore giovanile del Napoli giovanissimo, all\u2019et\u00e0 di 11 anni. Proprio come Giuseppe Ambrosino, con cui condivide tutti gli anni delle giovanili, nella stagione 2022-23 viene mandato in prestito alla Pro Vercelli, in Lega Pro segnando 3 gol e realizzando 4 assist. L\u2019anno successivo, il salto in serie B con la Reggiana, dove resta per due anni, il primo macchiato fin da subito dalla rottura del crociato. Ma la seconda stagione in maglia granata gli vale 32 presenze.\u00a0<\/p>\n<p>    coetanei\u2014 \u00a0<\/p>\n<p class=\"paragraph is-inline\" spellcheck=\"true\">Se \u00e8 vero che Ambrosino e Vergara sono coetanei di Rasmus Hojlund, per il quale il club ha sborsato 50 milioni appena un mese fa, \u00e8 pur vero che in un periodo in cui il Napoli \u00e8 chiamato a rispondere al doppio impegno, \u00e8 falcidiato dagli infortuni, potrebbero davvero \u201cdare una grossa mano\u201d, per usare un\u2019espressione cara ad Antonio Conte. Sempre disponibili al sacrificio, puntuali negli allenamenti, discreti, ma ambiziosi. Uomini, prima ancora che giocatori, che hanno vissuto il calcio senza Var di serie C e che, adesso, aspettano silenziosamente la propria occasione nell\u2019Olimpo del calcio. Nel loro caso, la trafila tra giovanili, categorie inferiori e prima squadra ha funzionato perfettamente. Che poi \u00e8 l\u2019iter classico dei giocatori di qualche decennio fa, la vera innovazione a volte \u00e8 solo un ritorno alla tradizione.<\/p>\n<p class=\"is-copyright\">\u00a9 RIPRODUZIONE RISERVATA<\/p>\n","protected":false},"excerpt":{"rendered":"Il tecnico, dopo il 2-1 allo Sporting, disse: &#8220;Se li vedete in campo non datemi del pazzo&#8221;. Chi&hellip;\n","protected":false},"author":3,"featured_media":156164,"comment_status":"","ping_status":"","sticky":false,"template":"","format":"standard","meta":{"footnotes":""},"categories":[1452],"tags":[1960,96562,96563,119,11807,96565,6300,3078,721,1856,921,96566,96567,27481,27482,17217,96568,12837,16680,2790,4415,96569,96570,12028,1740,3412,14446,96571,11370,276,96564,1976,24818,2666,16582,1537,90,89,62198,3417,775,2219,92951,248,1290,22928,978,10422,8483,6840,3338,1821,861,1858,1739,8041,245,244,577,37090],"class_list":{"0":"post-156163","1":"post","2":"type-post","3":"status-publish","4":"format-standard","5":"has-post-thumbnail","7":"category-calcio","8":"tag-allenatore","9":"tag-ambrosino","10":"tag-ambrosino-vergara","11":"tag-antonio","12":"tag-antonio-conte","13":"tag-antonio-vergara","14":"tag-cagliari","15":"tag-calci","16":"tag-calcio","17":"tag-campionato","18":"tag-campo","19":"tag-campo-datemi","20":"tag-campo-datemi-pazzo","21":"tag-castel","22":"tag-castel-sangro","23":"tag-categorie","24":"tag-categorie-inferiori","25":"tag-centravanti","26":"tag-coetanei","27":"tag-conte","28":"tag-continuita","29":"tag-datemi","30":"tag-datemi-pazzo","31":"tag-entra","32":"tag-football","33":"tag-giocatori","34":"tag-giovanile","35":"tag-giovanile-napoli","36":"tag-giovanili","37":"tag-giuseppe","38":"tag-giuseppe-ambrosino","39":"tag-gol","40":"tag-hojlund","41":"tag-importanti","42":"tag-inferiori","43":"tag-it","44":"tag-italia","45":"tag-italy","46":"tag-jolly","47":"tag-lorenzo","48":"tag-maggiore","49":"tag-maglia","50":"tag-maglia-napoli","51":"tag-napoli","52":"tag-partita","53":"tag-pazzo","54":"tag-post","55":"tag-potrebbero","56":"tag-presenze","57":"tag-prestito","58":"tag-primi","59":"tag-serie","60":"tag-settore","61":"tag-settore-giovanile","62":"tag-soccer","63":"tag-spazio","64":"tag-sport","65":"tag-sports","66":"tag-stagione","67":"tag-vergara"},"share_on_mastodon":{"url":"","error":""},"_links":{"self":[{"href":"https:\/\/www.europesays.com\/it\/wp-json\/wp\/v2\/posts\/156163","targetHints":{"allow":["GET"]}}],"collection":[{"href":"https:\/\/www.europesays.com\/it\/wp-json\/wp\/v2\/posts"}],"about":[{"href":"https:\/\/www.europesays.com\/it\/wp-json\/wp\/v2\/types\/post"}],"author":[{"embeddable":true,"href":"https:\/\/www.europesays.com\/it\/wp-json\/wp\/v2\/users\/3"}],"replies":[{"embeddable":true,"href":"https:\/\/www.europesays.com\/it\/wp-json\/wp\/v2\/comments?post=156163"}],"version-history":[{"count":0,"href":"https:\/\/www.europesays.com\/it\/wp-json\/wp\/v2\/posts\/156163\/revisions"}],"wp:featuredmedia":[{"embeddable":true,"href":"https:\/\/www.europesays.com\/it\/wp-json\/wp\/v2\/media\/156164"}],"wp:attachment":[{"href":"https:\/\/www.europesays.com\/it\/wp-json\/wp\/v2\/media?parent=156163"}],"wp:term":[{"taxonomy":"category","embeddable":true,"href":"https:\/\/www.europesays.com\/it\/wp-json\/wp\/v2\/categories?post=156163"},{"taxonomy":"post_tag","embeddable":true,"href":"https:\/\/www.europesays.com\/it\/wp-json\/wp\/v2\/tags?post=156163"}],"curies":[{"name":"wp","href":"https:\/\/api.w.org\/{rel}","templated":true}]}}