{"id":156212,"date":"2025-10-09T21:32:11","date_gmt":"2025-10-09T21:32:11","guid":{"rendered":"https:\/\/www.europesays.com\/it\/156212\/"},"modified":"2025-10-09T21:32:11","modified_gmt":"2025-10-09T21:32:11","slug":"paolo-sottocorona-e-stato-molto-piu-di-un-meteorologo","status":"publish","type":"post","link":"https:\/\/www.europesays.com\/it\/156212\/","title":{"rendered":"Paolo Sottocorona \u00e8 stato molto pi\u00f9 di un meteorologo"},"content":{"rendered":"<p>&#13;<br \/>\n      &#13;<br \/>\n&#13;<br \/>\n       &#13;<br \/>\n      &#13;<br \/>\n      &#13;<br \/>\n        &#13;<br \/>\n        &#13;<br \/>\n&#13;<br \/>\n&#13;<br \/>\n&#13;<br \/>\nCondividi  &#13;<br \/>\n    &#13;<br \/>\n  &#13;<br \/>\n        &#13;<br \/>\n              &#13;<br \/>\n      &#13;<br \/>\n      &#13;<br \/>\n&#13;<br \/>\n      &#13;<br \/>\n      &#13;<br \/>\n       &#13;<br \/>\n       &#13;<\/p>\n<p>\u201cNon mi sono inventato niente, cerco di spiegare fenomeni affinch\u00e9 vengano compresi da tutti. Le regole in questo senso sono due: ci\u00f2 che dici deve essere vero e deve essere capito\u201d. Parlava cos\u00ec Paolo Sottocorona, molto pi\u00f9 di un semplice meteorologo, <a href=\"https:\/\/www.today.it\/tv\/news\/paolo-sottocorona-enrico-mentana-ricordo.html\" rel=\"nofollow noopener\" target=\"_blank\">morto improvvisamente mercoled\u00ec all\u2019et\u00e0 di 77 anni<\/a>.<\/p>\n<p>Era stato in onda fino a poche ore prima, apparendo attorno alle 8 prima di \u201cOmnibus\u201d e alle 13, all\u2019interno de \u201cL\u2019Aria che tira\u201d. Circostanze che amplificano ulteriormente lo choc e la percezione di spaesamento.<\/p>\n<p>Un simbolo della rete<\/p>\n<p>A La7 dal 2002 e precedentemente a Telemontecarlo, era diventato un simbolo della rete, capace di identificarla addirittura pi\u00f9 di Enrico Mentana. Sottocorona era un fenomeno, in tutti i sensi, con il suo appuntamento quotidiano di otto minuti che spesso e volentieri totalizzava il record di share dell\u2019intera giornata. \u201cL\u2019orario influisce, se facessi il meteo alle 11 totalizzerebbe meno, \u00e8 normale. A inizio giornata \u00e8 un momento atteso\u201d.<\/p>\n<p>Classe 1947, dopo gli studi classici si iscrisse inizialmente alla facolt\u00e0 di ingegneria. La passione per la meteorologia giunse solo in seguito. \u201cDovevo fare il militare e da l\u00ec cominciai l\u2019esperienza nel servizio meteorologico. Per un po\u2019 di tempo riuscii a lavorare e a dare esami, l\u2019equilibrio per\u00f2 si ruppe. Rallentai con gli esami e giunsi al bivio, o facevo l\u2019ingegnere o il meteorologo. Scelsi la seconda strada. Alla laurea mi mancavano 6-7 esami, ma due percorsi contemporaneamente non riuscivo a seguirli. A quel punto feci il concorso per passare di ruolo e diventai Ufficiale in servizio permanente e non pi\u00f9 temporaneo. Rimasi nel servizio meteo per 25 anni, per lasciare e continuare come free lance\u201d.<\/p>\n<p>Se la Rai si affida da sempre all\u2019Aeronautica Militare e Mediaset a Meteo.it, La7 dal 2018 porta avanti un accordo commerciale con 3BMeteo. Eppure Sottocorona non se n\u2019era mai andato, costruendosi un suo orticello invalicabile e riconoscibile. Un vero e proprio mondo a parte.<\/p>\n<p>Sapeva di essere un unicum<\/p>\n<p><a href=\"https:\/\/www.today.it\/tv\/paolo-sottocorona-meteo-la7-record-ascolti.html\" rel=\"nofollow noopener\" target=\"_blank\">Interpellato lo scorso luglio da Today<\/a>, non rinunci\u00f2 all\u2019ironia: \u201cChiesero a Einstein come mai andasse spesso a trovare il bambino della vicina e rispose che a lui piacevano le sue merende e che al piccolo piaceva come svolgeva i compiti di matematica. Va da s\u00e9 che io non sono Einstein, ma evidentemente a qualcuno piace come faccio i compiti\u201d.<\/p>\n<p>Sapeva di essere un unicum: \u201cCredo che pi\u00f9 che delle previsioni di Sottocorona, si possa parlare delle previsioni secondo Sottocorona. Forse cambia il modo di condividerle con chi mi segue, rispetto agli altri colleghi. Sicuramente ci metto del mio, aggiungo informazioni, commenti, qualche riflessione sul tempo e sulla vita, non \u00e8 la previsione nuda e cruda. E poi ci sono le apprezzatissime foto meteorologiche che mi mandano\u201d. S\u00ec perch\u00e9 oltre alle previsioni, Paolo aveva attivato una fitta corrispondenza con il pubblico, tra suggerimenti, curiosit\u00e0 e immagini trasmesse nel corso del suo piccolo spazio. Un rapporto diretto, confidenziale, che generava una inevitabile empatia: \u201cSvolgo questo lavoro nel modo che penso che sia tecnicamente migliore, ci metto tutto l\u2019impegno. Sono contento quando le persone mi fermano per strada dicendomi che capiscono ci\u00f2 che dico\u201d.<\/p>\n<p>Il rapporto di affetto (e rispetto) con il pubblico<\/p>\n<p>D\u2019estate, periodo in cui si scatenavano gli allarmisti, Sottocorona metteva la corazza e si lanciava in battaglia. \u201cUna delle mode che non sopporto \u00e8 quella dei nomi dati alle ondate di calore: Caronte, Lucifero e cos\u00ec via. Si scimmiottano i meccanismi degli uragani in America. Ma l\u00e0 hanno normative ben precise, non puoi attribuire i primi nomi che ti vengono in mente. Qua invece un sito si inventa un nome e tutti gli vanno dietro a ruota\u201d.<\/p>\n<p>Profondamente rispettoso del suo pubblico, nelle sue analisi non oltrepassava mai le settantadue ore: \u201cLe previsioni a tre giorni sono una linea di tendenza. Oltre i cinque giorni si entra nella nebbia, a sette gi\u00e0 si sballa, soprattutto nella cronologia. Se il luned\u00ec vuoi sapere se la domenica successiva piove perch\u00e9 devi sposarti, non posso fornirti certezze\u201d. Gi\u00e0, i matrimoni. La gente lo consultava davvero in vista delle nozze: \u201cE non solo: anche per comunioni, gite, fiere e per le tappe del Giro d\u2019Italia!\u201d.<\/p>\n<p>Il meteo continuer\u00e0 certamente ad esistere. Di Sottocorona, al contrario, non ne nasceranno pi\u00f9.<\/p>\n<p>       &#13;<br \/>\n        &#13;<br \/>\n&#13;<br \/>\n&#13;<br \/>\n  &#13;<br \/>\n  &#13;<br \/>\n&#13;<br \/>\n    &#13;<br \/>\n&#13;<br \/>\n&#13;<br \/>\n               &#13;<br \/>\n      &#13;<br \/>\n&#13;<br \/>\n&#13;<br \/>\n      &#13;<br \/>\n   &#13;<br \/>\n&#13;<br \/>\n      &#13;<br \/>\n                  &#13;<br \/>\n      &#13;<br \/>\n&#13;<\/p>\n","protected":false},"excerpt":{"rendered":"&#13; &#13; &#13; &#13; &#13; &#13; &#13; &#13; &#13; &#13; &#13; Condividi &#13; &#13; &#13; &#13; &#13; &#13;&hellip;\n","protected":false},"author":3,"featured_media":154917,"comment_status":"","ping_status":"","sticky":false,"template":"","format":"standard","meta":{"footnotes":""},"categories":[174],"tags":[689,203,204,1537,90,89,47854,419,688,95287,1922],"class_list":{"0":"post-156212","1":"post","2":"type-post","3":"status-publish","4":"format-standard","5":"has-post-thumbnail","7":"category-intrattenimento","8":"tag-blog","9":"tag-entertainment","10":"tag-intrattenimento","11":"tag-it","12":"tag-italia","13":"tag-italy","14":"tag-la7","15":"tag-meteo","16":"tag-opinioni","17":"tag-paolo-sottocorona","18":"tag-ricordo"},"share_on_mastodon":{"url":"","error":""},"_links":{"self":[{"href":"https:\/\/www.europesays.com\/it\/wp-json\/wp\/v2\/posts\/156212","targetHints":{"allow":["GET"]}}],"collection":[{"href":"https:\/\/www.europesays.com\/it\/wp-json\/wp\/v2\/posts"}],"about":[{"href":"https:\/\/www.europesays.com\/it\/wp-json\/wp\/v2\/types\/post"}],"author":[{"embeddable":true,"href":"https:\/\/www.europesays.com\/it\/wp-json\/wp\/v2\/users\/3"}],"replies":[{"embeddable":true,"href":"https:\/\/www.europesays.com\/it\/wp-json\/wp\/v2\/comments?post=156212"}],"version-history":[{"count":0,"href":"https:\/\/www.europesays.com\/it\/wp-json\/wp\/v2\/posts\/156212\/revisions"}],"wp:featuredmedia":[{"embeddable":true,"href":"https:\/\/www.europesays.com\/it\/wp-json\/wp\/v2\/media\/154917"}],"wp:attachment":[{"href":"https:\/\/www.europesays.com\/it\/wp-json\/wp\/v2\/media?parent=156212"}],"wp:term":[{"taxonomy":"category","embeddable":true,"href":"https:\/\/www.europesays.com\/it\/wp-json\/wp\/v2\/categories?post=156212"},{"taxonomy":"post_tag","embeddable":true,"href":"https:\/\/www.europesays.com\/it\/wp-json\/wp\/v2\/tags?post=156212"}],"curies":[{"name":"wp","href":"https:\/\/api.w.org\/{rel}","templated":true}]}}