{"id":156216,"date":"2025-10-09T21:36:10","date_gmt":"2025-10-09T21:36:10","guid":{"rendered":"https:\/\/www.europesays.com\/it\/156216\/"},"modified":"2025-10-09T21:36:10","modified_gmt":"2025-10-09T21:36:10","slug":"altro-che-rissa-hanno-provato-a-uccidere-nostro-padre-parlano-i-figli-del-giostraio-ridotto-in-coma-alla-sagra-del-vino","status":"publish","type":"post","link":"https:\/\/www.europesays.com\/it\/156216\/","title":{"rendered":"&#8220;Altro che rissa, hanno provato a uccidere nostro padre&#8221;. Parlano i figli del giostraio ridotto in coma alla sagra del vino"},"content":{"rendered":"<p>Non una rissa, bens\u00ec una aggressione brutale. La notte violenta alla <a href=\"https:\/\/www.romatoday.it\/eventi\/100-vendemmiale-sagra-uva-e-vino-capena-3-5-ottobre-2025.html\" rel=\"nofollow noopener\" target=\"_blank\">sagra del vino e dell&#8217;uva di Capena<\/a> nasconde quella che poteva essere una fatale tragedia. Gi\u00e0, perch\u00e9 c&#8217;\u00e8 un uomo di 65 anni &#8211; un noto giostraio &#8211; che ora \u00e8 in coma e lotta tra la vita e la morte.\u00a0<\/p>\n<p>L&#8217;uomo, vittima, \u00e8 ricoverato all&#8217;ospedale Sant&#8217;Andrea. La diagnosi \u00e8 severa e parla di una frattura del cranio e di una serie altre problematiche hanno portato i medici a ricoverarlo in prognosi riservata. Cos\u00ec la vicenda, che in un primo momento sembrava raccontare di una rissa senza feriti, descriverebbe un altro scenario molto pi\u00f9 grave e sul quale, come appreso da RomaToday, sono in corso delle indagini serrate.<\/p>\n<p>Non solo. Quella notte sono rimasti feriti anche una donna di 63 anni, moglie del giostraio, dimessa con 10 giorni di prognosi e uno dei figli della coppia, lui dimesso con 5 giorni. Proprio i figli della coppia hanno raccontato al nostro giornale quanto successo. \u201cPap\u00e0 \u00e8 molto conosciuto a Capena, lui \u00e8 residente da 40 anni l\u00ec e noi viviamo serenamente. \u00c8 uno storico giostraio e quella sera stava lavorando\u201d, ci dicono. \u201cA un certo punto, da una vicina giostra quella dei seggiolini volanti, sono arrivati alcuni ragazzi. Hanno iniziato a sedersi sul discovolante, la giostra di pap\u00e0, ma senza pagare\u201d.\u00a0<\/p>\n<p>Il 65enne, cos\u00ec, ha chiesto al gruppo di pagare la giostra oppure di scendere. La tensione, in pochi minuti, \u00e8 aumentata. Dalle parole si \u00e8 passati ai fatti in pochi istanti. \u201cPap\u00e0 \u00e8 stato aggredito alle spalle. Gettato a terra e preso a calci e pugni. Gli hanno sbattuto anche la testa diverse volte, non abbiamo ben capito dove, ma sanguinava\u201d.\u00a0<\/p>\n<p>La moglie della vittima, preoccupata, a quel punto \u00e8 intervenuta cercando di frapporsi. \u201cUna ragazza ha strattonato mamma e l&#8217;ha presa per il collo\u201d, proseguono nel loro racconto. Uno dei figli della coppia, quello rimasto lievemente ferito, notata la scena violenta ha cercato di intervenire. \u201cMamma era stesa a terra. Pap\u00e0 era sanguinante e con le prime crisi. Un altro giostraio ci ha aiutato ma \u00e8 stato minacciato pure lui\u201d, spiegano ancora.<\/p>\n<p>Chi era l\u00ec e assiste a quella scena chiama i soccorsi. I carabinieri riportano la calma e arriva il 118 che, a fatica, porta il 65enne al Sant&#8217;Andrea. Le condizioni sono fin da subito gravi. I figli, che continuano a vegliare il padre insieme alla loro madre, hanno denunciato i fatti ai carabinieri e ora chiedono giustizia: \u201cPap\u00e0 vive a Capena ed \u00e8 conosciuto. Abbiamo ricevuto solidariet\u00e0 dai residenti. La gente che vive qui ci vuole bene. Stiamo cercando testimoni, qualcuno che possa aver ripreso la scena. Ogni dettaglio sarebbe utile\u201d, sottolineano lanciando un appello.\u00a0<\/p>\n<p>I carabinieri della stazione di Capena, coordinati da quelli della compagnia di Monterotondo, subito dopo i fatti hanno denunciato nove persone. Sono accusati di concorso in rissa aggravata. Le indagini, tuttavia, proseguono. Hanno preso una nuova svolta.\u00a0<\/p>\n","protected":false},"excerpt":{"rendered":"Non una rissa, bens\u00ec una aggressione brutale. La notte violenta alla sagra del vino e dell&#8217;uva di Capena&hellip;\n","protected":false},"author":3,"featured_media":156217,"comment_status":"","ping_status":"","sticky":false,"template":"","format":"standard","meta":{"footnotes":""},"categories":[79],"tags":[14,93,94,1537,90,89,7,15,9859,11,84,91,12,85,92],"class_list":{"0":"post-156216","1":"post","2":"type-post","3":"status-publish","4":"format-standard","5":"has-post-thumbnail","7":"category-italia","8":"tag-cronaca","9":"tag-cronaca-italiana","10":"tag-cronacaitaliana","11":"tag-it","12":"tag-italia","13":"tag-italy","14":"tag-news","15":"tag-notizie","16":"tag-risse","17":"tag-ultime-notizie","18":"tag-ultime-notizie-e-news-di-oggi","19":"tag-ultime-notizie-italia","20":"tag-ultimenotizie","21":"tag-ultimenotizieenewsdioggi","22":"tag-ultimenotizieitalia"},"share_on_mastodon":{"url":"","error":""},"_links":{"self":[{"href":"https:\/\/www.europesays.com\/it\/wp-json\/wp\/v2\/posts\/156216","targetHints":{"allow":["GET"]}}],"collection":[{"href":"https:\/\/www.europesays.com\/it\/wp-json\/wp\/v2\/posts"}],"about":[{"href":"https:\/\/www.europesays.com\/it\/wp-json\/wp\/v2\/types\/post"}],"author":[{"embeddable":true,"href":"https:\/\/www.europesays.com\/it\/wp-json\/wp\/v2\/users\/3"}],"replies":[{"embeddable":true,"href":"https:\/\/www.europesays.com\/it\/wp-json\/wp\/v2\/comments?post=156216"}],"version-history":[{"count":0,"href":"https:\/\/www.europesays.com\/it\/wp-json\/wp\/v2\/posts\/156216\/revisions"}],"wp:featuredmedia":[{"embeddable":true,"href":"https:\/\/www.europesays.com\/it\/wp-json\/wp\/v2\/media\/156217"}],"wp:attachment":[{"href":"https:\/\/www.europesays.com\/it\/wp-json\/wp\/v2\/media?parent=156216"}],"wp:term":[{"taxonomy":"category","embeddable":true,"href":"https:\/\/www.europesays.com\/it\/wp-json\/wp\/v2\/categories?post=156216"},{"taxonomy":"post_tag","embeddable":true,"href":"https:\/\/www.europesays.com\/it\/wp-json\/wp\/v2\/tags?post=156216"}],"curies":[{"name":"wp","href":"https:\/\/api.w.org\/{rel}","templated":true}]}}