{"id":156299,"date":"2025-10-09T22:45:17","date_gmt":"2025-10-09T22:45:17","guid":{"rendered":"https:\/\/www.europesays.com\/it\/156299\/"},"modified":"2025-10-09T22:45:17","modified_gmt":"2025-10-09T22:45:17","slug":"stefano-de-martino-la-sua-riservatezza-nella-vita-privata-oggi","status":"publish","type":"post","link":"https:\/\/www.europesays.com\/it\/156299\/","title":{"rendered":"Stefano De Martino, la sua riservatezza nella vita privata (oggi)"},"content":{"rendered":"<p data-journey-content=\"true\" data-node-id=\"0\" class=\"css-6wxqfj emevuu60\"><strong data-node-id=\"0.0\">Stefano De Martino<\/strong> il 3 ottobre ha spento <strong data-node-id=\"0.2\">36 candeline<\/strong> e in questi anni, impossibile negarlo, sembra aver vissuto almeno tre vite. La prima \u00e8 quella che, trascinata dalla sua passione per il ballo, l\u2019ha condotto al palcoscenico della nona edizione di <strong data-node-id=\"0.4\">Amici<\/strong>. All\u2019interno del talent, <strong data-node-id=\"0.6\">Stefano ha incontrato la popolarit\u00e0 (ed Emma Marrone)<\/strong>, compiendo il primo passo verso quello che sarebbe stato un brillante futuro professionale. La <strong data-node-id=\"0.8\">\u201cseconda esistenza\u201d di De Martino<\/strong> \u00e8 segnata dall\u2019<strong data-node-id=\"0.10\">unione con Bel<\/strong><strong data-node-id=\"0.11\">\u00e9n Rodriguez<\/strong>, da cui nell&#8217;aprile 2013 \u00e8 nato un figlio, <strong data-node-id=\"0.13\"><a href=\"https:\/\/www.cosmopolitan.com\/it\/star\/gossip-news\/a64442678\/com-e-diventato-santiago-belen-stefano-de-martino\/\" target=\"_blank\" data-vars-ga-outbound-link=\"https:\/\/www.cosmopolitan.com\/it\/star\/gossip-news\/a64442678\/com-e-diventato-santiago-belen-stefano-de-martino\/\" data-vars-ga-ux-element=\"Hyperlink\" data-vars-ga-call-to-action=\"Santiago\" data-node-id=\"0.13.0\" class=\"body-link css-103hk4r emevuu60\" rel=\"nofollow noopener\">Santiago<\/a><\/strong>, e che nel settembre dello stesso anno \u00e8 sfociata nel matrimonio. Una storia, quella tra Stefano e Belu, e che oggi \u00e8 terminata, e lui \u00e8 andato avanti nella vita privata cos\u00ec come in quella professionale.<\/p>\n<p data-journey-content=\"true\" data-node-id=\"4\" class=\"css-6wxqfj emevuu60\">Ora presenta uno degli show storici della televisione italiana, <strong data-node-id=\"4.1\">Affari tuoi<\/strong>, ed \u00e8 reduce da un\u2019estate in cui <strong data-node-id=\"4.3\">il gossip \u00e8 apparso instancabile<\/strong> nel voler saperne di pi\u00f9 sulla sua sfera personale. E se tanto (tanto) si \u00e8 scritto del rapporto tra <strong data-node-id=\"4.5\">Caroline Tronelli e De Martino<\/strong>, a mettere nero su bianco pensieri sulla questione non \u00e8 mai stato lui. <strong data-node-id=\"4.7\">Per Stefano<\/strong>, insomma, <strong data-node-id=\"4.9\">sembra essere iniziata una nuova epoca, quella dell\u2019assoluta riservatezza<\/strong>. Il suo esempio dar\u00e0 il via a un <strong data-node-id=\"4.11\">trend<\/strong> che spinger\u00e0 tutti a parlare un po\u2019 meno di s\u00e9 via social? <\/p>\n<p>L\u2019amore (nato sotto l\u2019occhio delle telecamere) di Stefano De Martino ed Emma Marrone<\/p>\n<p data-journey-content=\"true\" data-node-id=\"7\" class=\"css-6wxqfj emevuu60\"><strong data-node-id=\"7.0\">Stefano De Martino non \u00e8 pi\u00f9 \u201cquello di prima\u201d<\/strong>? Di certo ha fatto molta strada. L\u2019ascesa professionale degli ultimi tempi \u00e8 stata da \u201cwow\u201d, considerato che <strong data-node-id=\"7.2\">ha raccolto un\u2019eredit\u00e0 molto pesante <\/strong>(quella della conduzione di <strong data-node-id=\"7.4\">Affari tuoi<\/strong>, in precedenza nelle mani di Amadeus) e che \u00e8 riuscito a cucire su di s\u00e9 un format collaudato. <strong data-node-id=\"7.6\">Un po\u2019 De Martino si \u00e8 adattato al preserale, un po\u2019 il preserale si \u00e8 adattato a lui<\/strong>: alla fine la formula ha funzionato, e oggi quello del presentatore \u00e8 un volto familiare ai telespettatori, anche a quelli che non l\u2019avevano seguito ai tempi del suo esordio televisivo ad <strong data-node-id=\"7.8\">Amici<\/strong>. Correva l\u2019anno <strong data-node-id=\"7.10\">2009<\/strong> e Stefano, oltre a perfezionare le proprie doti di <strong data-node-id=\"7.12\">ballerino<\/strong> e a conquistare un posto nel cuore del pubblico del talent, \u00e8 stato uno dei protagonisti di un legame nato sotto i riflettori della scuola pi\u00f9 famosa d\u2019Italia.<\/p>\n<p data-journey-content=\"true\" data-node-id=\"10\" class=\"css-6wxqfj emevuu60\">La sua <strong data-node-id=\"10.1\">relazione<\/strong> con <strong data-node-id=\"10.3\"><a href=\"https:\/\/www.cosmopolitan.com\/it\/star\/a64415543\/emma-marrone-stefano-de-martino-stasera-tutto-e-possibile\/\" target=\"_blank\" data-vars-ga-outbound-link=\"https:\/\/www.cosmopolitan.com\/it\/star\/a64415543\/emma-marrone-stefano-de-martino-stasera-tutto-e-possibile\/\" data-vars-ga-ux-element=\"Hyperlink\" data-vars-ga-call-to-action=\"Emma Marrone\" data-node-id=\"10.3.0\" class=\"body-link css-103hk4r emevuu60\" rel=\"nofollow noopener\">Emma Marrone<\/a><\/strong> ha scritto una pagina indelebile del programma. Del resto, come poteva non attirare l\u2019attenzione? \u00c8 stata, per tanti Millenial, un\u2019indimenticabile <strong data-node-id=\"10.5\">\u201cstoria nella storia\u201d<\/strong>. Da una parte, infatti, c\u2019erano le ambizioni di due ragazzi che cercavano di farsi strada con il loro talento, dall\u2019altra le emozioni di <strong data-node-id=\"10.7\">un sentimento da coltivare<\/strong>, in un ambiente in cui tanti amori sbocciano sin dalla notte dei tempi, quello scolastico. Poco importa se la scuola, in questo caso, fosse piuttosto \u201cparticolare\u201d vista la sua natura televisiva. Ben presto il canto e il ballo hanno fatto spazio (senza mai cedere il passo) ai sogni a occhi aperti dei fan, che per la coppia formata da Stefano ed Emma sognavano un futuro radioso. Alla fine, per\u00f2, <strong data-node-id=\"10.9\">quel legame si \u00e8 spezzato<\/strong>. <\/p>\n<p>Il rapporto tra Stefano De Martino e Bel\u00e9n Rodriguez: sempre al centro dell\u2019attenzione<\/p>\n<p data-journey-content=\"true\" data-node-id=\"13\" class=\"css-6wxqfj emevuu60\">Una cosa non \u00e8 cambiata: la <strong data-node-id=\"13.1\">vita privata di De Martino <\/strong>\u00e8 rimasta \u2013 per un bel po\u2019 di tempo ancora \u2013 <strong data-node-id=\"13.3\">sotto i riflettori<\/strong>. Stefano ha infatti intrecciato una relazione con una delle showgirl pi\u00f9 famose del mondo dello spettacolo italiano, <a href=\"https:\/\/www.cosmopolitan.com\/it\/star\/gossip-news\/a68000088\/belen-rodriguez-presunto-nuovo-amore-gossip\/\" target=\"_blank\" data-vars-ga-outbound-link=\"https:\/\/www.cosmopolitan.com\/it\/star\/gossip-news\/a68000088\/belen-rodriguez-presunto-nuovo-amore-gossip\/\" data-vars-ga-ux-element=\"Hyperlink\" data-vars-ga-call-to-action=\"Bel\u00e9n Rodriguez\" data-node-id=\"13.5\" class=\"body-link css-103hk4r emevuu60\" rel=\"nofollow noopener\"><strong data-node-id=\"13.5.0\">Bel<\/strong><strong data-node-id=\"13.5.1\">\u00e9n Rodriguez<\/strong><\/a>, e ogni mossa sua e della compagna \u00e8 stata per anni indagata e riportata dalle pagine di gossip. Intanto, il mondo cambiava. I <strong data-node-id=\"13.7\">social<\/strong> hanno iniziato a rappresentare una vetrina sempre pi\u00f9 diffusa tra famosi e non, con le persone che non solo provavano curiosit\u00e0 nei confronti di questa nuova possibilit\u00e0 di comunicazione, ma la sfruttavano con sempre maggiore costanza per parlare di s\u00e9.<\/p>\n<p data-journey-content=\"true\" data-node-id=\"15\" class=\"css-6wxqfj emevuu60\">Anche <strong data-node-id=\"15.1\">Bel<\/strong><strong data-node-id=\"15.2\">\u00e9n e Stefano<\/strong> hanno deciso di comparire in questo nuovo microcosmo, portandovi anche qualche frammento di ci\u00f2 che alla gente sembrava all\u2019epoca stare molto a cuore: la loro unione. A occuparsi di far sapere al pubblico quanto accadeva nel rapporto tra i due ragazzi ci sono sempre stati anche, ovviamente, giornali e televisioni. Nel <strong data-node-id=\"15.4\">2013<\/strong> Stefano e Bel\u00e9n sono diventati <strong data-node-id=\"15.6\">marito e moglie<\/strong> in un giorno, il 20 settembre, che \u00e8 stato davvero attesissimo. Le nozze, celebrate presso l\u2019Abbazia di Santo Spirito a Comignano, in provincia di Novara, sembrano poter essere considerate ancora oggi e senza indugio l\u2019evento di cronaca rosa pi\u00f9 succoso di quell\u2019anno.<\/p>\n<p>E adesso? Il silenzio social regna sulla vita privata di Stefano De Martino<\/p>\n<p data-journey-content=\"true\" data-node-id=\"18\" class=\"css-6wxqfj emevuu60\">Il legame sentimentale tra <strong data-node-id=\"18.1\"><a href=\"https:\/\/www.cosmopolitan.com\/it\/star\/gossip-news\/a65955658\/stefano-de-martino-belen-rodriguez-oggi-gossip\/\" target=\"_blank\" data-vars-ga-outbound-link=\"https:\/\/www.cosmopolitan.com\/it\/star\/gossip-news\/a65955658\/stefano-de-martino-belen-rodriguez-oggi-gossip\/\" data-vars-ga-ux-element=\"Hyperlink\" data-vars-ga-call-to-action=\"Stefano De Martino e Bel\u00e9n Rodriguez\" data-node-id=\"18.1.0\" class=\"body-link css-103hk4r emevuu60\" rel=\"nofollow noopener\">Stefano De Martino e Bel\u00e9n Rodriguez<\/a><\/strong> \u00e8 ormai un capitolo chiuso e, come anticipato, il presentatore \u00e8 stato <strong data-node-id=\"18.3\">tra i grandi protagonisti del gossip estivo 2025<\/strong>. Ci\u00f2 per via delle fotografie pubblicate dai media in cui compariva <strong data-node-id=\"18.5\"><a href=\"https:\/\/www.cosmopolitan.com\/it\/star\/gossip-news\/a65421746\/stefano-de-martino-caroline-tronelli-insieme-gossip\/\" target=\"_blank\" data-vars-ga-outbound-link=\"https:\/\/www.cosmopolitan.com\/it\/star\/gossip-news\/a65421746\/stefano-de-martino-caroline-tronelli-insieme-gossip\/\" data-vars-ga-ux-element=\"Hyperlink\" data-vars-ga-call-to-action=\"insieme a Caroline Tronelli\" data-node-id=\"18.5.0\" class=\"body-link css-103hk4r emevuu60\" rel=\"nofollow noopener\">insieme a Caroline Tronelli<\/a><\/strong>, scatti sui cui De Martino non ha mai speso parole via social. Anzi, ultimamente sulla pagina Instagram del conduttore compaiono ben pochi frammenti della sua vita privata. In un mare di post dedicati ad Affari tuoi e allo show teatrale Meglio stasera!, fanno capolino \u201ctimide\u201d alcune <strong data-node-id=\"18.11\">immagini del figlio di Stefano, Santiago<\/strong>. <strong data-node-id=\"18.13\">E nulla pi\u00f9<\/strong>.<\/p>\n<p data-journey-content=\"true\" data-node-id=\"20\" class=\"css-6wxqfj emevuu60\">La scelta di De Martino di limitare l\u2019esposizione sui social del proprio privato far\u00e0 scattare una <strong data-node-id=\"20.1\">vera e propria \u201cmoda\u201d tra celebrities e non<\/strong>? Prender\u00e0 piede la decisione di condividere meno con i follower rispetto a un tempo, e di <strong data-node-id=\"20.3\">centellinare le informazioni<\/strong> da divulgare sul proprio vissuto <strong data-node-id=\"20.5\">lontano da telecamere e riflettori<\/strong>? Che l&#8217;era della privacy abbia (finalmente) inizio.<\/p>\n<p>Related Stories<\/p>\n","protected":false},"excerpt":{"rendered":"Stefano De Martino il 3 ottobre ha spento 36 candeline e in questi anni, impossibile negarlo, sembra aver&hellip;\n","protected":false},"author":3,"featured_media":156300,"comment_status":"","ping_status":"","sticky":false,"template":"","format":"standard","meta":{"footnotes":"","_share_on_mastodon":"0"},"categories":[1451],"tags":[33428,1266,1764,1765,1621,1620,203,204,1537,90,89,1766,96628,96629,1780],"class_list":["post-156299","post","type-post","status-publish","format-standard","has-post-thumbnail","category-celebrita","tag-affari-tuoi","tag-amici","tag-belen-rodriguez","tag-caroline-tronelli","tag-celebrita","tag-celebrities","tag-entertainment","tag-intrattenimento","tag-it","tag-italia","tag-italy","tag-stefano-de-martino","tag-stefano-de-martino-belen","tag-stefano-de-martino-caroline","tag-traffico"],"share_on_mastodon":{"url":"","error":""},"_links":{"self":[{"href":"https:\/\/www.europesays.com\/it\/wp-json\/wp\/v2\/posts\/156299","targetHints":{"allow":["GET"]}}],"collection":[{"href":"https:\/\/www.europesays.com\/it\/wp-json\/wp\/v2\/posts"}],"about":[{"href":"https:\/\/www.europesays.com\/it\/wp-json\/wp\/v2\/types\/post"}],"author":[{"embeddable":true,"href":"https:\/\/www.europesays.com\/it\/wp-json\/wp\/v2\/users\/3"}],"replies":[{"embeddable":true,"href":"https:\/\/www.europesays.com\/it\/wp-json\/wp\/v2\/comments?post=156299"}],"version-history":[{"count":0,"href":"https:\/\/www.europesays.com\/it\/wp-json\/wp\/v2\/posts\/156299\/revisions"}],"wp:featuredmedia":[{"embeddable":true,"href":"https:\/\/www.europesays.com\/it\/wp-json\/wp\/v2\/media\/156300"}],"wp:attachment":[{"href":"https:\/\/www.europesays.com\/it\/wp-json\/wp\/v2\/media?parent=156299"}],"wp:term":[{"taxonomy":"category","embeddable":true,"href":"https:\/\/www.europesays.com\/it\/wp-json\/wp\/v2\/categories?post=156299"},{"taxonomy":"post_tag","embeddable":true,"href":"https:\/\/www.europesays.com\/it\/wp-json\/wp\/v2\/tags?post=156299"}],"curies":[{"name":"wp","href":"https:\/\/api.w.org\/{rel}","templated":true}]}}