{"id":156317,"date":"2025-10-09T22:57:09","date_gmt":"2025-10-09T22:57:09","guid":{"rendered":"https:\/\/www.europesays.com\/it\/156317\/"},"modified":"2025-10-09T22:57:09","modified_gmt":"2025-10-09T22:57:09","slug":"massimo-lovati-dopo-le-dichiarazioni-a-fabrizio-corona-vedremo-se-saro-ancora-io-lavvocato-della-famiglia-di-andrea-sempio","status":"publish","type":"post","link":"https:\/\/www.europesays.com\/it\/156317\/","title":{"rendered":"Massimo Lovati dopo le dichiarazioni a Fabrizio Corona: \u00abVedremo se sar\u00f2 ancora io l&#8217;avvocato della famiglia di Andrea Sempio\u00bb"},"content":{"rendered":"<p>    di<br \/>\n    Cesare Giuzzi<\/p>\n<p class=\"summary-art is-line-h-12\">Il mandato potrebbe essergli revocato dopo le esternazioni con Fabrizio Corona. Al di l\u00e0 della \u00abrecita\u00bb televisiva, secondo gli investigatori sa molto di pi\u00f9 di quel che vuole far credere<\/p>\n<p class=\"chapter-paragraph\">Il prossimo, ma non certo l\u2019ultimo, all-in dell\u2019avvocato <b>Massimo Lovati<\/b> servir\u00e0 per salvare l\u2019incarico. Quello che la famiglia di Andrea Sempio potrebbe revocargli dopo <b>l\u2019ennesima slavina in cui s\u2019\u00e8 auto-sepolto<\/b> con le <a href=\"https:\/\/milano.corriere.it\/notizie\/lombardia\/25_ottobre_08\/caso-garlasco-nella-bufera-massimo-lovati-avvocato-di-sempio-le-sue-dichiarazioni-a-fabrizio-corona-prive-di-fondamento-f439e7ae-35fd-457f-a170-3ed84265axlk.shtml\" rel=\"nofollow noopener\" target=\"_blank\"><b>dichiarazioni in libert\u00e0<\/b><\/a>, e ad alto<b> tasso alcolemico<\/b>, davanti al sempre velenoso <b>Fabrizio Corona<\/b>. Errore, e orrore per quei riferimenti al delitto Yara, ma anche per le <b>leggerezze dette a proposito della presunta corruzione sull\u2019indagine del 2017 <\/b>che vede ora indagato l\u2019ex procuratore di Pavia <a href=\"https:\/\/milano.corriere.it\/cronaca\/diretta-live\/25_settembre_26\/garlasco-news-delitto-ultime-diretta.shtml\" title=\"Caso Garlasco, Venditti indagato: \u00abL&#039;ex procuratore corrotto per scagionare Andrea Sempio\u00bb. Lui: \u00abMai preso soldi da nessuno\u00bb. I genitori del 37enne interrogati per 7 ore\" rel=\"nofollow noopener\" target=\"_blank\"><b>Mario Venditti<\/b><\/a>.\u00a0<\/p>\n<p class=\"chapter-paragraph\">Nei suoi dialoghi con l\u2019ex re dei paparazzi, tra un bicchiere e l\u2019altro, l\u2019avvocato Lovati <b>arriva a lasciare intendere che in effetti qualcosa di losco possa esserci stato.<\/b> Ma chiss\u00e0. Perch\u00e9 il legale di Sempio autodefinitosi nelle prime ore del nuovo caso Garlasco \u00ablegale di provincia e di battaglia\u00bb, \u00e8 stato in questi mesi pi\u00f9 di una comparsa in questa storia. Con <b>i suoi oracoli \u2013 alcuni clamorosamente falsi,<\/b> <b>altri incredibilmente verosimili <\/b>\u2013 Lovati ha spesso spostato l\u2019attenzione mediatica (e non solo) dalle reali accuse al suo assistito a scenari suggestivi e allusivi.<b> Come la storia del santuario della Bozzola e dei presunti abusi di una banda di pedofili<\/b>, o come i velati riferimenti a <b>complotti <\/b>orditi a volte dagli investigatori altre da non meglio definite entit\u00e0: <b>Opus Dei, massoneria, killer professionisti, potentati di provincia<\/b>.\u00a0    &#13;<br \/>\n&#13;<br \/>\n&#13;<br \/>\n&#13;<br \/>\n&#13;<br \/>\n&#13;<br \/>\n&#13;<br \/>\n&#13;<br \/>\n&#13;<br \/>\n&#13;<br \/>\n&#13;<br \/>\n&#13;<br \/>\n&#13;<br \/>\n&#13;<br \/>\n&#13;<br \/>\n&#13;<br \/>\n&#13;<br \/>\n&#13;<br \/>\n&#13;<br \/>\n&#13;<br \/>\n&#13;<br \/>\n&#13;<br \/>\n&#13;<br \/>\n&#13;<br \/>\n&#13;<br \/>\n&#13;<br \/>\n&#13;<br \/>\n&#13;<br \/>\n&#13;<br \/>\n&#13;<br \/>\n&#13;<br \/>\n&#13;<br \/>\n&#13;<br \/>\n&#13;<br \/>\n&#13;<br \/>\n&#13;<br \/>\n&#13;<br \/>\n&#13;<br \/>\n&#13;<br \/>\n&#13;<br \/>\n&#13;<br \/>\n&#13;<br \/>\n&#13;<br \/>\n&#13;<br \/>\n&#13;<br \/>\n&#13;<br \/>\n&#13;<br \/>\n&#13;<br \/>\n&#13;<br \/>\n&#13;<br \/>\n&#13;<br \/>\n&#13;<br \/>\n&#13;\n<\/p>\n<p class=\"chapter-paragraph\">Intemperanze, imprudenze, boutade che gli sono valsi un record: f<b>are arrabbiare l\u2019Ordine degli avvocati che ha aperto un procedimento disciplinare<\/b> e pure <b>la procura di Pavia<\/b> che mercoled\u00ec 8 ottobre ha rilasciato un durissimo quanto inusuale<b> comunicato ufficiale per smentire le sue illazioni da Corona<\/b>. Poi la pezza, certo peggiore del buco, dando la colpa a qualche <b>bicchiere di troppo<\/b>.\u00a0<\/p>\n<p>APPROFONDISCI CON IL PODCAST<\/p>\n<p class=\"chapter-paragraph\">Nella mattinata di gioved\u00ec 9 ottobre, <b>Lovati \u00e8 tornato a parlare da Federica Panicucci a Mattino 5<\/b>. E qui ha ammesso che <b>ora il suo incarico di difensore di Andrea Sempio traballa. \u00ab<\/b>Stasera ci incontreremo con la famiglia e<b> vedremo se sar\u00f2 ancora io il loro avvocato. <\/b>Io spero di restare, non ho intenzione di rimettere l\u2019incarico. Ma certo <b>potrebbero revocarmi\u00bb<\/b>, le sue parole.<\/p>\n<p class=\"chapter-paragraph\">Non \u00e8 la prima volta che i rapporti tra Lovati e i Sempio sono sul filo. Era gi\u00e0 accaduto mesi fa, dopo il caso della famosa\u00a0<a href=\"https:\/\/milano.corriere.it\/notizie\/cronaca\/25_luglio_25\/garlasco-l-impronta-33-lasciata-da-una-mano-imbrattata-di-sudore-e-materiale-ematico-la-perizia-dei-legali-di-stasi-2b7ecc94-5630-4d70-b6f0-2d53d81f4xlk.shtml\" title=\"Garlasco, l&#039;impronta 33 lasciata da una mano \u00abimbrattata di sudore e sangue\u00bb: la perizia dei legali di Stasi\" rel=\"nofollow noopener\" target=\"_blank\"><b>impronta \u00ab33\u00bb<\/b><\/a> e quando erano state tirate in ballo le storie della Bozzola. Era stato lui stesso ad ammetterlo: <b>\u00abVogliono farmi fuori\u00bb<\/b>. E in quei giorni si disse che dietro la possibile revoca del mandato c\u2019erano pressioni fortissime (smentite dai diretti interessati) che arrivavano anche dai legali della famiglia Poggi che poco gradivano le sue sparate. Poi per\u00f2 l\u2019all-in di Lovati gli aveva permesso di restare in sella.\u00a0<\/p>\n<p class=\"chapter-paragraph\">Le frizioni per\u00f2 non sono mai terminate. L\u2019ultima, e certamente pi\u00f9 sorprendente, \u00e8 legata alla dipartita del <a href=\"https:\/\/milano.corriere.it\/notizie\/cronaca\/25_ottobre_01\/garlasco-luciano-garofano-lascia-andrea-sempio-divergenze-con-i-suoi-legali-mancata-perizia-sull-impronta-33-39cc16df-6cc3-47f2-aaf8-e1fe1aabfxlk.shtml\" title=\"Garlasco, Luciano Garofano lascia Andrea Sempio: \u00abDivergenze con i suoi legali, mancata perizia sull&#039;impronta 33\u00bb\" rel=\"nofollow noopener\" target=\"_blank\"><b>super consulente Luciano Garofano<\/b><\/a> che ha deciso di lasciare all\u2019improvviso la difesa Sempio. Sui reali motivi si sa poco, le giustificazioni date fino qui puzzano di mezze verit\u00e0. Di certo per\u00f2 c\u2019\u00e8 stata la <b>non condivisione delle ultime iniziative di Lovati,<\/b> ossia la mancata richiesta di far entrare nell\u2019incidente probatorio l\u2019impronta 33. Richiesta che arrivava dal legale dei Poggi, l\u2019avvocato Gianluigi Tizzoni, che per\u00f2 non aveva titolo per avanzarla al giudice Daniela Garlaschelli.<\/p>\n<p class=\"chapter-paragraph\">Restano per\u00f2 molte questioni. La prima: <b>un consulente tecnico non ha titolo per entrare nella linea difensiva di un avvocato<\/b>, men che meno ha l\u2019obbligo di condividerla essendo appunto un mero tecnico incaricato su accertamenti specifici. Ma soprattutto perch\u00e9 la difesa Sempio avrebbe dovuto uniformarsi alle posizioni dei legali della parte offesa? Misteri del caso Garlasco, dove \u2013 anomalia nell\u2019anomalia \u2013 in questi mesi <b>la difesa di Sempio \u00e8 arrivata (almeno da un punto di vista mediatico) pi\u00f9 dal fronte Poggi che da quello dei suoi legali.<\/b> Caso pi\u00f9 unico che raro visto che Sempio \u00e8 accusato (bench\u00e9 innocente fino a condanna definitiva) di aver ucciso la loro figlia.<\/p>\n<p class=\"chapter-paragraph\">Ma il nuovo filone sulla presunta corruzione nel 2017 sta aprendo pi\u00f9 di una breccia. Perch\u00e9 sullo sfondo delle indagini restano molte figure alle quali ancora non \u00e8 stato dato un ruolo. A partire dagli <b>intermediari <\/b>della presunta corruzione a Venditti. Pochi giorni dopo le perquisizioni al pm e ai carabinieri, e ai familiari di Sempio, l\u2019avvocato Tizzoni ha fatto sapere d\u2019aver intrapreso iniziative legali sul <b>filmato delle Iene<\/b> in cui<b> la mamma di Sempio, Daniela Ferrari,<\/b> diceva d\u2019aver ricevuto (\u00abnon so se gratis o a pagamento\u00bb) atti d\u2019indagine proprio dallo storico legale dei Poggi prima dell\u2019interrogatorio del 2017. Sembra che Tizzoni non abbia querelato la madre di Sempio ma probabilmente gli autori del servizio, ma Daniela Ferrari \u00e8 stata sentita nei giorni scorsi nell\u2019interesse di Tizzoni a \u00abindagini difensive\u00bb.\u00a0<\/p>\n<p class=\"chapter-paragraph\">Ad assistere il legale dei Poggi, parte offesa in questa vicenda, \u00e8 il collega <b>Pier Paolo Pieragostini. <\/b>Lo stesso il cui nome compare in uno scritto sequestrato a casa Sempio, in particolare alla madre, in cui \u2013 alla fine di un lungo testo \u2013 si far riferimento al fatto che \u00abPieragostini sa tutto\u00bb. Lovati, anche su queste vicende, ha dato l\u2019impressione finora di recitare a volte la parte del pesce in barile, altre di saper reggere con sapienza i fili della questione.<b> L\u2019immagine dell\u2019avvocato di provincia, e persino dell\u2019avvocato ubriacone <\/b>(per sua stessa ammissione), sono perfetti per <b>la recita televisiva<\/b> ma <b>non corrispondono alla realt\u00e0<\/b>. Anche tra gli investigatori si sostiene che in realt\u00e0 <b>Lovati sappia molto di pi\u00f9 di quel che fa credere<\/b>, e che anzi la sua posizione potrebbe un domani diventare quella di uno scomodo testimone sulla vicenda della (presunta) corruzione. Perch\u00e9, questa la tesi, se i soldi sono passati di mano quasi certamente quelle mani non sono state dell\u2019avvocato Lovati, che per\u00f2 certamente qualcosa deve aver visto o percepito. E in questo senso vanno anche le sue parole \u2013 per quanto siano davvero credibili \u2013 da Corona.\u00a0<\/p>\n<p class=\"is-mr-t-20 is-mr-b-20\"><b><br \/>\n                    <a href=\"https:\/\/milano.corriere.it\/?intcmp=Notizielocali_nd_010623_corriere_ss_milano\" target=\"_blank\" rel=\"nofollow noopener\">Vai a tutte le notizie di Milano<\/a><br \/>\n            <\/b><\/p>\n<p class=\"chapter-paragraph\"><b><a href=\"https:\/\/www.corriere.it\/newsletter\/?theme=41&amp;intcmp=IIIcolonna_NL_CorMilano\" target=\"_blank\" rel=\"nofollow noopener\">Iscriviti alla newsletter di Corriere Milano<\/a><\/b><\/p>\n<p class=\"is-last-update\" datetime=\"2025-10-09T22:47:36+02:00\">9 ottobre 2025 ( modifica il 9 ottobre 2025 | 22:47)<\/p>\n<p class=\"is-copyright\">\n            \u00a9 RIPRODUZIONE RISERVATA\n        <\/p>\n","protected":false},"excerpt":{"rendered":"di Cesare Giuzzi Il mandato potrebbe essergli revocato dopo le esternazioni con Fabrizio Corona. Al di l\u00e0 della&hellip;\n","protected":false},"author":3,"featured_media":156318,"comment_status":"","ping_status":"","sticky":false,"template":"","format":"standard","meta":{"footnotes":""},"categories":[79],"tags":[1495,2700,11083,96635,1239,96636,12556,69887,9933,1243,11973,5621,19895,14,93,94,44109,86913,1277,1102,767,96633,1115,12732,375,1909,96637,96638,2097,368,6057,3596,49,950,486,20614,21838,1537,90,89,53,8428,96634,11062,94517,4045,328,1285,19732,5983,7,15,26180,893,4979,8141,96639,11065,6290,96631,438,1918,1447,3969,71510,96640,900,6193,11066,96632,11,84,91,12,85,92],"class_list":{"0":"post-156317","1":"post","2":"type-post","3":"status-publish","4":"format-standard","5":"has-post-thumbnail","7":"category-italia","8":"tag-altre","9":"tag-andrea","10":"tag-andrea-sempio","11":"tag-anomalia","12":"tag-avvocato","13":"tag-avvocato-lovati","14":"tag-bicchiere","15":"tag-bozzola","16":"tag-certamente","17":"tag-consulente","18":"tag-corona","19":"tag-corruzione","20":"tag-credere","21":"tag-cronaca","22":"tag-cronaca-italiana","23":"tag-cronacaitaliana","24":"tag-daniela","25":"tag-daniela-ferrari","26":"tag-dato","27":"tag-dichiarazioni","28":"tag-difesa","29":"tag-difesa-sempio","30":"tag-entrare","31":"tag-fabrizio","32":"tag-fabrizio-corona","33":"tag-famiglia","34":"tag-famiglia-andrea","35":"tag-famiglia-andrea-sempio","36":"tag-far","37":"tag-ferrari","38":"tag-garlasco","39":"tag-impronta","40":"tag-incarico","41":"tag-indagine","42":"tag-indagini","43":"tag-iniziative","44":"tag-investigatori","45":"tag-it","46":"tag-italia","47":"tag-italy","48":"tag-lasciare","49":"tag-legale","50":"tag-legale-poggi","51":"tag-legali","52":"tag-lovati","53":"tag-madre","54":"tag-mandato","55":"tag-massimo","56":"tag-massimo-lovati","57":"tag-molte","58":"tag-news","59":"tag-notizie","60":"tag-offesa","61":"tag-ottobre","62":"tag-parole","63":"tag-pavia","64":"tag-pieragostini","65":"tag-poggi","66":"tag-presunta","67":"tag-presunta-corruzione","68":"tag-provincia","69":"tag-quei","70":"tag-reali","71":"tag-realta","72":"tag-recita","73":"tag-recita-televisiva","74":"tag-restano","75":"tag-sa","76":"tag-sempio","77":"tag-tizzoni","78":"tag-ultime-notizie","79":"tag-ultime-notizie-e-news-di-oggi","80":"tag-ultime-notizie-italia","81":"tag-ultimenotizie","82":"tag-ultimenotizieenewsdioggi","83":"tag-ultimenotizieitalia"},"share_on_mastodon":{"url":"","error":""},"_links":{"self":[{"href":"https:\/\/www.europesays.com\/it\/wp-json\/wp\/v2\/posts\/156317","targetHints":{"allow":["GET"]}}],"collection":[{"href":"https:\/\/www.europesays.com\/it\/wp-json\/wp\/v2\/posts"}],"about":[{"href":"https:\/\/www.europesays.com\/it\/wp-json\/wp\/v2\/types\/post"}],"author":[{"embeddable":true,"href":"https:\/\/www.europesays.com\/it\/wp-json\/wp\/v2\/users\/3"}],"replies":[{"embeddable":true,"href":"https:\/\/www.europesays.com\/it\/wp-json\/wp\/v2\/comments?post=156317"}],"version-history":[{"count":0,"href":"https:\/\/www.europesays.com\/it\/wp-json\/wp\/v2\/posts\/156317\/revisions"}],"wp:featuredmedia":[{"embeddable":true,"href":"https:\/\/www.europesays.com\/it\/wp-json\/wp\/v2\/media\/156318"}],"wp:attachment":[{"href":"https:\/\/www.europesays.com\/it\/wp-json\/wp\/v2\/media?parent=156317"}],"wp:term":[{"taxonomy":"category","embeddable":true,"href":"https:\/\/www.europesays.com\/it\/wp-json\/wp\/v2\/categories?post=156317"},{"taxonomy":"post_tag","embeddable":true,"href":"https:\/\/www.europesays.com\/it\/wp-json\/wp\/v2\/tags?post=156317"}],"curies":[{"name":"wp","href":"https:\/\/api.w.org\/{rel}","templated":true}]}}