{"id":156360,"date":"2025-10-09T23:35:14","date_gmt":"2025-10-09T23:35:14","guid":{"rendered":"https:\/\/www.europesays.com\/it\/156360\/"},"modified":"2025-10-09T23:35:14","modified_gmt":"2025-10-09T23:35:14","slug":"piganzoli-finire-bene-la-stagione-per-affrontare-poi-la-nuova-avventura-con-la-visma","status":"publish","type":"post","link":"https:\/\/www.europesays.com\/it\/156360\/","title":{"rendered":"PIGANZOLI. \u00abFINIRE BENE LA STAGIONE PER AFFRONTARE POI LA NUOVA AVVENTURA CON LA VISMA\u00bb"},"content":{"rendered":"<p class=\"MsoNormal\" style=\"text-align: justify;\">Concludere il 2025 su note alte per poi lanciarsi, anima e corpo, in una nuova stimolante avventura. \u00c8 con questa idea che <b>Davide Piganzoli<\/b> andr\u00e0 ad affrontare le ultime fatiche della stagione, un\u2019annata che, dopo il secondo <b>Giro d\u2019Italia<\/b> della carriera e i podi a <b>O Gran Cami\u00f1o, Route d\u2019Occitanie<\/b> e <b>GP Industria &amp; Artigianato<\/b>, lo proietter\u00e0 in una delle formazioni pi\u00f9 vincenti e forti del panorama internazionale, ossia il <b>Team Visma Lease a Bike<\/b>.\n            <\/p>\n<p class=\"MsoNormal\" style=\"text-align: justify;\">Con la formazione giallonera e al fianco di Jonas Vingegaard, Wout van Aert, Matteo Jorgenson e Sepp Kuss, il ventitreenne valtellinese avr\u00e0 certamente l\u2019opportunit\u00e0 di sgrezzare ancora il proprio talento e proseguire il proprio graduale percorso di crescita avviato in casa <b>Basso<\/b> e <b>Contador,<\/b> ma prima c\u2019\u00e8 appunto da finire nel miglior modo possibile l\u2019avventura con la compagine italo-spagnola che ha avuto il merito di lanciarlo ad alti livelli.<\/p>\n<p class=\"MsoNormal\" style=\"text-align: justify;\">\u201cSicuramente c&#8217;\u00e8 tanta voglia di finire bene la stagione. Ho fatto una buona preparazione per questa parte conclusiva di 2025 anche se sono incappato in una caduta al Giro di Lussemburgo che mi ha un po&#8217; destabilizzato. Diciamo che non sono ancora al top, ma credo di poter crescere. Ci sono ancora alcune possibilit\u00e0 da qua a fine anno, quindi cercheremo di sfruttarle al meglio\u201d ci ha raccontato un Piganzoli pronto a lasciare il <b>Team Polti-VisitMalta<\/b> colmo di gratitudine.<\/p>\n<p class=\"MsoNormal\" style=\"text-align: justify;\">\u201cSicuramente, per me sono stati cinque anni bellissimi perch\u00e9, sia nei primi due da Under che gli ultimi tre da professionista, penso di essermi tolto tante soddisfazioni e di averne regalate altrettante alla squadra. Non c\u2019\u00e8 dubbio sul fatto che sia stata un\u2019esperienza che mi ha fatto crescere come corridore ma prima ancora come persona\u201d.<\/p>\n<p class=\"MsoNormal\" style=\"text-align: justify;\">Sar\u00e0 dunque un Piganzoli diverso e pi\u00f9 maturo quello che approder\u00e0 alla corte di Richard Plugge, squadra che non ha impiegato tanto a decidere d\u2019ingaggiare il classe 2002 e puntare su di lui per le prossime stagioni.<\/p>\n<p class=\"MsoNormal\" style=\"text-align: justify;\">\u201cMi hanno scritto a inizio anno, verso febbraio\u201d ci ha spiegato Davide. \u201cIo in quel momento ero piuttosto impegnato con diverse gare, O Gran Cami\u00f1o e Tirreno, per\u00f2 siamo riusciti in poco tempo a programmare una call. Il loro progetto mi \u00e8 piaciuto fin da subito e prima di salire sul Teide e andare poi al Tour of the Alps ho firmato e devo dire che questo mi ha dato nell\u2019immediato tanta sicurezza e tanta tranquillit\u00e0\u201d ha rivelato Piganzoli che si ritrover\u00e0 ad apprendere trucchi, segreti e consigli da alcuni dei migliori interpreti delle salite e delle corse a tappe in circolazione.<\/p>\n<p class=\"MsoNormal\" style=\"text-align: justify;\">\u201cCorrere con campioni come quelli sotto contratto in Visma sar\u00e0 sicuramente motivo di grande stimolo. So anche che, ed \u00e8 normale quando si entra in una squadra cos\u00ec grande, ci sar\u00e0 tanto da lavorare e tanto da imparare ma sono sicuro che potr\u00f2 fare dei buoni passi in avanti\u201d ha affermato sicuro l\u2019azzurro, chiamato a immergersi nella nuova realt\u00e0, al pari degli altre due nuovi innesti italiani (Fiorelli e Mattio) della rappresentativa olandese per il 2026, sin dalle prossime settimane.<\/p>\n<p class=\"MsoNormal\" style=\"text-align: justify;\">\u201cA fine novembre\u00a0faremo quattro giorni di ritiro per conoscerci, per provare la bici e i materiali e accennare un poco alla questione calendario. Da questo punto di vista, cercher\u00f2 di ascoltare la squadra, cosa mi proporranno e che strada seguire per il primo anno. Quindi, sicuramente, faremo un secondo ritiro a dicembre e poi un terzo a gennaio, sempre in Spagna\u201d ha chiosato il nativo di Morbegno dimostrando di aver gi\u00e0 ben presente in mente cosa lo attende quest\u2019inverno.<\/p>\n","protected":false},"excerpt":{"rendered":"Concludere il 2025 su note alte per poi lanciarsi, anima e corpo, in una nuova stimolante avventura. \u00c8&hellip;\n","protected":false},"author":3,"featured_media":156361,"comment_status":"","ping_status":"","sticky":false,"template":"","format":"standard","meta":{"footnotes":""},"categories":[1456],"tags":[1824,1825,1537,90,89,67510,37053,245,244,9209],"class_list":{"0":"post-156360","1":"post","2":"type-post","3":"status-publish","4":"format-standard","5":"has-post-thumbnail","7":"category-ciclismo","8":"tag-ciclismo","9":"tag-cycling","10":"tag-it","11":"tag-italia","12":"tag-italy","13":"tag-piganzoli","14":"tag-polti-visitmalta","15":"tag-sport","16":"tag-sports","17":"tag-visma-lease-a-bike"},"share_on_mastodon":{"url":"","error":""},"_links":{"self":[{"href":"https:\/\/www.europesays.com\/it\/wp-json\/wp\/v2\/posts\/156360","targetHints":{"allow":["GET"]}}],"collection":[{"href":"https:\/\/www.europesays.com\/it\/wp-json\/wp\/v2\/posts"}],"about":[{"href":"https:\/\/www.europesays.com\/it\/wp-json\/wp\/v2\/types\/post"}],"author":[{"embeddable":true,"href":"https:\/\/www.europesays.com\/it\/wp-json\/wp\/v2\/users\/3"}],"replies":[{"embeddable":true,"href":"https:\/\/www.europesays.com\/it\/wp-json\/wp\/v2\/comments?post=156360"}],"version-history":[{"count":0,"href":"https:\/\/www.europesays.com\/it\/wp-json\/wp\/v2\/posts\/156360\/revisions"}],"wp:featuredmedia":[{"embeddable":true,"href":"https:\/\/www.europesays.com\/it\/wp-json\/wp\/v2\/media\/156361"}],"wp:attachment":[{"href":"https:\/\/www.europesays.com\/it\/wp-json\/wp\/v2\/media?parent=156360"}],"wp:term":[{"taxonomy":"category","embeddable":true,"href":"https:\/\/www.europesays.com\/it\/wp-json\/wp\/v2\/categories?post=156360"},{"taxonomy":"post_tag","embeddable":true,"href":"https:\/\/www.europesays.com\/it\/wp-json\/wp\/v2\/tags?post=156360"}],"curies":[{"name":"wp","href":"https:\/\/api.w.org\/{rel}","templated":true}]}}