{"id":156370,"date":"2025-10-09T23:40:12","date_gmt":"2025-10-09T23:40:12","guid":{"rendered":"https:\/\/www.europesays.com\/it\/156370\/"},"modified":"2025-10-09T23:40:12","modified_gmt":"2025-10-09T23:40:12","slug":"michelle-hunziker-sul-set-sempre-e-solo-i-tacchi-alti-con-ununica-eccezione","status":"publish","type":"post","link":"https:\/\/www.europesays.com\/it\/156370\/","title":{"rendered":"Michelle Hunziker: \u00abSul set sempre e solo i tacchi alti. Con un&#8217;unica eccezione\u2026\u00bb"},"content":{"rendered":"<p><img decoding=\"async\" alt=\"Michelle Hunziker per Marco Tozzi.\" loading=\"lazy\" class=\"ResponsiveImageContainer-eNxvmU cfBbTk responsive-image__image\"   src=\"https:\/\/www.europesays.com\/it\/wp-content\/uploads\/2025\/10\/michelle%20hunziker.jpg\"\/><\/p>\n<p>Michelle Hunziker per Marco Tozzi.<\/p>\n<p><strong>Come si \u00e8 evoluto il suo rapporto con la moda?<\/strong><br \/>\u00abA causa del lavoro che faccio il mio stile si \u00e8 evoluto molto nel corso degli anni. La moda mi incuriosisce molto, \u00e8 un settore molto importante per l&#8217;economia italiana. Giocare con abiti e accessori, poi, \u00e8 divertente perch\u00e9 hanno il potere di modificare il tuo stato d&#8217;animo, facendoti sentire a tuo agio. Sin da quando sono bambina, sono stata abituata da mia mamma a vestirmi in modo curato anche per andare al mercatino. Lei era sempre impeccabile, chic e profumatissima e mi ha insegnato a prendermi cura di me. Ancora adesso, per me \u00e8 inconcepibile uscire in tuta: indosso l&#8217;abbigliamento sportivo solo quando faccio esercizio\u00bb.<\/p>\n<p><strong>Le sue figlie attingono spesso dal suo armadio?<\/strong><br \/>\u00abCiascuna ha la propria personalit\u00e0 e gusti diversi ma tutte vengono immancabilmente fare \u00abshopping\u00bb nel mio guardaroba! Ci sono volte in cui mi devo preparare e siamo tutte li, \u00e8 folle. Sole, che ha quasi dodici anni, la mattina viene a vestirsi da me, come se fosse in un negozio. Oltretutto porta il mio stesso numero di scarpe quindi pu\u00f2 attingere anche da l\u00ec\u00bb.<\/p>\n<p><strong>Le piace fare acquisti?<\/strong><br \/>\u00abNon esattamente. Sul set, ovviamente, mi cambio in continuazione motivo per cui lo shopping non mi diverte tanto perch\u00e9 lo associo al lavoro. Vado due volte l&#8217;anno, rigorosamente da sola, e in boutique, quando mi vedono arrivare, sono sempre tutti molto felici perch\u00e9 acquisto tutto ci\u00f2 che potrebbe servirmi in un solo round. Cerco di concludere il prima possibile e provo tutto, motivo per cui non amo fare shopping on-line, se non per le mie figlie. Che accompagno molto volentieri a fare compere nei negozi che preferiscono. Ecco, mi piace far fare acquisti agli altri pi\u00f9 di ogni altra cosa\u00bb.<\/p>\n<p><strong>Ha scarpe che considera porta fortuna?<\/strong><br \/>\u00abNo, perch\u00e9 non sono affatto superstiziosa anche se riconosco che sia una cosa molto seria. La mente \u00e8 potente e se ritieni che qualcosa sia di male auspicio finisce che un po&#8217; te la chiami. Al contrario, preferisco concentrami sulla gratitudine. Io vivo grata e a fine giornata, anche se \u00e8 successo qualcosa che mi ha messo di malumore, rivolgo sempre un pensiero alle cose belle e positive che ci sono nella mia vita, ricordandomi di quanto sono fortunata\u00bb.<\/p>\n","protected":false},"excerpt":{"rendered":"Michelle Hunziker per Marco Tozzi. Come si \u00e8 evoluto il suo rapporto con la moda?\u00abA causa del lavoro&hellip;\n","protected":false},"author":3,"featured_media":156371,"comment_status":"","ping_status":"","sticky":false,"template":"","format":"standard","meta":{"footnotes":""},"categories":[1451],"tags":[1621,1620,203,204,1537,90,89,7541,14285],"class_list":{"0":"post-156370","1":"post","2":"type-post","3":"status-publish","4":"format-standard","5":"has-post-thumbnail","7":"category-celebrita","8":"tag-celebrita","9":"tag-celebrities","10":"tag-entertainment","11":"tag-intrattenimento","12":"tag-it","13":"tag-italia","14":"tag-italy","15":"tag-michelle-hunziker","16":"tag-scarpe"},"share_on_mastodon":{"url":"","error":""},"_links":{"self":[{"href":"https:\/\/www.europesays.com\/it\/wp-json\/wp\/v2\/posts\/156370","targetHints":{"allow":["GET"]}}],"collection":[{"href":"https:\/\/www.europesays.com\/it\/wp-json\/wp\/v2\/posts"}],"about":[{"href":"https:\/\/www.europesays.com\/it\/wp-json\/wp\/v2\/types\/post"}],"author":[{"embeddable":true,"href":"https:\/\/www.europesays.com\/it\/wp-json\/wp\/v2\/users\/3"}],"replies":[{"embeddable":true,"href":"https:\/\/www.europesays.com\/it\/wp-json\/wp\/v2\/comments?post=156370"}],"version-history":[{"count":0,"href":"https:\/\/www.europesays.com\/it\/wp-json\/wp\/v2\/posts\/156370\/revisions"}],"wp:featuredmedia":[{"embeddable":true,"href":"https:\/\/www.europesays.com\/it\/wp-json\/wp\/v2\/media\/156371"}],"wp:attachment":[{"href":"https:\/\/www.europesays.com\/it\/wp-json\/wp\/v2\/media?parent=156370"}],"wp:term":[{"taxonomy":"category","embeddable":true,"href":"https:\/\/www.europesays.com\/it\/wp-json\/wp\/v2\/categories?post=156370"},{"taxonomy":"post_tag","embeddable":true,"href":"https:\/\/www.europesays.com\/it\/wp-json\/wp\/v2\/tags?post=156370"}],"curies":[{"name":"wp","href":"https:\/\/api.w.org\/{rel}","templated":true}]}}