{"id":156456,"date":"2025-10-10T00:47:14","date_gmt":"2025-10-10T00:47:14","guid":{"rendered":"https:\/\/www.europesays.com\/it\/156456\/"},"modified":"2025-10-10T00:47:14","modified_gmt":"2025-10-10T00:47:14","slug":"marwan-barghouti-chi-e-il-prigioniero-palestinese-e-perche-israele-non-vuole-consegnarlo-ad-hamas-il-messaggero","status":"publish","type":"post","link":"https:\/\/www.europesays.com\/it\/156456\/","title":{"rendered":"Marwan Barghouti, chi \u00e8 il prigioniero palestinese e perch\u00e9 Israele non vuole consegnarlo ad Hamas &#8211; Il Messaggero"},"content":{"rendered":"<ol>\n<li><a href=\"https:\/\/news.google.com\/rss\/articles\/CBMixAFBVV95cUxNcTZGOS1meUpDYzlnbDlhUDVJcTJOWDhLaFppRWpXRnVWNlQtbXJRR19aaUVlNTM4WE04S3RuUUlSbUpHVjZELVphWExhb2FQUG5Bd2JUYXZkSXJPTE5EeG54enVfTDYtektKMm9vX2NpeVRuSGRYbDVxeWtTTy10djZpSms2eEZkWGZYQ3Itd2x5Z2xUeUM2Qkk1ZUxjTTlwaE54MlhpMU5mNGROYWRzb1hJMDBmV01ELW5jdUZvb2lvdEo30gHKAUFVX3lxTE1YcGI4R196MFpqT1FrX1JNLXUyek1STm5LVHdaRHpnNVRSNE9Zb2hrcllaRlg0bld0eXRyQUZQVElsLU04djNfTVBrcTkzRlJBOXpFQUF2OGpibF9YdXJ4cXlqb2o3S3ByY25QS3RtZ2N4VS1ZNktaZ2NEMlowY0tSV1JYaGxuLW1SdG1FOEJpU1hHNTc4UDl5UkZKSjBHN3dhVUJHWDF3bi10Y2JCOXJmblJSM1QzNzVKQ04yU3pZMnA3cDNnLWlfcmc?oc=5\" target=\"_blank\" rel=\"nofollow noopener\">Marwan Barghouti, chi \u00e8 il prigioniero palestinese e perch\u00e9 Israele non vuole consegnarlo ad Hamas<\/a>&nbsp;&nbsp;Il Messaggero<\/li>\n<li><a href=\"https:\/\/news.google.com\/rss\/articles\/CBMia0FVX3lxTE9RT3lIQ3JUMnY2cXVZREVadE9QRXJzanNnM1E1Q2RXU2UyWmNXZTdOeW1FSnNQVkJPRWJydDRZRHhTcGR1R0VvaHZuS3VYR3RTdjZ4UVdQY3ZqYXdValVPSUVPR3JROW5aNjc0?oc=5\" target=\"_blank\" rel=\"nofollow noopener\">Chi \u00e8 Marwan Barghouti, il prigioniero palestinese che Israele non vuole rilasciare<\/a>&nbsp;&nbsp;Sky TG24<\/li>\n<li><a href=\"https:\/\/news.google.com\/rss\/articles\/CBMiqAFBVV95cUxPMWFOXzlXWFJ4Mk8tcnlCSnZYSWl3QllXb3hRaUNmdmxTUmsyYVIxT21xeUphZFJLdTUteHkzbng3TEhfaW12b0JrZER4WXVoaHVlMzBHMlZNbk1qTzU5SHlUZHpQQWN5ZEltTGZ3X3RyamstZ3NIUjFKLVJqSUlmbjFSbFFBNEdVN291TTN1MHd1djRtWVRESWs1U1pOLXVBU0dMY3I0NnDSAa4BQVVfeXFMTTVEUmdvbmdWanp5SDNQZ1I4TUx4Q3dXczRHdkl1TE5LbnJXcUdCSnNyckZuUmxNSnJqanJYWmI1ZVlmVVM5VEJGejZ4NTZrMkVjZUEzUlQyMzB4eWlraXhGeldRTnRIMUdaRzg5ZWFkY0tZemh4ekI0VFFCeHh4T3FGQlJIZ19kVTZXR0VqV0F1VXQydUN1cHBpOUhZdGhfTUhsc0ZlVE0tNVJVZzlB?oc=5\" target=\"_blank\" rel=\"nofollow noopener\">La tregua a Gaza? Non chiamiamola pace: non sar\u00e0 nemmeno liberato Marwan Barghouti<\/a>&nbsp;&nbsp;Il Fatto Quotidiano<\/li>\n<li><a href=\"https:\/\/news.google.com\/rss\/articles\/CBMi2wFBVV95cUxNYlBSVll0M041WS0xUl9IT1phNkZjeC1LNTQ0WlA2ZWFZNW5INUtzZkd5RzNsMl9Udk1wYnBNTkZFRERoWVg2Smh3NkpfM1lkVzRKaGw0MExHVk5zUVJsa184V1dkWTM0Rm1lYWlsTDN1RnJsRDNHaGZNX3NQTEJPNlNzNWxnbkEwQS1qT0JXMTNDZ052RlpxN2xpRVFQaDUtTlNRbjFUUzNOeUtWRjNPRW5QVWZ4cHhDUnFDRk9RX0xQV21VamN5ME5lbl8zVDcxSG10d3d3NENOdW_SAeABQVVfeXFMTTR1XzZDSndZMlBkcXRqNTFOZTEydXVDdTlsNnk5TFVBMzBRTFNxdmFHd0NNeWxOcVlEaDAwMGpaS2pmcHlxdklhR3RpTk1hb2FWRFRwcUpqYXMtQnRGOHRVVm56YW41dGl5UDl0UVY0TF9ad2I0eXl3Z2hrOXo2VXQ5NlFHdDkwZ1EyNF9lOU0xanlWX2pOcWFMUmhZQW9kSUVxRHNOVzBpMkI0M2VTYXp4U0hnN3VDaWlncVdOUXFpX3l1UllNa0dYM29TQ0RDNm5rTk11QnFmVC1lY2lWcEs?oc=5\" target=\"_blank\" rel=\"nofollow noopener\">I 7 nomi nella lista di Hamas cruciali per l&#8217;accordo<\/a>&nbsp;&nbsp;ANSA<\/li>\n<li><a href=\"https:\/\/news.google.com\/rss\/articles\/CBMipgFBVV95cUxOai1YZkhNX1lvdVlrQlNYZmxMZUNwV00xeS03VWJFMTRmTy1sZE95TTd4UFVwaVZWNXBKdzRXcVM0VjgxcHVMZVlRblRmN3U5ZWFNZWZDN2VxSFktUEtvcU9VU2d6OXRkdEw2clEtSWdHdFY2eXN4V25mQUlTN05lNDh2dmROWHdOa080X2tBVFlEeElCb04xb3JvX3lVX3JIZE1TYmpB0gGrAUFVX3lxTE1mMlVPY1J5Q0dhMWd3M21FZFRVSHJIUUJzRzdLbl93eUVSSXdhbWhJTW5oNlVhNEVQNWVnODhDejNFelhyRWFVQlFBa01iSFF2VkJrVGJTd0tXN1NuQWVCSHVwNE5TWTBIV1VOcEZ0ZXdtTGZrR21CdTlYTTJkZVp4TGN5M2g4cGJpTDQxb0RBWmdhTkpkVl9Oc0JEU2NYSEZxbUtscmxxZjRGMA?oc=5\" target=\"_blank\" rel=\"nofollow noopener\">Marwan Barghouti, perch\u00e9 Israele non vuole rilasciare il \u201cMandela palestinese\u201d<\/a>&nbsp;&nbsp;La Stampa<\/li>\n<\/ol>\n","protected":false},"excerpt":{"rendered":"Marwan Barghouti, chi \u00e8 il prigioniero palestinese e perch\u00e9 Israele non vuole consegnarlo ad Hamas&nbsp;&nbsp;Il Messaggero Chi \u00e8&hellip;\n","protected":false},"author":3,"featured_media":156457,"comment_status":"","ping_status":"","sticky":false,"template":"","format":"standard","meta":{"footnotes":""},"categories":[6],"tags":[12667,14,73,77,75,8,72,1537,90,89,94136,7673,7,15,82,9,83,10,13,243,11,80,84,12,81,85],"class_list":{"0":"post-156456","1":"post","2":"type-post","3":"status-publish","4":"format-standard","5":"has-post-thumbnail","7":"category-ultime-notizie","8":"tag-accordo-gaza","9":"tag-cronaca","10":"tag-gaza","11":"tag-guerra","12":"tag-hamas","13":"tag-headlines","14":"tag-israele","15":"tag-it","16":"tag-italia","17":"tag-italy","18":"tag-marwan-barghouti","19":"tag-medio-oriente","20":"tag-news","21":"tag-notizie","22":"tag-notizie-di-cronaca","23":"tag-notizie-principali","24":"tag-notiziedicronaca","25":"tag-notizieprincipali","26":"tag-titoli","27":"tag-ultima-ora","28":"tag-ultime-notizie","29":"tag-ultime-notizie-di-cronaca","30":"tag-ultime-notizie-e-news-di-oggi","31":"tag-ultimenotizie","32":"tag-ultimenotiziedicronaca","33":"tag-ultimenotizieenewsdioggi"},"share_on_mastodon":{"url":"","error":""},"_links":{"self":[{"href":"https:\/\/www.europesays.com\/it\/wp-json\/wp\/v2\/posts\/156456","targetHints":{"allow":["GET"]}}],"collection":[{"href":"https:\/\/www.europesays.com\/it\/wp-json\/wp\/v2\/posts"}],"about":[{"href":"https:\/\/www.europesays.com\/it\/wp-json\/wp\/v2\/types\/post"}],"author":[{"embeddable":true,"href":"https:\/\/www.europesays.com\/it\/wp-json\/wp\/v2\/users\/3"}],"replies":[{"embeddable":true,"href":"https:\/\/www.europesays.com\/it\/wp-json\/wp\/v2\/comments?post=156456"}],"version-history":[{"count":0,"href":"https:\/\/www.europesays.com\/it\/wp-json\/wp\/v2\/posts\/156456\/revisions"}],"wp:featuredmedia":[{"embeddable":true,"href":"https:\/\/www.europesays.com\/it\/wp-json\/wp\/v2\/media\/156457"}],"wp:attachment":[{"href":"https:\/\/www.europesays.com\/it\/wp-json\/wp\/v2\/media?parent=156456"}],"wp:term":[{"taxonomy":"category","embeddable":true,"href":"https:\/\/www.europesays.com\/it\/wp-json\/wp\/v2\/categories?post=156456"},{"taxonomy":"post_tag","embeddable":true,"href":"https:\/\/www.europesays.com\/it\/wp-json\/wp\/v2\/tags?post=156456"}],"curies":[{"name":"wp","href":"https:\/\/api.w.org\/{rel}","templated":true}]}}