{"id":156518,"date":"2025-10-10T01:48:12","date_gmt":"2025-10-10T01:48:12","guid":{"rendered":"https:\/\/www.europesays.com\/it\/156518\/"},"modified":"2025-10-10T01:48:12","modified_gmt":"2025-10-10T01:48:12","slug":"a-portico-e-tempo-di-sagra-dei-frutti-del-sottobosco-e-dellartigianato-artistico","status":"publish","type":"post","link":"https:\/\/www.europesays.com\/it\/156518\/","title":{"rendered":"A Portico \u00e8 tempo di Sagra dei frutti del sottobosco e dell&#8217;artigianato artistico"},"content":{"rendered":"<p>&#13;<br \/>\n      &#13;<br \/>\n&#13;<br \/>\n     &#13;<br \/>\n        &#13;<\/p>\n<p>Dal 1981 Portico di Romagna celebra la \u201cSagra dei frutti del sottobosco e dell\u2019artigianato artistico\u201d, un appuntamento autunnale pensato per fare conoscere le bellezze e le bont\u00e0 di stagione di questo terri\u00adtorio ai confini con la Toscana. La sagra, come da tradizione, viene ospitata nel cuore del borgo storico del piccolo paese con produttori e artigiani selezionati e le prelibatezze della cucina locale. La gastronomia \u00e8 assicurata dalla Pro Loco, che allestisce un grande spazio coperto nell\u2019area delle feste per la degustazione di prelibati piatti della tradizione tosco-romagnola.<\/p>\n<p>Programma<\/p>\n<p>Ore 10 apertura della mostra mercato<br \/>Ore 11.30 apertura degli stand gastronomici CI<br \/>Ore 15 concerto degli Brass to House nel Giardino di Dante e Beatrice<\/p>\n<p>Per tutta la giornata, lungo via Altarina, sar\u00e0 esposta la mostra fotografica di Massimo Assirelli &#8220;Ritratti di paese&#8221;. La mostra condurr\u00e0 al giardino di &#8220;Dante e Beatrice&#8221; e alla Torre Portinari. Sar\u00e0 inoltre visitabile la Torre Portinari con la mostra \u201cL&#8217;altro volto della terra\u201d. Nel giardino di Dante e Beatrice saranno attivi anche laboratori creativi, trucca bimbi e giochi di strada.<\/p>\n<p> &#13;<br \/>\n       &#13;<br \/>\n&#13;<br \/>\n&#13;<br \/>\n  &#13;<br \/>\n  &#13;<br \/>\n&#13;<br \/>\n    &#13;<br \/>\n&#13;<br \/>\n        &#13;<br \/>\n        &#13;<br \/>\n               &#13;<br \/>\n      &#13;<br \/>\n      &#13;<br \/>\n                  &#13;<br \/>\n   &#13;<br \/>\n&#13;<br \/>\n &#13;<br \/>\n      &#13;<br \/>\n&#13;<br \/>\n      &#13;<\/p>\n","protected":false},"excerpt":{"rendered":"&#13; &#13; &#13; &#13; &#13; Dal 1981 Portico di Romagna celebra la \u201cSagra dei frutti del sottobosco e&hellip;\n","protected":false},"author":3,"featured_media":156519,"comment_status":"","ping_status":"","sticky":false,"template":"","format":"standard","meta":{"footnotes":""},"categories":[1474],"tags":[626,1537,90,89,35806,245,244,1869],"class_list":{"0":"post-156518","1":"post","2":"type-post","3":"status-publish","4":"format-standard","5":"has-post-thumbnail","7":"category-volley","8":"tag-eventi","9":"tag-it","10":"tag-italia","11":"tag-italy","12":"tag-sagra","13":"tag-sport","14":"tag-sports","15":"tag-volley"},"share_on_mastodon":{"url":"","error":""},"_links":{"self":[{"href":"https:\/\/www.europesays.com\/it\/wp-json\/wp\/v2\/posts\/156518","targetHints":{"allow":["GET"]}}],"collection":[{"href":"https:\/\/www.europesays.com\/it\/wp-json\/wp\/v2\/posts"}],"about":[{"href":"https:\/\/www.europesays.com\/it\/wp-json\/wp\/v2\/types\/post"}],"author":[{"embeddable":true,"href":"https:\/\/www.europesays.com\/it\/wp-json\/wp\/v2\/users\/3"}],"replies":[{"embeddable":true,"href":"https:\/\/www.europesays.com\/it\/wp-json\/wp\/v2\/comments?post=156518"}],"version-history":[{"count":0,"href":"https:\/\/www.europesays.com\/it\/wp-json\/wp\/v2\/posts\/156518\/revisions"}],"wp:featuredmedia":[{"embeddable":true,"href":"https:\/\/www.europesays.com\/it\/wp-json\/wp\/v2\/media\/156519"}],"wp:attachment":[{"href":"https:\/\/www.europesays.com\/it\/wp-json\/wp\/v2\/media?parent=156518"}],"wp:term":[{"taxonomy":"category","embeddable":true,"href":"https:\/\/www.europesays.com\/it\/wp-json\/wp\/v2\/categories?post=156518"},{"taxonomy":"post_tag","embeddable":true,"href":"https:\/\/www.europesays.com\/it\/wp-json\/wp\/v2\/tags?post=156518"}],"curies":[{"name":"wp","href":"https:\/\/api.w.org\/{rel}","templated":true}]}}