{"id":156584,"date":"2025-10-10T02:50:16","date_gmt":"2025-10-10T02:50:16","guid":{"rendered":"https:\/\/www.europesays.com\/it\/156584\/"},"modified":"2025-10-10T02:50:16","modified_gmt":"2025-10-10T02:50:16","slug":"dentro-la-villa-da-sogno-a-rhode-island","status":"publish","type":"post","link":"https:\/\/www.europesays.com\/it\/156584\/","title":{"rendered":"dentro la villa da sogno a Rhode Island"},"content":{"rendered":"<p data-start=\"332\" data-end=\"499\">Immersa tra il mare e il cielo, sulla sommit\u00e0 di <strong data-start=\"598\" data-end=\"612\">Watch Hill<\/strong>, <strong data-start=\"614\" data-end=\"630\">Rhode Island<\/strong>, s\u2019innalza una villa che per molti \u00e8 gi\u00e0 leggenda. Conosciuta un tempo come Holiday House, oggi \u00e8 la residenza estiva di <a href=\"https:\/\/dilei.it\/casa\/design\/showgirl-taylor-swift-design-interni\/1878454\/\" rel=\"nofollow noopener\" target=\"_blank\"><strong data-start=\"754\" data-end=\"770\">Taylor Swift<\/strong><\/a>: non un semplice rifugio, ma un palcoscenico simbolico che intreccia <strong data-start=\"840\" data-end=\"850\">musica<\/strong>, <strong data-start=\"852\" data-end=\"862\">storia<\/strong>, <strong data-start=\"864\" data-end=\"872\">mito<\/strong> e <strong data-start=\"875\" data-end=\"891\">architettura<\/strong>.<\/p>\n<p>Un\u2019immagine costruita, un\u2019immagine vissuta<\/p>\n<p data-start=\"896\" data-end=\"1263\">Taylor Swift non ha scelto questa casa per caso. La propriet\u00e0 di Rhode Island \u00e8 molto pi\u00f9 di una villa affacciata sull\u2019oceano: \u00e8 il cuore di una vera e propria <strong data-start=\"1056\" data-end=\"1070\">narrazione<\/strong>. La cantante ne ha fatto il fulcro del brano The Last Great American Dynasty, tratto dall\u2019album Folklore (2020), una delle canzoni pi\u00f9 narrative e cinematografiche della sua discografia.<\/p>\n<p data-start=\"1265\" data-end=\"1787\">Nel testo, Swift racconta la storia di <strong data-start=\"1304\" data-end=\"1324\">Rebekah Harkness<\/strong>, l\u2019eccentrica ereditiera e filantropa che acquist\u00f2 la villa negli anni Quaranta. Rebekah, vedova di un magnate del petrolio, trasform\u00f2 la casa in un luogo di <strong data-start=\"1483\" data-end=\"1504\">feste leggendarie<\/strong>, tanto da diventare bersaglio di pettegolezzi e giudizi del vicinato. \u201cShe was the maddest woman this town had ever seen \/ Lei era la donna pi\u00f9 pazza che questa citt\u00e0 avesse mai visto\u201d, canta Swift, con evidente empatia verso quella figura femminile libera, discussa e incompresa.<\/p>\n<p data-start=\"1789\" data-end=\"2217\">La canzone, per\u00f2, si chiude con un ribaltamento ironico: dopo aver raccontato la storia di Harkness, Swift rivela che la nuova \u201cpadrona di casa\u201d \u00e8 lei stessa, \u201cAnd then it was bought by me \/ E poi \u00e8 stata comprata da me\u201d. \u00c8 un gesto narrativo e simbolico insieme: l\u2019artista eredita non solo la villa, ma anche la reputazione della donna che l\u2019ha preceduta, assumendosi con orgoglio il ruolo di nuova protagonista nel racconto.<\/p>\n<p data-start=\"2219\" data-end=\"2676\">Questa residenza ha visto infatti le sue <strong data-start=\"2260\" data-end=\"2282\">feste del 4 luglio<\/strong> diventare miti del racconto pop: si parla di star come <strong data-start=\"2338\" data-end=\"2352\">Gigi Hadid<\/strong>, <strong data-start=\"2354\" data-end=\"2370\">Blake Lively<\/strong>, <strong data-start=\"2372\" data-end=\"2389\">Ryan Reynolds<\/strong>, <strong data-start=\"2391\" data-end=\"2405\">Ed Sheeran<\/strong>, <strong data-start=\"2407\" data-end=\"2421\">Emma Stone<\/strong>, <strong data-start=\"2423\" data-end=\"2442\">Cara Delevingne<\/strong> e altri amici intimi che partecipano a queste celebrazioni private. Con queste occasioni, la casa si trasforma in <strong data-start=\"2557\" data-end=\"2564\">set<\/strong>, <strong data-start=\"2566\" data-end=\"2577\">simbolo<\/strong>, <strong data-start=\"2579\" data-end=\"2618\">scena pubblica pur restando privata<\/strong>, un elemento fondamentale del \u201clore\u201d che circonda Taylor.<\/p>\n<p>Architettura della residenza<\/p>\n<p data-start=\"2712\" data-end=\"3005\">Questa Holiday House si staglia su una propriet\u00e0 di circa 5 ettari, con oltre 700 piedi di <strong data-start=\"2805\" data-end=\"2822\">costa privata<\/strong> che si affacciano su <strong data-start=\"2844\" data-end=\"2871\">Little Narragansett Bay<\/strong>. Il lotto, posto in cima a una collina, offre viste panoramiche e la collocazione \u00e8 strategica: \u00e8 un punto alto, visibile, iconico.<\/p>\n<p data-start=\"3007\" data-end=\"3187\">L\u2019edificio stesso \u00e8 in <strong data-start=\"3030\" data-end=\"3059\">stile coloniale americano<\/strong>, con <strong data-start=\"3065\" data-end=\"3093\">facciata bianca classica<\/strong>, ampie balconate, grandi finestre e terrazze. La sua pianta copre circa 1.020 metri quadri.<\/p>\n<p data-start=\"3189\" data-end=\"3470\">Al suo interno sono segnalate 8 <strong data-start=\"3221\" data-end=\"3240\">camere da letto<\/strong> e 10 <strong data-start=\"3246\" data-end=\"3255\">bagni<\/strong>, con 8 <strong data-start=\"3263\" data-end=\"3273\">camini<\/strong> che fungono da elementi decorativi e funzionali durante i mesi pi\u00f9 freddi. Gli ambienti di rappresentanza comprendono un salone, una sala da pranzo formale e una veranda\/sun room con vista mare.<\/p>\n<p data-start=\"3472\" data-end=\"3708\">Nel 2025, Taylor avrebbe avviato <strong data-start=\"3505\" data-end=\"3520\">ampliamenti<\/strong>: un nuovo spazio notte e l\u2019aggiunta di ulteriori bagni, insieme a un <strong data-start=\"3590\" data-end=\"3616\">restyling della cucina<\/strong> gi\u00e0 esistente. Il costo stimato \u00e8 di circa 1,7 milioni di dollari per i lavori autorizzati.<\/p>\n<p>Ambienti scenografici<\/p>\n<p data-start=\"3737\" data-end=\"3980\">Immagina un corridoio che apre su <strong data-start=\"3771\" data-end=\"3790\">panorami marini<\/strong>, stanze inondate di luce che filtra da ampie finestre, <strong data-start=\"3846\" data-end=\"3885\">terrazze affacciate sulla scogliera<\/strong>, <strong data-start=\"3887\" data-end=\"3906\">giardini curati<\/strong> che delimitano la propriet\u00e0 in un equilibrio tra natura e architettura.<\/p>\n<p data-start=\"3982\" data-end=\"4217\">La posizione su scogliera aggiunge drammaticit\u00e0: le pareti diventano quinte, il paesaggio esterno \u00e8 parte del set. La <strong data-start=\"4100\" data-end=\"4124\">geometria della casa<\/strong> dialoga con l\u2019orizzonte, le linee orizzontali e verticali si stemperano nel panorama marino.<\/p>\n<p>Il sogno di nozze? Tra gossip e suggestione<\/p>\n<p data-start=\"4268\" data-end=\"4409\">Non manca la voce che questa incredibile residenza possa essere il <strong data-start=\"4335\" data-end=\"4369\">luogo scelto per il matrimonio<\/strong> di Taylor Swift con <strong data-start=\"4390\" data-end=\"4406\">Travis Kelce<\/strong>.<\/p>\n<p data-start=\"4411\" data-end=\"4792\">Secondo quanto dichiarato dalla cantante stessa, la proposta di matrimonio \u00e8 avvenuta in un contesto romantico e ben pianificato: Travis avrebbe trasformato il retro del proprio giardino in un <strong data-start=\"4604\" data-end=\"4638\">allestimento floreale fiabesco<\/strong> e le avrebbe chiesto la mano subito dopo che lei ha annunciato sul podcast di lui l\u2019uscita del suo ultimo lavoro discografico The Life Of A Showgirl.<\/p>\n<p data-start=\"4794\" data-end=\"5061\">Le foto condivise su Instagram mostrano eleganti <strong data-start=\"4843\" data-end=\"4868\">composizioni floreali<\/strong> con rose, glicini e strutture ad arco che incorniciano la scena del gesto. Alcuni media riportano che i lavori di ampliamento siano parte del progetto per ospitare un evento in grande stile.<\/p>\n<p data-start=\"5063\" data-end=\"5205\">Se fosse vero, il matrimonio sancirebbe l\u2019evoluzione definitiva della casa: da scenario narrativo a \u201cpalcoscenico reale della vita privata\u201d.<\/p>\n<p data-start=\"5207\" data-end=\"5519\">Se il matrimonio si tenesse l\u00ec, sarebbe l\u2019atto finale di un racconto che la stessa Swift ha scritto: una casa che \u00e8 gi\u00e0 protagonista delle sue canzoni, un luogo che collega la <strong data-start=\"5383\" data-end=\"5402\">memoria storica<\/strong> con la sua <strong data-start=\"5414\" data-end=\"5427\">biografia<\/strong>. Non pi\u00f9 soltanto ambientazione, ma una <strong data-start=\"5468\" data-end=\"5518\">cornice perfetta per la propria storia d\u2019amore<\/strong>.<\/p>\n","protected":false},"excerpt":{"rendered":"Immersa tra il mare e il cielo, sulla sommit\u00e0 di Watch Hill, Rhode Island, s\u2019innalza una villa che&hellip;\n","protected":false},"author":3,"featured_media":156585,"comment_status":"","ping_status":"","sticky":false,"template":"","format":"standard","meta":{"footnotes":""},"categories":[1451],"tags":[40991,1621,1620,203,204,1537,90,89,1539,6865],"class_list":{"0":"post-156584","1":"post","2":"type-post","3":"status-publish","4":"format-standard","5":"has-post-thumbnail","7":"category-celebrita","8":"tag-case-da-sogno","9":"tag-celebrita","10":"tag-celebrities","11":"tag-entertainment","12":"tag-intrattenimento","13":"tag-it","14":"tag-italia","15":"tag-italy","16":"tag-musica","17":"tag-taylor-swift"},"share_on_mastodon":{"url":"","error":""},"_links":{"self":[{"href":"https:\/\/www.europesays.com\/it\/wp-json\/wp\/v2\/posts\/156584","targetHints":{"allow":["GET"]}}],"collection":[{"href":"https:\/\/www.europesays.com\/it\/wp-json\/wp\/v2\/posts"}],"about":[{"href":"https:\/\/www.europesays.com\/it\/wp-json\/wp\/v2\/types\/post"}],"author":[{"embeddable":true,"href":"https:\/\/www.europesays.com\/it\/wp-json\/wp\/v2\/users\/3"}],"replies":[{"embeddable":true,"href":"https:\/\/www.europesays.com\/it\/wp-json\/wp\/v2\/comments?post=156584"}],"version-history":[{"count":0,"href":"https:\/\/www.europesays.com\/it\/wp-json\/wp\/v2\/posts\/156584\/revisions"}],"wp:featuredmedia":[{"embeddable":true,"href":"https:\/\/www.europesays.com\/it\/wp-json\/wp\/v2\/media\/156585"}],"wp:attachment":[{"href":"https:\/\/www.europesays.com\/it\/wp-json\/wp\/v2\/media?parent=156584"}],"wp:term":[{"taxonomy":"category","embeddable":true,"href":"https:\/\/www.europesays.com\/it\/wp-json\/wp\/v2\/categories?post=156584"},{"taxonomy":"post_tag","embeddable":true,"href":"https:\/\/www.europesays.com\/it\/wp-json\/wp\/v2\/tags?post=156584"}],"curies":[{"name":"wp","href":"https:\/\/api.w.org\/{rel}","templated":true}]}}