{"id":156590,"date":"2025-10-10T02:55:15","date_gmt":"2025-10-10T02:55:15","guid":{"rendered":"https:\/\/www.europesays.com\/it\/156590\/"},"modified":"2025-10-10T02:55:15","modified_gmt":"2025-10-10T02:55:15","slug":"il-trailer-del-film-con-russell-crowe-e-rami-malek-mostra-linizio-dello-storico-processo","status":"publish","type":"post","link":"https:\/\/www.europesays.com\/it\/156590\/","title":{"rendered":"il trailer del film con Russell Crowe e Rami Malek mostra l&#8217;inizio dello storico processo"},"content":{"rendered":"<p class=\"subtitle fw-normal mb-3 lh-sm text-secondary\">Arriver\u00e0 nei cinema a novembre, dopo la presentazione avvenuta al Toronto Film Festival, il lungometraggio scritto e diretto da James Vanderbilt.<\/p>\n<p>  <img decoding=\"async\" src=\"https:\/\/www.europesays.com\/it\/wp-content\/uploads\/2025\/10\/nuremberg_trailer_jpg_1600x900_crop_q85.jpg\"  alt=\"Una foto di Nuremberg\"\/><\/p>\n<p>Il 7 novembre arriver\u00e0 nei cinema americani il film <strong>Nuremberg<\/strong>, di cui \u00e8 stato svelato il <strong>trailer<\/strong> che permette di vedere l cast stellare guidato da <strong>Russell Crowe<\/strong>, Rami Malek e Michael Shannon impegnato nel dramma storico.<br \/>Il progetto \u00e8 stato presentato in anteprima al Toronto Film Festival dove \u00e8 stato accolto da oltre 4 minuti di applausi.<\/p>\n<p>Le prime scene di Nuremberg<\/p>\n<p>Nel trailer di Nuremberg si mostra che la storia raccontata sul grande schermo prender\u00e0 il via quando gli ultimi leader nazisti ancora in vita vengono arrestati e i governi di Russia, Francia, Regno Unito, e Stati Uniti decidono di processarli per i crimini commessi.<\/p>\n<p>Le scene tratte dal film scritto e diretto da <a href=\"https:\/\/movieplayer.it\/personaggi\/james-vanderbilt_2864\/\" title=\"James Vanderbilt\" rel=\"nofollow noopener\" target=\"_blank\">James Vanderbilt<\/a> hanno come protagonisti anche gli attori <a href=\"https:\/\/movieplayer.it\/personaggi\/michael-shannon_25227\/\" title=\"Michael Shannon\" rel=\"nofollow noopener\" target=\"_blank\">Michael Shannon<\/a>, <a href=\"https:\/\/movieplayer.it\/personaggi\/rami-malek_68165\/\" title=\"Rami Malek\" rel=\"nofollow noopener\" target=\"_blank\">Rami Malek<\/a>, e <a href=\"https:\/\/movieplayer.it\/personaggi\/russell-crowe_134\/\" title=\"Russell Crowe\" rel=\"nofollow noopener\" target=\"_blank\">Russell Crowe<\/a>, che ha recentemente condiviso alcuni <a href=\"https:\/\/movieplayer.it\/news\/nuremberg-russell-crowe-abbiamo-girato-17-pagine-giorno-norimberga_161702\/\" title=\"retroscena sulle riprese\" rel=\"nofollow noopener\" target=\"_blank\">retroscena sulle riprese<\/a>.  <\/p>\n<p>Ecco il video:  <\/p>\n<p>Cosa racconter\u00e0 il film<\/p>\n<p>Nuremberg, film basato sul libro The Nazi and the Psychiatrist scritto da Jack El-Hai, \u00e8 ambientato <strong>dopo la fine della seconda Guerra Mondiale<\/strong> in Europa. Adolf Hitler \u00e8 morto e il suo seguace e successore, Herman G\u00f6ring (Crowe) \u00e8 stato catturato. Gli Alleati, guidati dal determinato procuratore Robert H. Jackson (Michael Shannon), hanno quindi il compito di assicurarsi che lui e gli altri leader del regime nazista che sono sopravvissuti paghino per i crimini compiuti. Nel momento in cui Jackson viene informato dell&#8217;arresto del braccio destro di Hitler chiede immediatamente: &#8220;Cosa faranno con lui?&#8221;.    <\/p>\n<p>\t\t<a class=\"fw-bold\" href=\"https:\/\/movieplayer.it\/news\/nuremberg-realizzazione-film-durata-ostacoli_161519\/\" title=\"Nuremberg: la lunga e travagliata strada per la realizzazione del film con Russell Crowe\u00a0e\u00a0Rami\u00a0Malek\" rel=\"nofollow noopener\" target=\"_blank\"><br \/>\n      Nuremberg: la lunga e travagliata strada per la realizzazione del film con Russell Crowe\u00a0e\u00a0Rami\u00a0Malek<\/p>\n<p>        <img loading=\"lazy\" decoding=\"async\" alt=\"Nuremberg: la lunga e travagliata strada per la realizzazione del film con Russell Crowe\u00a0e\u00a0Rami\u00a0Malek\" class=\"lazyload\" src=\"https:\/\/www.europesays.com\/it\/wp-content\/uploads\/2025\/10\/nuremberg-russell-crowe_jpg_200x150_crop_q85.jpg\" height=\"150\" width=\"200\"\/><\/p>\n<p>    <\/a><\/p>\n<p>Nel frattempo uno psichiatra dell&#8217;esercito americano (Rami Malek) si ritrova alle prese con un drammatico duello psicologico con G\u00f6ring che lo terr\u00e0 molto impegnato.<\/p>\n<p>Nel cast ci sono inoltre  Leo Woodall, Richard E. Grant, John Slattery, Mark O&#8217;Brien, Colin Hanks, Lydia Peckham e Wrenn Schmidt.    <\/p>\n<p>    <img decoding=\"async\" alt=\"Nuremberg Key Art Poster\" data-caption=\"Nuremberg: il poster del film\" data-gallery-src=\"https:\/\/movieplayer.net-cdn.it\/t\/images\/2025\/10\/09\/nuremberg-key-art-poster_jpg_1400x0_crop_q85.jpg\" src=\"https:\/\/www.europesays.com\/it\/wp-content\/uploads\/2025\/10\/nuremberg-key-art-poster_jpg_960x0_crop_q85.jpg\" \/><\/p>\n<p>  Nuremberg: il poster del film<\/p>\n","protected":false},"excerpt":{"rendered":"Arriver\u00e0 nei cinema a novembre, dopo la presentazione avvenuta al Toronto Film Festival, il lungometraggio scritto e diretto&hellip;\n","protected":false},"author":3,"featured_media":156591,"comment_status":"","ping_status":"","sticky":false,"template":"","format":"standard","meta":{"footnotes":""},"categories":[1442],"tags":[203,454,204,1537,90,89,1521],"class_list":{"0":"post-156590","1":"post","2":"type-post","3":"status-publish","4":"format-standard","5":"has-post-thumbnail","7":"category-film","8":"tag-entertainment","9":"tag-film","10":"tag-intrattenimento","11":"tag-it","12":"tag-italia","13":"tag-italy","14":"tag-movies"},"share_on_mastodon":{"url":"","error":""},"_links":{"self":[{"href":"https:\/\/www.europesays.com\/it\/wp-json\/wp\/v2\/posts\/156590","targetHints":{"allow":["GET"]}}],"collection":[{"href":"https:\/\/www.europesays.com\/it\/wp-json\/wp\/v2\/posts"}],"about":[{"href":"https:\/\/www.europesays.com\/it\/wp-json\/wp\/v2\/types\/post"}],"author":[{"embeddable":true,"href":"https:\/\/www.europesays.com\/it\/wp-json\/wp\/v2\/users\/3"}],"replies":[{"embeddable":true,"href":"https:\/\/www.europesays.com\/it\/wp-json\/wp\/v2\/comments?post=156590"}],"version-history":[{"count":0,"href":"https:\/\/www.europesays.com\/it\/wp-json\/wp\/v2\/posts\/156590\/revisions"}],"wp:featuredmedia":[{"embeddable":true,"href":"https:\/\/www.europesays.com\/it\/wp-json\/wp\/v2\/media\/156591"}],"wp:attachment":[{"href":"https:\/\/www.europesays.com\/it\/wp-json\/wp\/v2\/media?parent=156590"}],"wp:term":[{"taxonomy":"category","embeddable":true,"href":"https:\/\/www.europesays.com\/it\/wp-json\/wp\/v2\/categories?post=156590"},{"taxonomy":"post_tag","embeddable":true,"href":"https:\/\/www.europesays.com\/it\/wp-json\/wp\/v2\/tags?post=156590"}],"curies":[{"name":"wp","href":"https:\/\/api.w.org\/{rel}","templated":true}]}}