{"id":156612,"date":"2025-10-10T03:16:11","date_gmt":"2025-10-10T03:16:11","guid":{"rendered":"https:\/\/www.europesays.com\/it\/156612\/"},"modified":"2025-10-10T03:16:11","modified_gmt":"2025-10-10T03:16:11","slug":"platini-svela-juve-avevo-gia-firmato-con-linter-ma-salto-perche","status":"publish","type":"post","link":"https:\/\/www.europesays.com\/it\/156612\/","title":{"rendered":"Platini svela: &#8220;Juve? Avevo gi\u00e0 firmato con l&#8217;Inter ma salt\u00f2 perch\u00e9&#8230;&#8221;"},"content":{"rendered":"<p>Al Festival dello Sport di Trento, Michel Platini, ex calciatore, ha raccontato un retroscena riguardante l&#8217;Inter al momento del suo passaggio alla Juventus<\/p>\n<p>Intervenuto al Festival dello Sport di Trento, <strong>Michel Platini<\/strong>, ex calciatore, ha raccontato un retroscena riguardante <a href=\"https:\/\/www.fcinter1908.it\/calciomercato\/mercato-inter\/romano-upamecano-inter-piace-sicuramente\/\" rel=\"nofollow noopener\" target=\"_blank\">l&#8217;Inter<\/a> al momento del suo passaggio alla Juventus:\u00a0\u201cIl passaggio alla Juve? Avevo gi\u00e0 firmato con l&#8217;Inter ma gli stranieri non potevano arrivare.<\/p>\n<p>Boniperti mi chiese \u2018Vuoi parlare con l\u2019avvocato? Pensavo intendesse il mio: \u2018E\u2019 qui\u2019. \u2018No, l\u2019altro avvocato\u2026\u2019. Cosa mi chiese Agnelli? \u2018Noi dobbiamo vincere la Coppa Campioni\u2019. \u2018Ci penso io\u2019. Dissi a Boniperti, se prendete me e Boniek e ci fate giocare come negli anni 40 non funziona. Poi mi sono curato e siamo partiti forte\u201d.<\/p>\n<p class=\"is-copyright\">\u00a9 RIPRODUZIONE RISERVATA<\/p>\n","protected":false},"excerpt":{"rendered":"Al Festival dello Sport di Trento, Michel Platini, ex calciatore, ha raccontato un retroscena riguardante l&#8217;Inter al momento&hellip;\n","protected":false},"author":3,"featured_media":156613,"comment_status":"","ping_status":"","sticky":false,"template":"","format":"standard","meta":{"footnotes":""},"categories":[1452],"tags":[1239,39868,2281,96715,96716,721,22549,4631,1740,350,1537,90,89,2511,39870,1739,245,244],"class_list":{"0":"post-156612","1":"post","2":"type-post","3":"status-publish","4":"format-standard","5":"has-post-thumbnail","7":"category-calcio","8":"tag-avvocato","9":"tag-boniperti","10":"tag-calciatore","11":"tag-calciatore-raccontato","12":"tag-calciatore-raccontato-retroscena","13":"tag-calcio","14":"tag-chiese","15":"tag-festival","16":"tag-football","17":"tag-inter","18":"tag-it","19":"tag-italia","20":"tag-italy","21":"tag-passaggio","22":"tag-platini","23":"tag-soccer","24":"tag-sport","25":"tag-sports"},"share_on_mastodon":{"url":"","error":""},"_links":{"self":[{"href":"https:\/\/www.europesays.com\/it\/wp-json\/wp\/v2\/posts\/156612","targetHints":{"allow":["GET"]}}],"collection":[{"href":"https:\/\/www.europesays.com\/it\/wp-json\/wp\/v2\/posts"}],"about":[{"href":"https:\/\/www.europesays.com\/it\/wp-json\/wp\/v2\/types\/post"}],"author":[{"embeddable":true,"href":"https:\/\/www.europesays.com\/it\/wp-json\/wp\/v2\/users\/3"}],"replies":[{"embeddable":true,"href":"https:\/\/www.europesays.com\/it\/wp-json\/wp\/v2\/comments?post=156612"}],"version-history":[{"count":0,"href":"https:\/\/www.europesays.com\/it\/wp-json\/wp\/v2\/posts\/156612\/revisions"}],"wp:featuredmedia":[{"embeddable":true,"href":"https:\/\/www.europesays.com\/it\/wp-json\/wp\/v2\/media\/156613"}],"wp:attachment":[{"href":"https:\/\/www.europesays.com\/it\/wp-json\/wp\/v2\/media?parent=156612"}],"wp:term":[{"taxonomy":"category","embeddable":true,"href":"https:\/\/www.europesays.com\/it\/wp-json\/wp\/v2\/categories?post=156612"},{"taxonomy":"post_tag","embeddable":true,"href":"https:\/\/www.europesays.com\/it\/wp-json\/wp\/v2\/tags?post=156612"}],"curies":[{"name":"wp","href":"https:\/\/api.w.org\/{rel}","templated":true}]}}