{"id":156713,"date":"2025-10-10T04:46:17","date_gmt":"2025-10-10T04:46:17","guid":{"rendered":"https:\/\/www.europesays.com\/it\/156713\/"},"modified":"2025-10-10T04:46:17","modified_gmt":"2025-10-10T04:46:17","slug":"terremoto-mediaset-maria-de-filippi-passa-in-rai-no-questo-non-e-uno-scherzo-sara-un-perno-del-nuovo-programma","status":"publish","type":"post","link":"https:\/\/www.europesays.com\/it\/156713\/","title":{"rendered":"Terremoto Mediaset, Maria De Filippi passa in RAI | No, questo non \u00e8 uno scherzo: sar\u00e0 un perno del nuovo programma"},"content":{"rendered":"<p><strong>Maria De Filippi approda in Rai: non \u00e8 la prima volta che la regina di Mediaset trasloca alla tv di Stato, ma questo \u00e8 davvero un colpaccio.<\/strong><\/p>\n<p>Lei \u00e8 la \u201cqueen\u201d indiscussa del piccolo schermo: tutto ci\u00f2 che pensa, produce e realizza, si trasforma in un successo e<strong> Pier Silvio Berlusconi<\/strong> sa bene di non poter fare a meno di lei.<\/p>\n<p><strong>Maria De Filippi<\/strong> \u00e8 uno dei punti fermi di Mediaset: i suoi programmi registrano ascolti altissimi e, ogni volta che un competitor si scontra con le sue trasmissioni, sa bene quali saranno i risultati in termini di Auditel.<\/p>\n<p>Alla conduzione di Uomini e Donne, Tu s\u00ec que vales, Amici e C\u2019\u00e8 Posta per te, Maria De Filippi \u00e8 anche l\u2019ideatrice di programmi di successo come Temptation Island. Eppure, nonostante le innumerevoli soddisfazioni su Canale 5, <strong>per lei si sono aperte le porte di Viale Mazzini<\/strong>.<\/p>\n<p>La Rai ha messo a segno un <strong>colpo basso per Pier Silvio Berlusconi<\/strong> ed \u00e8 riuscita a portare \u201cqueen Mary\u201d nelle sedi della tv di Stato: ecco quale sar\u00e0 il suo nuovo progetto.<\/p>\n<p>Maria De Filippi: da Mediaset alla Rai<\/p>\n<p><strong>Maria De Filippi<\/strong> \u00e8 uno dei capisaldi di Mediaset. Lei produce e conduce alcuni dei programmi di maggiore successo e, negli anni, ha dimostrato di essere un punto di riferimento per <strong>Pier Silvio Berlusconi<\/strong>. Da sempre legata all\u2019azienda di Cologno Monzese, non ha mai disdegnato ospitate in Rai: l\u2019amministratore delegato delle reti del Biscione ha sempre acconsentito a lasciarla libera, tanto da permetterle di condurre il Festival di Sanremo accanto a Carlo Conti nel 2017.<\/p>\n<p>La conduttrice di Canale 5, inoltre, \u00e8 stata ospite di Mara Venier a Domenica In, mentre la sua presenza nella tv di Stato era prevista anche nel 2020 in occasione di uno spettacolo \u2013 poi annullato \u2013 sulla violenza contro le donne. Nonostante le sue apparizioni in Rai siano centellinate, le ultime notizie annunciano un <strong>ritorno di Maria De Filippi negli studi di Viale Mazzini.<\/strong><\/p>\n<p><a href=\"https:\/\/www.europesays.com\/it\/wp-content\/uploads\/2025\/10\/Maria-De-Filippi-ospite-di-Domenica-In-madonielive.com-20251007.jpg\"><img loading=\"lazy\" decoding=\"async\" class=\"wp-image-192887 size-full\" src=\"data:image\/svg+xml,%3Csvg%20xmlns=\" http:=\"\" alt=\"Maria De Filippi ospite di Domenica In - madonielive.com - 20251007\" width=\"740\" height=\"420\" data-lazy- data-lazy- data-lazy-src=\"https:\/\/www.europesays.com\/it\/wp-content\/uploads\/2025\/10\/Maria-De-Filippi-ospite-di-Domenica-In-madonielive.com-20251007.jpg\"\/><\/a>Maria De Filippi ospite di Domenica In \u2013 madonielive.com (foto screenshot Youtube)<br \/>\nMaria De Filippi in Rai: Pier Silvio Berlusconi trema<\/p>\n<p>\u201cNon sar\u00e0 ospite di una sola puntata di Belve, ma sar\u00e0 una <strong>presenza fissa del programma<\/strong>\u201c: questa \u00e8 la notizia diramata da Affari Italiani in merito ad una ipotetica partecipazione di<strong> Maria De Filippi<\/strong> allo show di Francesca Fagnani. Per la conduttrice di Mediaset, dunque, non \u00e8 prevista un\u2019intervista classica, ma un ruolo ben differente rispetto a quello in cui siamo soliti osservarla.<\/p>\n<p>Per il momento, per\u00f2, si tratta di indiscrezioni e da parte dei volti di Mediaset e Rai non \u00e8 stata data alcuna conferma. Non resta che attendere l\u2019inizio di Belve, in programma da marted\u00ec 28 ottobre su Rai 2, <strong>per conoscere quale sar\u00e0 il \u201cfuturo\u201d di Maria De Filippi.<\/strong><\/p>\n<p>\t\tContinua a leggere<\/p>\n","protected":false},"excerpt":{"rendered":"Maria De Filippi approda in Rai: non \u00e8 la prima volta che la regina di Mediaset trasloca alla&hellip;\n","protected":false},"author":3,"featured_media":156714,"comment_status":"","ping_status":"","sticky":false,"template":"","format":"standard","meta":{"footnotes":""},"categories":[174],"tags":[203,204,1537,90,89],"class_list":{"0":"post-156713","1":"post","2":"type-post","3":"status-publish","4":"format-standard","5":"has-post-thumbnail","7":"category-intrattenimento","8":"tag-entertainment","9":"tag-intrattenimento","10":"tag-it","11":"tag-italia","12":"tag-italy"},"share_on_mastodon":{"url":"","error":""},"_links":{"self":[{"href":"https:\/\/www.europesays.com\/it\/wp-json\/wp\/v2\/posts\/156713","targetHints":{"allow":["GET"]}}],"collection":[{"href":"https:\/\/www.europesays.com\/it\/wp-json\/wp\/v2\/posts"}],"about":[{"href":"https:\/\/www.europesays.com\/it\/wp-json\/wp\/v2\/types\/post"}],"author":[{"embeddable":true,"href":"https:\/\/www.europesays.com\/it\/wp-json\/wp\/v2\/users\/3"}],"replies":[{"embeddable":true,"href":"https:\/\/www.europesays.com\/it\/wp-json\/wp\/v2\/comments?post=156713"}],"version-history":[{"count":0,"href":"https:\/\/www.europesays.com\/it\/wp-json\/wp\/v2\/posts\/156713\/revisions"}],"wp:featuredmedia":[{"embeddable":true,"href":"https:\/\/www.europesays.com\/it\/wp-json\/wp\/v2\/media\/156714"}],"wp:attachment":[{"href":"https:\/\/www.europesays.com\/it\/wp-json\/wp\/v2\/media?parent=156713"}],"wp:term":[{"taxonomy":"category","embeddable":true,"href":"https:\/\/www.europesays.com\/it\/wp-json\/wp\/v2\/categories?post=156713"},{"taxonomy":"post_tag","embeddable":true,"href":"https:\/\/www.europesays.com\/it\/wp-json\/wp\/v2\/tags?post=156713"}],"curies":[{"name":"wp","href":"https:\/\/api.w.org\/{rel}","templated":true}]}}