{"id":156730,"date":"2025-10-10T05:03:17","date_gmt":"2025-10-10T05:03:17","guid":{"rendered":"https:\/\/www.europesays.com\/it\/156730\/"},"modified":"2025-10-10T05:03:17","modified_gmt":"2025-10-10T05:03:17","slug":"la-virtus-in-gara-2-prova-a-ripetersi-dopo-la-vittoria-in-gara-1","status":"publish","type":"post","link":"https:\/\/www.europesays.com\/it\/156730\/","title":{"rendered":"La Virtus in gara 2 prova a ripetersi dopo la vittoria in gara 1"},"content":{"rendered":"<p>\t\t\t\t\t\t\tLa Virtus, dopo la vittoria in gara 1, tenter\u00e0 questa sera di conquistare una vittoria per mettere un\u2019ipoteca importante per l\u2019accesso alla finale<\/p>\n<p><img fetchpriority=\"high\" decoding=\"async\" alt=\"\" width=\"989\" height=\"699\"  src=\"https:\/\/www.europesays.com\/it\/wp-content\/uploads\/2025\/10\/Toko-300x212.jpg\" data- class=\" wp-image-76798 aligncenter lazyload\"\/><\/p>\n<p style=\"text-align: center\">Toko Shengelia, qui contro la Bertram Tortona, \u00e8 tornato protagonista e la Virtus ha battuto Milano in gara 1 (foto Virtus)<\/p>\n<p>Virtus Segafredo Bologna vs EA7 Olimpia Milano, gara 2, palla a due questa sera 2 giugno ore 20.45 Segafredo Arena (Bologna), Dazn, Eurosport 2, Dmax canale 52 dgt, Radio Nettuno Bologna Uno<br \/>\nLa Virtus riparte da 0, sar\u00e0 un\u2019altra battaglia<\/p>\n<p>Archiviata e vinta per mezzo canestro gara 1, la Virtus prova stasera a ripetere l\u2019impresa. Sar\u00e0 ancora pi\u00f9 difficile perch\u00e8 l\u2019EA7 cercher\u00e0 di cambiare quel qualcosa che non le ha permesso di vincere. In sala stampa Messina ha sottolineato come, la sua squadra, abbia giocato male solo gli ultimi possessi. Visione un p\u00f2 riduttiva per una squadra sovrastata a rimbalzo e che, alla fine, ha lasciato la vittoria nonostante abbia tirato meglio da 3 dell\u2019avversaria.<\/p>\n<p>Ridurre tutto ai due liberi sbagliati da Leday sembra un\u2019analisi troppo semplicistica perch\u00e8 se \u00e8 vero che lo scarto di mezzo canestro non autorizza la Virtus ad avere grandi certezze, \u00e8 anche vero che Milano non \u00e8 riuscita a portare dalla propria parte una sfida in cui l\u2019avversaria ha tirato col 19% da 3. Messina ha anche detto \u201ccercheremo di analizzare ci\u00f2 che non \u00e8 andato bene e proveremo a cambiare qualcosa\u201d.<\/p>\n<p>Il coach dell\u2019Olimpia pu\u00f2 contare su una panchina lunghissima che gli permette scelte di ogni genere ma poi, alla fine, anche lui non pu\u00f2 prescindere dai suoi tre fuoriclasse Shields, Mirotic e Leday. In gara 1 soltanto Shields ha giocato una gara del suo livello, il Danese lo puoi limitare ma, quando \u00e8 in una serata buona, diventa immarcabile. Mirotic soffre molto la pressione di Akele, l\u2019ala della Virtus ha tutto per difendere forte su di lui, gli aveva preso le misure in stagione regolare e in gara 1 ha montato una guardia feroce sul Montenegrino, in questo facilitato dalle scelte chiare e precise del suo coach che lo metteva in campo ogni volta che Mirotic si alzava dalla panchina. E\u2019 chiaro che l\u2019assetto di Milano, senza un centro di ruolo, pu\u00f2 rendere difficile la vita ai centri Virtussini ma Ivanovic ha trovato Diouf molto pronto e il ragazzo ex Reggio ha costretto Leday ad una serata anonima con soli 5 punti segnati, resto dell\u2019idea, comunque, che le grandi prestazioni di Leday, specie in Eurolega, abbiano coinciso con l\u2019assenza di Mirotic, tornato lui l\u2019ex Partizan ha avuto meno spazio e sopratutto meno tiri a disposizione.<\/p>\n<p>Ivanovic : siamo pronti a 5 sfide terribili<\/p>\n<p>Nell\u2019ambiente Virtus tutti sono consapevoli, lo ha confermato il coach nel post partita, che in gara 1 la Virtus ha \u201csemplcemente\u201d mantenuto il fattore campo. La stessa cosa dovr\u00e0 cercare di fare stasera perch\u00e8, Milano, ha le potenzialit\u00e0 per ribaltare qualsiasi risultato in qualsiasi momento.<\/p>\n<p>La Virtus ha un\u2019unica granitica certezza : la forza del gruppo, sopratutto difensiva. Tra i bianconeri tutti si sbattono in difesa e in attacco, difficilmente, la Virtus potr\u00e0 tirare con meno del 19% da 3. Il coach Montenegrino ha un mantra che ripete di continuo \u201cla pazienza\u201d. Sopratutto in attacco la Virtus gioca spesso al limite dei 24\u2033 per trovare il tiro migliore, quello che il suo allenatore vuole.<\/p>\n<p>E\u2019 chiaro che la Virtus, per vincere questa serie, non pu\u00f2 prescindere dal miglior Shengelia, si \u00e8 visto in gara 5 dei quarti, canestro della vittoria, replicato anche in gara 1 di semifinale. Aspettando Polonara, frenato dagli\u00a0 acciacchi, prima o poi verr\u00e0 l\u2019occasione anche per Belinelli di dare il suo contributo, magari inaspettato, a far pendere il piatto della bilancia dalla parte bianconera.<\/p>\n<p>\u00a0<\/p>\n","protected":false},"excerpt":{"rendered":"La Virtus, dopo la vittoria in gara 1, tenter\u00e0 questa sera di conquistare una vittoria per mettere un\u2019ipoteca&hellip;\n","protected":false},"author":3,"featured_media":156731,"comment_status":"","ping_status":"","sticky":false,"template":"","format":"standard","meta":{"footnotes":""},"categories":[1453],"tags":[1756,1757,20199,96775,1537,90,89,7516,96776,245,244,7518,7519],"class_list":{"0":"post-156730","1":"post","2":"type-post","3":"status-publish","4":"format-standard","5":"has-post-thumbnail","7":"category-basket","8":"tag-basket","9":"tag-basketball","10":"tag-ea7-olimpia-milano","11":"tag-gara-2-semifinale-play-off","12":"tag-it","13":"tag-italia","14":"tag-italy","15":"tag-lucio-bertoncelli","16":"tag-segafredo-arena","17":"tag-sport","18":"tag-sports","19":"tag-virtus-segafredo-bologna","20":"tag-vpassion"},"share_on_mastodon":{"url":"","error":""},"_links":{"self":[{"href":"https:\/\/www.europesays.com\/it\/wp-json\/wp\/v2\/posts\/156730","targetHints":{"allow":["GET"]}}],"collection":[{"href":"https:\/\/www.europesays.com\/it\/wp-json\/wp\/v2\/posts"}],"about":[{"href":"https:\/\/www.europesays.com\/it\/wp-json\/wp\/v2\/types\/post"}],"author":[{"embeddable":true,"href":"https:\/\/www.europesays.com\/it\/wp-json\/wp\/v2\/users\/3"}],"replies":[{"embeddable":true,"href":"https:\/\/www.europesays.com\/it\/wp-json\/wp\/v2\/comments?post=156730"}],"version-history":[{"count":0,"href":"https:\/\/www.europesays.com\/it\/wp-json\/wp\/v2\/posts\/156730\/revisions"}],"wp:featuredmedia":[{"embeddable":true,"href":"https:\/\/www.europesays.com\/it\/wp-json\/wp\/v2\/media\/156731"}],"wp:attachment":[{"href":"https:\/\/www.europesays.com\/it\/wp-json\/wp\/v2\/media?parent=156730"}],"wp:term":[{"taxonomy":"category","embeddable":true,"href":"https:\/\/www.europesays.com\/it\/wp-json\/wp\/v2\/categories?post=156730"},{"taxonomy":"post_tag","embeddable":true,"href":"https:\/\/www.europesays.com\/it\/wp-json\/wp\/v2\/tags?post=156730"}],"curies":[{"name":"wp","href":"https:\/\/api.w.org\/{rel}","templated":true}]}}