{"id":156761,"date":"2025-10-10T05:35:31","date_gmt":"2025-10-10T05:35:31","guid":{"rendered":"https:\/\/www.europesays.com\/it\/156761\/"},"modified":"2025-10-10T05:35:31","modified_gmt":"2025-10-10T05:35:31","slug":"la-sfida-vinta-di-matilde-sofia-fazio","status":"publish","type":"post","link":"https:\/\/www.europesays.com\/it\/156761\/","title":{"rendered":"la sfida (vinta) di Matilde Sofia Fazio"},"content":{"rendered":"<p style=\"padding-bottom:10px;\">Non \u00e8 solo una ballerina ma anche un&#8217;attrice e non se la cava male nemmeno con il canto.\u00a0Ha gi\u00e0 preso parte a diversi lavori a teatro e anche a fiction molto note<\/p>\n<p>\t\t\t\t\u00c8 fresca di sfida<strong> Matilde Sofia Fazio<\/strong> che a 17 anni \u00e8 entrata nella scuola di &#8220;Amici&#8221;, storico talent guidato da Maria De Filippi, nella categoria danza, guidata da Veronica Peparini. \u00c8 andata in onda mercoled\u00ec 8 ottobre la puntata in cui \u00e8 riuscita a strappare una sofferta vittoria alla sua &#8220;rivale&#8221; ballando anche sulle note di &#8220;Il bene e il male&#8221; di Madame e &#8220;Era gi\u00e0 tutto previsto&#8221; di Riccardo Cocciante.<\/p>\n<p>Matilde da 5 anni vive a Roma anche se \u00e8 di origini siciliane: <strong>\u00e8 nata a Erice,<\/strong> lo splendido borgo medievale in provincia di Trapani. Si \u00e8 trasferita nella Capitale convinta, come poi \u00e8 stato, che qui avrebbe avuto le opportunit\u00e0 giuste per realizzare il suo pi\u00f9 grande sogno, affermarsi come ballerina professionista. Il suo profilo Instagram ufficiale conta gi\u00e0 migliaia di follower.<\/p>\n<p>Capelli ricci e biondi e occhi di un azzurro intenso sembra determinata a ritagliarsi un posto da protagonista nel difficile talent di Mediaset che negli anni ha prodotto stelle della danza e del canto ma a volte anche cocenti delusioni. <\/p>\n<p>Matilde per\u00f2 non \u00e8 solo una ballerina ma <strong>\u00e8 anche un&#8217;attrice <\/strong>e non se la cava male nemmeno con il canto. Oltre al siciliano, padroneggia anche il pugliese. Ha gi\u00e0 preso parte a diversi lavori a teatro e anche a fiction molto note. Il pi\u00f9 recente <strong>\u00e8 il ruolo di Anna<\/strong>, co-protagonista in &#8220;Storia di una famiglia per bene 2&#8221; in onda sulle reti Mediaset. E ancora prima era apparsa nei Leoni di Sicilia, serie tv amatissima e molto seguita.<\/p>\n<p>La sua sfida pi\u00f9 grande finora l&#8217;ha vinta entrando domenica 28 settembre nella nuova classe di Amici di Maria De Filippi, storico talent show di Canale 5. Veronica Peparini l&#8217;ha voluta fortemente nella sua squadra e noi siamo sicuri che si far\u00e0.\n\t\t\t<\/p>\n","protected":false},"excerpt":{"rendered":"Non \u00e8 solo una ballerina ma anche un&#8217;attrice e non se la cava male nemmeno con il canto.\u00a0Ha&hellip;\n","protected":false},"author":3,"featured_media":156762,"comment_status":"","ping_status":"","sticky":false,"template":"","format":"standard","meta":{"footnotes":""},"categories":[1444],"tags":[203,204,1537,90,89,253],"class_list":{"0":"post-156761","1":"post","2":"type-post","3":"status-publish","4":"format-standard","5":"has-post-thumbnail","7":"category-tv","8":"tag-entertainment","9":"tag-intrattenimento","10":"tag-it","11":"tag-italia","12":"tag-italy","13":"tag-tv"},"share_on_mastodon":{"url":"","error":""},"_links":{"self":[{"href":"https:\/\/www.europesays.com\/it\/wp-json\/wp\/v2\/posts\/156761","targetHints":{"allow":["GET"]}}],"collection":[{"href":"https:\/\/www.europesays.com\/it\/wp-json\/wp\/v2\/posts"}],"about":[{"href":"https:\/\/www.europesays.com\/it\/wp-json\/wp\/v2\/types\/post"}],"author":[{"embeddable":true,"href":"https:\/\/www.europesays.com\/it\/wp-json\/wp\/v2\/users\/3"}],"replies":[{"embeddable":true,"href":"https:\/\/www.europesays.com\/it\/wp-json\/wp\/v2\/comments?post=156761"}],"version-history":[{"count":0,"href":"https:\/\/www.europesays.com\/it\/wp-json\/wp\/v2\/posts\/156761\/revisions"}],"wp:featuredmedia":[{"embeddable":true,"href":"https:\/\/www.europesays.com\/it\/wp-json\/wp\/v2\/media\/156762"}],"wp:attachment":[{"href":"https:\/\/www.europesays.com\/it\/wp-json\/wp\/v2\/media?parent=156761"}],"wp:term":[{"taxonomy":"category","embeddable":true,"href":"https:\/\/www.europesays.com\/it\/wp-json\/wp\/v2\/categories?post=156761"},{"taxonomy":"post_tag","embeddable":true,"href":"https:\/\/www.europesays.com\/it\/wp-json\/wp\/v2\/tags?post=156761"}],"curies":[{"name":"wp","href":"https:\/\/api.w.org\/{rel}","templated":true}]}}