{"id":156788,"date":"2025-10-10T05:58:12","date_gmt":"2025-10-10T05:58:12","guid":{"rendered":"https:\/\/www.europesays.com\/it\/156788\/"},"modified":"2025-10-10T05:58:12","modified_gmt":"2025-10-10T05:58:12","slug":"de-bruyne-conte-ci-sono-state-incomprensionivoglio-chiarire-una-cosa","status":"publish","type":"post","link":"https:\/\/www.europesays.com\/it\/156788\/","title":{"rendered":"De Bruyne: &#8220;Conte? Ci sono state incomprensioni,voglio chiarire una cosa&#8221;"},"content":{"rendered":"<p>Il centrocampista del Napoli ha rilasciato alcune dichiarazioni dal ritiro della nazionale belga<\/p>\n<p>Kevin <a href=\"https:\/\/www.calcionapoli1926.it\/serie-a\/calciatore-del-mese-settembre-pulisic\/\" rel=\"nofollow noopener\" target=\"_blank\">De Bruyne<\/a>, centrocampista del Napoli, ha rilasciato alcune dichiarazioni dal ritiro del Belgio alla vigilia della partita contro la Macedonia di Eljif Elmas, valida per le qualificazioni ai Mondiali. Di seguito, vi riportiamo le sue dichiarazioni riprese da TuttomercatoWeb.<\/p>\n<p>De Bruyne: &#8220;Conte? Ci sono momenti in cui la pensi diversamente. Ma nessuna polemica&#8221;\u2014 \u00a0<\/p>\n<p>&#8220;Ci sono sempre momenti in cui la pensi diversamente. Ma non c&#8217;\u00e8 stata alcuna polemica. Si \u00e8 parlato molto di pi\u00f9 di quanto non ci fosse in realt\u00e0. Il mio nome attira molta attenzione. Non c&#8217;\u00e8 stato niente di sbagliato.\u00a0<strong><a href=\"https:\/\/www.calcionapoli1926.it\/nazionali\/hojlund-danimarca-bielorussia-napoli-gol\/\" rel=\"nofollow noopener\" target=\"_blank\">Napoli<\/a>?\u00a0<\/strong>Sto bene, sto giocando molto e mi sento bene. E siamo anche in testa in Serie A&#8221;.<\/p>\n<p class=\"is-copyright\">\u00a9 RIPRODUZIONE RISERVATA<\/p>\n","protected":false},"excerpt":{"rendered":"Il centrocampista del Napoli ha rilasciato alcune dichiarazioni dal ritiro della nazionale belga Kevin De Bruyne, centrocampista del&hellip;\n","protected":false},"author":3,"featured_media":156789,"comment_status":"","ping_status":"","sticky":false,"template":"","format":"standard","meta":{"footnotes":""},"categories":[1452],"tags":[3960,95546,96781,4701,721,277,4702,1102,1740,1537,90,89,248,1739,245,244],"class_list":{"0":"post-156788","1":"post","2":"type-post","3":"status-publish","4":"format-standard","5":"has-post-thumbnail","7":"category-calcio","8":"tag-alcune","9":"tag-alcune-dichiarazioni","10":"tag-alcune-dichiarazioni-ritiro","11":"tag-bruyne","12":"tag-calcio","13":"tag-de","14":"tag-de-bruyne","15":"tag-dichiarazioni","16":"tag-football","17":"tag-it","18":"tag-italia","19":"tag-italy","20":"tag-napoli","21":"tag-soccer","22":"tag-sport","23":"tag-sports"},"share_on_mastodon":{"url":"","error":""},"_links":{"self":[{"href":"https:\/\/www.europesays.com\/it\/wp-json\/wp\/v2\/posts\/156788","targetHints":{"allow":["GET"]}}],"collection":[{"href":"https:\/\/www.europesays.com\/it\/wp-json\/wp\/v2\/posts"}],"about":[{"href":"https:\/\/www.europesays.com\/it\/wp-json\/wp\/v2\/types\/post"}],"author":[{"embeddable":true,"href":"https:\/\/www.europesays.com\/it\/wp-json\/wp\/v2\/users\/3"}],"replies":[{"embeddable":true,"href":"https:\/\/www.europesays.com\/it\/wp-json\/wp\/v2\/comments?post=156788"}],"version-history":[{"count":0,"href":"https:\/\/www.europesays.com\/it\/wp-json\/wp\/v2\/posts\/156788\/revisions"}],"wp:featuredmedia":[{"embeddable":true,"href":"https:\/\/www.europesays.com\/it\/wp-json\/wp\/v2\/media\/156789"}],"wp:attachment":[{"href":"https:\/\/www.europesays.com\/it\/wp-json\/wp\/v2\/media?parent=156788"}],"wp:term":[{"taxonomy":"category","embeddable":true,"href":"https:\/\/www.europesays.com\/it\/wp-json\/wp\/v2\/categories?post=156788"},{"taxonomy":"post_tag","embeddable":true,"href":"https:\/\/www.europesays.com\/it\/wp-json\/wp\/v2\/tags?post=156788"}],"curies":[{"name":"wp","href":"https:\/\/api.w.org\/{rel}","templated":true}]}}