{"id":156821,"date":"2025-10-10T06:25:12","date_gmt":"2025-10-10T06:25:12","guid":{"rendered":"https:\/\/www.europesays.com\/it\/156821\/"},"modified":"2025-10-10T06:25:12","modified_gmt":"2025-10-10T06:25:12","slug":"maignan-alla-juve-il-rinnovo-con-il-milan-e-bloccato-i-dettagli","status":"publish","type":"post","link":"https:\/\/www.europesays.com\/it\/156821\/","title":{"rendered":"Maignan alla Juve? Il rinnovo con il Milan \u00e8 bloccato, i dettagli"},"content":{"rendered":"<p>                                Trattative bloccate tra il numero uno francese e i rossoneri: era stato gi\u00e0 tentato da Chelsea e Bayern, ora da Torino proveranno a muoversi d&#8217;anticipo in vista dell&#8217;estate, quando diventer\u00e0 uno dei free agent pi\u00f9 ambiti. E se arriva lui, Di Gregorio&#8230;\u00a0<\/p>\n<p>            <a class=\"image is-50x50\" href=\"https:\/\/www.gazzetta.it\/redazione\/filippo-cornacchia\/\" rel=\"nofollow noopener\" target=\"_blank\"><br \/>\n                <img decoding=\"async\" class=\"is-rounded\" src=\"https:\/\/www.europesays.com\/it\/wp-content\/uploads\/2025\/09\/1757993715_851_omino.png\" alt=\"Filippo Cornacchia\"\/><br \/>\n            <\/a><\/p>\n<p>Giornalista<\/p>\n<p>                    10 ottobre 2025 (modifica alle 08:06)  &#8211; TORINO<\/p>\n<p class=\"paragraph\" spellcheck=\"true\">La Juventus pensa a Mike Maignan per la porta del futuro. L\u2019occasione a zero intriga la Signora, alla ricerca di qualche profilo esperto e carismatico per alzare il livello della squadra. Il portiere del Milan ha 30 anni, \u00e8 il titolare della Francia del ct Didier Deschamps, gioca in Serie A dal 2021 e ha vinto due campionati in carriera: uno con i rossoneri di Stefano Pioli (2022) e uno con il Lilla (2021) insieme allo juventino Jonathan David, <a href=\"https:\/\/www.gazzetta.it\/Calcio\/Calciomercato\/Juventus\/04-07-2025\/juventus-david-sbarcato-a-malpensa-ora-al-jmedical.shtml?intcmp=hyperlink-articolo-gazit\" title=\"Juve, ufficiale David: comunicato e cifre. \" che=\"\" onore.=\"\" far=\"\" il=\"\" possibile=\"\" per=\"\" vincere=\"\" titoli=\"\" rel=\"nofollow noopener\" target=\"_blank\">il primo colpo dell&#8217;era Comolli-Chiellini<\/a>. Il centravanti canadese \u00e8 sbarcato in bianconero a luglio e in scadenza. Lo stesso destino potrebbe toccare a Maignan: a meno di cambi di programma, a fine campionato lascer\u00e0 Milano. Le trattative per il rinnovo sono bloccate da tempo e Mike sembra orientato a voler provare una nuova esperienza nonostante la stima di Massimiliano Allegri, che in estate <a href=\"https:\/\/www.gazzetta.it\/Calcio\/Serie-A\/Milan\/10-06-2025\/milan-maignan-resta-deciso-allegri.shtml?intcmp=hyperlink-articolo-gazit\" title=\"Allegri trattiene Maignan: sar\u00e0 il nuovo leader del Milan. Anche a costo di perderlo a zero nel 2026\" rel=\"nofollow noopener\" target=\"_blank\">ne ha bloccato il trasferimento al Chelsea<\/a>. Maignan si candida per essere uno degli svincolati di lusso del prossimo mercato estivo, un po&#8217; come Dusan Vlahovic (stessa scadenza). La Juventus ha preso informazioni ed \u00e8 pronta a iscriversi alla corsa per il portiere scuola Psg, uno che al Milan \u00e8 riuscito a non far rimpiangere Gigio Donnarumma a suon di carisma e grandi parate. L&#8217;ultima meno di una settimana fa proprio all&#8217;Allianz Stadium sotto gli occhi di Damien Comolli, Giorgio Chiellini e del dt Francois Modesto. Magic Mike con un riflesso super <a href=\"https:\/\/www.gazzetta.it\/Calcio\/Serie-A\/Juventus\/05-10-2025\/juve-milan-0-0-pulisic-sbaglia-un-rigore.shtml?intcmp=hyperlink-articolo-gazit\" title=\"Pulisic sbaglia un rigore, David e Leao sprecano: un brutto Juve-Milan finisce 0-0\" rel=\"nofollow noopener\" target=\"_blank\">ha evitato il gol di Federico Gatti<\/a> e annullato la chance pi\u00f9 grande della squadra di Tudor.\u00a0<\/p>\n<p>    maignan alla juve, contratto e concorrenza\u2014 \u00a0<\/p>\n<p class=\"paragraph is-inline\" spellcheck=\"true\">Ottobre non \u00e8 ancora il periodo degli affondi, ma le valutazioni sono gi\u00e0 iniziate. Alla Continassa sono pronti a tuffarsi sul rossonero per capire l&#8217;eventuale fattibilit\u00e0 dell&#8217;operazione. Dipender\u00e0 dai desideri del francese e dalle sue richieste economiche: adesso guadagna 2,8 milioni e gode degli sgravi fiscali del Decreto Crescita. La Juventus c&#8217;\u00e8 ed \u00e8 interessata, ma non \u00e8 l&#8217;unica big che ha fiutato l&#8217;occasione di mettere le mani su un portiere di spessore internazionale a fine contratto. L&#8217;onnipresente Chelsea gi\u00e0 in estate ha provato l&#8217;affondo, per\u00f2 si \u00e8 dovuto arrendere di fronte all&#8217;intransigenza del Milan e di Allegri. Pi\u00f9 recente l&#8217;interesse del Bayern. Senza prolungamento &#8211; e i segnali portano al divorzio dal Milan &#8211; a inizio 2026 l&#8217;ex Lilla sar\u00e0 libero di scegliersi il club nel quale trasferirsi gratis a partire dal primo luglio. In passato a gennaio\/febbraio i parametri zero conoscevano gi\u00e0 dove avrebbero giocato la stagione successiva. Da qualche anno non \u00e8 pi\u00f9 cos\u00ec. Basti pensare che Jonathan David, dopo essere stato corteggiato da mezza Europa, ha firmato soltanto a inizio luglio con la Signora.\u00a0<\/p>\n<p>    con maignan alla juve dove va di gregorio?\u2014 \u00a0<\/p>\n<p class=\"paragraph is-inline\" spellcheck=\"true\">Sfumato sul nascere il sogno Donnarumma, <a href=\"https:\/\/www.gazzetta.it\/Calcio\/Premier-League\/02-09-2025\/donnarumma-al-manchester-city-e-ufficiale-ecco-quanto-guadagnera.shtml?intcmp=hyperlink-articolo-gazit\" title=\"Gigio al City \u00e8 ufficiale: \" pep=\"\" tra=\"\" i=\"\" pi=\"\" grandi=\"\" della=\"\" storia=\"\" debutta=\"\" nel=\"\" derby=\"\" p grand rel=\"nofollow noopener\" target=\"_blank\">passato al Manchester City dopo la rottura con il Psg<\/a>, la Juventus pensa al suo erede in rossonero. Gli aspetti tecnici si intrecciano a quelli caratteriali. Alla Continassa avvertono l&#8217;esigenza di aumentare la qualit\u00e0 della rosa ma anche la personalit\u00e0 della squadra. Maignan di carisma e leadership ne ha da vendere e proprio per questo i bianconeri hanno drizzato le antenne sul mancato rinnovo dell&#8217;ex Lilla con il Milan. Pi\u00f9 che un ripensamento su Michele Di Gregorio, <a href=\"https:\/\/www.gazzetta.it\/Calcio\/Serie-A\/Juventus\/19-09-2025\/verona-juve-tudor-in-conferenza.shtml?intcmp=hyperlink-articolo-gazit\" title=\"Tudor: \" i=\"\" sette=\"\" gol=\"\" subiti=\"\" nessun=\"\" processo.=\"\" che=\"\" scorrettezze=\"\" con=\"\" kelly=\"\" e=\"\" di=\"\" gregorio...=\"\" subit d rel=\"nofollow noopener\" target=\"_blank\">stimato e difeso anche pubblicamente da Tudor<\/a>, potenzialmente Mike \u00e8 la pi\u00f9 classica delle opportunit\u00e0. Se irrinunciabile o meno si capir\u00e0 nelle prossime settimane\/mesi. Maignan e Chelsea permettendo, vista la ricchezza degli inglesi e il fascino della Premier League. La Juventus c&#8217;\u00e8 ed \u00e8 pronta a tuffarsi su Magic Mike. Nel caso non sarebbe complicato trovare una sistemazione per Di Gregorio, sempre molto apprezzato anche in Inghilterra.<\/p>\n<p class=\"is-copyright\">\u00a9 RIPRODUZIONE RISERVATA<\/p>\n","protected":false},"excerpt":{"rendered":"Trattative bloccate tra il numero uno francese e i rossoneri: era stato gi\u00e0 tentato da Chelsea e Bayern,&hellip;\n","protected":false},"author":3,"featured_media":156822,"comment_status":"","ping_status":"","sticky":false,"template":"","format":"standard","meta":{"footnotes":""},"categories":[1452],"tags":[3076,8486,56005,721,96802,5368,10576,10572,7521,6693,12418,14394,1533,1740,3368,56827,1302,1537,90,89,6948,43129,565,558,96803,7829,426,96804,96805,13200,96806,14827,553,3205,489,8176,2855,13810,14393,21730,3094,9611,1438,1739,245,244,1857],"class_list":{"0":"post-156821","1":"post","2":"type-post","3":"status-publish","4":"format-standard","5":"has-post-thumbnail","7":"category-calcio","8":"tag-allegri","9":"tag-bayern","10":"tag-bloccate","11":"tag-calcio","12":"tag-carisma","13":"tag-chelsea","14":"tag-chiellini","15":"tag-comolli","16":"tag-continassa","17":"tag-contratto","18":"tag-david","19":"tag-donnarumma","20":"tag-estate","21":"tag-football","22":"tag-francese","23":"tag-gregorio","24":"tag-inizio","25":"tag-it","26":"tag-italia","27":"tag-italy","28":"tag-jonathan","29":"tag-jonathan-david","30":"tag-juve","31":"tag-juventus","32":"tag-juventus-pensa","33":"tag-lilla","34":"tag-luglio","35":"tag-magic","36":"tag-magic-mike","37":"tag-maignan","38":"tag-maignan-juve","39":"tag-mike","40":"tag-milan","41":"tag-occasione","42":"tag-passato","43":"tag-pensa","44":"tag-portiere","45":"tag-pronta","46":"tag-psg","47":"tag-rinnovo","48":"tag-rossoneri","49":"tag-rossonero","50":"tag-scadenza","51":"tag-soccer","52":"tag-sport","53":"tag-sports","54":"tag-squadra"},"share_on_mastodon":{"url":"","error":""},"_links":{"self":[{"href":"https:\/\/www.europesays.com\/it\/wp-json\/wp\/v2\/posts\/156821","targetHints":{"allow":["GET"]}}],"collection":[{"href":"https:\/\/www.europesays.com\/it\/wp-json\/wp\/v2\/posts"}],"about":[{"href":"https:\/\/www.europesays.com\/it\/wp-json\/wp\/v2\/types\/post"}],"author":[{"embeddable":true,"href":"https:\/\/www.europesays.com\/it\/wp-json\/wp\/v2\/users\/3"}],"replies":[{"embeddable":true,"href":"https:\/\/www.europesays.com\/it\/wp-json\/wp\/v2\/comments?post=156821"}],"version-history":[{"count":0,"href":"https:\/\/www.europesays.com\/it\/wp-json\/wp\/v2\/posts\/156821\/revisions"}],"wp:featuredmedia":[{"embeddable":true,"href":"https:\/\/www.europesays.com\/it\/wp-json\/wp\/v2\/media\/156822"}],"wp:attachment":[{"href":"https:\/\/www.europesays.com\/it\/wp-json\/wp\/v2\/media?parent=156821"}],"wp:term":[{"taxonomy":"category","embeddable":true,"href":"https:\/\/www.europesays.com\/it\/wp-json\/wp\/v2\/categories?post=156821"},{"taxonomy":"post_tag","embeddable":true,"href":"https:\/\/www.europesays.com\/it\/wp-json\/wp\/v2\/tags?post=156821"}],"curies":[{"name":"wp","href":"https:\/\/api.w.org\/{rel}","templated":true}]}}