{"id":156825,"date":"2025-10-10T06:28:13","date_gmt":"2025-10-10T06:28:13","guid":{"rendered":"https:\/\/www.europesays.com\/it\/156825\/"},"modified":"2025-10-10T06:28:13","modified_gmt":"2025-10-10T06:28:13","slug":"in-otto-edizioni-oltre-100-mila-giovani-lettrici-e-lettori-raggiunti","status":"publish","type":"post","link":"https:\/\/www.europesays.com\/it\/156825\/","title":{"rendered":"in otto edizioni oltre 100 mila giovani lettrici e lettori raggiunti"},"content":{"rendered":"<p>Giunto quest\u2019anno alla sua ottava edizione, il <strong><a href=\"https:\/\/editriceilcastoro.it\/scuole\/\" target=\"_blank\" rel=\"nofollow noopener\">Progetto Scuole Il Castoro<\/a><\/strong> taglia un importante traguardo: dal 2018 a oggi, ha coinvolto <strong>oltre 100.000 giovani lettori e lettrici in tutta Italia, per un totale di 800 progetti di lettura attivati in oltre 4.500 classi di tutti i gradi scolastici<\/strong>. E con il risultato di una grande fidelizzazione: una scuola su due, infatti, sceglie di rinnovare l\u2019esperienza del progetto negli anni successivi.<\/p>\n<p>Un progetto che \u00e8 cresciuto costantemente, costruito insieme a docenti, biblioteche scolastiche e grandi firme della letteratura per ragazzi e ragazze, per un totale di <strong>90 autori e autrici<\/strong> <strong>tra Editrice Il Castoro, Tunu\u00e9 e Sonda e 200 percorsi di lettura possibili tra cui scegliere<\/strong>. Tra questi Pierdomenico Baccalario, Luigi Ballerini, Francesco Bedini, Elisa Castiglioni, Azzurra D\u2019Agostino, Valentina Federici, Francesco Gungui, Susanna Mattiangeli, Marta Palazzesi, Sualzo e Silvia Vecchini e molti altri e altre.<\/p>\n<p>\u00ab\u00c8 stato un anno di grande lavoro di Editrice Il Castoro per le scuole, in vista dell\u2019ottava edizione del nostro progetto\u00bb ha commentato <strong>Renata Gorgani<\/strong>, direttrice editoriale del Castoro. \u00abAbbiamo ancora pi\u00f9 autori e autrici, legati a temi che si affrontano a scuola, storia, attualit\u00e0 e educazione civica, benessere, e anche molti romanzi di lettura per piacere che sappiamo essere la porta d\u2019ingresso al mondo dei libri. Molti gli albi illustrati, sempre pi\u00f9 usati nelle scuole dell\u2019infanzia ma anche nella scuola primaria per l\u2019educazione ai sentimenti e per introdurre il doppio linguaggio immagine-testo. E poi prime letture autonome, letture per la scuola primaria e secondaria, fino alla secondaria di secondo grado. Quello che caratterizza il nostro progetto \u00e8 la passione con cui viene seguito a ogni passo, e la cura nella relazione con gli insegnanti e con le librerie. Nella certezza che leggere insieme un libro nelle migliori condizioni \u00e8 la via maestra per creare lettori e lettrici\u00bb.<\/p>\n<p>In parallelo all\u2019attenzione costante verso l\u2019attivazione di progetti di lettura su <strong>fumetti e graphic novel<\/strong>, <strong>gli albi illustrati<\/strong> diventano quest\u2019anno protagonisti dell\u2019ottava edizione con proposte formative indirizzate sia ai docenti, per percorsi di educazione civica a scuola, a cura di Antonella Capetti, e verso bambini e ragazzi, con laboratori volti all\u2019esplorazione narrativa e visiva degli albi, a cura di Sara Piazza.<br \/>\u00c8 nato inoltre l\u2019innovativo percorso di <strong>mindfulness a scuola per l\u2019educazione civica<\/strong>, ideato e condotto da Elisa Castiglioni, per costruire nuovi spazi di dialogo e consapevolezza. In un momento storico segnato da guerre, crisi climatica e fragilit\u00e0 sociale, il Progetto Scuole Il Castoro offre uno strumento concreto per lavorare insieme ai ragazzi e alle ragazze sulla<strong> cura della salute mentale, sulla fiducia e crescita collettiva<\/strong>, per imparare a leggere la complessit\u00e0 del mondo, esercitando pensiero critico e nuove idee.<br \/>L\u2019ottava edizione del progetto si apre proprio con l\u2019obiettivo di continuare a dare sempre pi\u00f9 voce e spazio alle nuove generazioni, accompagnandole nella costruzione di una <strong>societ\u00e0 pi\u00f9 consapevole, empatica e inclusiva<\/strong>, insieme a una rete di lettori, lettrici e insegnanti appassionati che condividono la convinzione che la lettura possa essere un atto civico e un\u2019esperienza trasformativa.\u00a0<\/p>\n","protected":false},"excerpt":{"rendered":"Giunto quest\u2019anno alla sua ottava edizione, il Progetto Scuole Il Castoro taglia un importante traguardo: dal 2018 a&hellip;\n","protected":false},"author":3,"featured_media":156826,"comment_status":"","ping_status":"","sticky":false,"template":"","format":"standard","meta":{"footnotes":""},"categories":[1445],"tags":[1608,203,204,1537,90,89,1609],"class_list":{"0":"post-156825","1":"post","2":"type-post","3":"status-publish","4":"format-standard","5":"has-post-thumbnail","7":"category-libri","8":"tag-books","9":"tag-entertainment","10":"tag-intrattenimento","11":"tag-it","12":"tag-italia","13":"tag-italy","14":"tag-libri"},"share_on_mastodon":{"url":"","error":""},"_links":{"self":[{"href":"https:\/\/www.europesays.com\/it\/wp-json\/wp\/v2\/posts\/156825","targetHints":{"allow":["GET"]}}],"collection":[{"href":"https:\/\/www.europesays.com\/it\/wp-json\/wp\/v2\/posts"}],"about":[{"href":"https:\/\/www.europesays.com\/it\/wp-json\/wp\/v2\/types\/post"}],"author":[{"embeddable":true,"href":"https:\/\/www.europesays.com\/it\/wp-json\/wp\/v2\/users\/3"}],"replies":[{"embeddable":true,"href":"https:\/\/www.europesays.com\/it\/wp-json\/wp\/v2\/comments?post=156825"}],"version-history":[{"count":0,"href":"https:\/\/www.europesays.com\/it\/wp-json\/wp\/v2\/posts\/156825\/revisions"}],"wp:featuredmedia":[{"embeddable":true,"href":"https:\/\/www.europesays.com\/it\/wp-json\/wp\/v2\/media\/156826"}],"wp:attachment":[{"href":"https:\/\/www.europesays.com\/it\/wp-json\/wp\/v2\/media?parent=156825"}],"wp:term":[{"taxonomy":"category","embeddable":true,"href":"https:\/\/www.europesays.com\/it\/wp-json\/wp\/v2\/categories?post=156825"},{"taxonomy":"post_tag","embeddable":true,"href":"https:\/\/www.europesays.com\/it\/wp-json\/wp\/v2\/tags?post=156825"}],"curies":[{"name":"wp","href":"https:\/\/api.w.org\/{rel}","templated":true}]}}