{"id":156833,"date":"2025-10-10T06:32:10","date_gmt":"2025-10-10T06:32:10","guid":{"rendered":"https:\/\/www.europesays.com\/it\/156833\/"},"modified":"2025-10-10T06:32:10","modified_gmt":"2025-10-10T06:32:10","slug":"ceccon-non-sono-geloso-dei-soldi-di-sinner-ho-pochissimi-amici-lamore-lultimo-dei-miei-pensieri","status":"publish","type":"post","link":"https:\/\/www.europesays.com\/it\/156833\/","title":{"rendered":"Ceccon: \u00abNon sono geloso dei soldi di Sinner, ho pochissimi amici. L&#8217;amore? L&#8217;ultimo dei miei pensieri\u00bb"},"content":{"rendered":"<p>    di<br \/>\n    Lia Capizzi<\/p>\n<p class=\"summary-art is-line-h-12\">Il  nuotatore: \u00abFaccio i conti con i miei sbalzi di umore, anche per stupidaggini. La moda? Posare \u00e8 una rottura di scatole, ma quando vedo il risultato degli scatti, dico: Wow. Lo ammetto, sono un po\u2019 vanitoso\u00bb.<\/p>\n<p class=\"chapter-paragraph\"><b>Thomas Ceccon<\/b> in versione esploratore. Da oro olimpico, e primatista mondiale dei 100 dorso, studia un programma di gare in vista dei Giochi di Los Angeles. Fuori dall\u2019acqua ha fame di scoprire il mondo, la vacanza estiva in Vietnam \u00e8 sul suo canale YouTube tra curiosit\u00e0 e umorismo, con quello stile naif che i tifosi adorano. Da giovane di 24 anni \u00e8 alla ricerca di un equilibrio, per carattere pu\u00f2 risultare spavaldo ma pure introverso, ribelle ma alla ricerca di gentilezza, duro oppure svogliato, con la sensazione che nasconda sempre qualcosa. \u00abIo sono molto sensibile, anche se non sembra. Quando ti apri poi ti rendi vulnerabile, ecco perch\u00e9 mi nascondo molto. L\u2019unica volta in cui non potevo era sul podio all\u2019Olimpiade di Parigi\u00bb.<\/p>\n<p class=\"chapter-paragraph\"><b>Si \u00e8 vergognato di essersi fatto vedere emozionato?<\/b><br \/>\u00abMi sarei messo a piangere ma mi sono trattenuto, non volevo farlo davanti a tutti. Ho pianto la sera in camera\u00bb.    &#13;<br \/>\n&#13;<br \/>\n&#13;<br \/>\n&#13;<br \/>\n&#13;<br \/>\n&#13;<br \/>\n&#13;<br \/>\n&#13;<br \/>\n&#13;<br \/>\n&#13;<br \/>\n&#13;<br \/>\n&#13;<br \/>\n&#13;<br \/>\n&#13;<br \/>\n&#13;<br \/>\n&#13;<br \/>\n&#13;<br \/>\n&#13;<br \/>\n&#13;<br \/>\n&#13;<br \/>\n&#13;<br \/>\n&#13;<br \/>\n&#13;<br \/>\n&#13;<br \/>\n&#13;<br \/>\n&#13;<br \/>\n&#13;<br \/>\n&#13;<br \/>\n&#13;<br \/>\n&#13;<br \/>\n&#13;<br \/>\n&#13;<br \/>\n&#13;<br \/>\n&#13;<br \/>\n&#13;<br \/>\n&#13;<br \/>\n&#13;<br \/>\n&#13;<br \/>\n&#13;<br \/>\n&#13;<br \/>\n&#13;<br \/>\n&#13;<br \/>\n&#13;<br \/>\n&#13;<br \/>\n&#13;<br \/>\n&#13;<br \/>\n&#13;<br \/>\n&#13;<br \/>\n&#13;<br \/>\n&#13;<br \/>\n&#13;<br \/>\n&#13;<br \/>\n&#13;\n<\/p>\n<p class=\"chapter-paragraph\"><b>Una corazza per proteggersi.<\/b><br \/>\u00abMi rinchiudo nel mio mondo, ho tre-quattro amici e sono contento cos\u00ec. Se per\u00f2 devo descrivermi, quando ne vale la pena, sono il primo a raccontarmi, anche nei tormenti. In fondo mi fa piacere far conoscere Thomas e non solo Ceccon\u00bb.<\/p>\n<p class=\"chapter-paragraph\"><b>Non \u00e8 un tipo facile da comprendere.<\/b><br \/>\u00abFaccio i conti con i miei sbalzi di umore. Anche per stupidaggini, magari non mi piace come mi sto allenando oppure ho un pensiero che non voglio esternare. E poi sono abbastanza permaloso. Se le cose me le dicono in un certo modo, mi chiudo a riccio. Lo faccio da sempre anche con i miei genitori\u00bb.<\/p>\n<p class=\"chapter-paragraph\"><b>Pap\u00e0 Loris e mamma Gioia si sono fatti in quattro per darle l\u2019opportunit\u00e0 di diventare un campione.<\/b><br \/>\u00abGi\u00e0 a tre anni ripetevo di voler nuotare, non ho mai avuto un piano B. I sacrifici sono stati tanti, mio padre da infermiere ha fatto i doppi turni. Per me si sono divisi, lui a Schio con mio fratello mentre mia madre si \u00e8 trasferita a Verona con me quando avevo 17 anni. Li ringrazio tanto, hanno investito sul mio sogno\u00bb.<\/p>\n<p class=\"chapter-paragraph\"><b>Questa riconoscenza riesce ad esternarla?<\/b><br \/>\u00abNon \u00e8 facile confidarsi o essere amici dei propri genitori. Da ragazzino li ascolti, ci parli. A vent\u2019anni invece dici: non voglio averli tra le scatole. Dai 30 anni in poi si torna a coinvolgerli sulle esperienze che loro hanno gi\u00e0 fatto. Ma io resto un introverso. Durante le gare sanno che non mi devono scrivere, devo isolarmi nella mia bolla. Poi, quando torno a casa, parliamo. Dopo Singapore pap\u00e0 mi ha detto: ma perch\u00e9 non sei andato pi\u00f9 forte?\u00bb.<\/p>\n<p class=\"chapter-paragraph\"><b>Ecco, appunto. La bizzarra gestione dei suoi turni preliminari. Ha mancato la finale mondiale dei 200 dorso per 4 centesimi.<\/b><br \/>\u00abDa fuori dicono: ma perch\u00e9 questo ha fatto la batteria cos\u00ec piano? Le critiche ci stanno, sono pure d\u2019accordo con chi le fa, ma \u00e8 difficile spiegare l\u2019imprevedibilit\u00e0 di una gara. In pochi tengono conto che io magari prima ho gi\u00e0 nuotato otto turni. Sono il primo a crocifiggermi. Nessuna critica sar\u00e0 pi\u00f9 feroce di quelle che io faccio a me stesso\u00bb.<\/p>\n<p class=\"chapter-paragraph\"><b>Ha digerito la delusione per non aver vinto l\u2019oro?<\/b><br \/>\u00abUn po\u2019 di rammarico resta. L\u2019argento nei miei 100 dorso torna ancora nei pensieri, ma credo che possa aiutarmi per il futuro\u00bb.<\/p>\n<p class=\"chapter-paragraph\"><b>L\u2019argento come medaglia le va proprio di traverso.<\/b><br \/>\u00abNon sempre. Per esempio, ho gioito per gli argenti di\u00a0<a href=\"https:\/\/www.corriere.it\/cronache\/25_ottobre_10\/nadia-battocletti-intervista-fidanzato-aca94da6-1cc6-40bc-99b8-5d1b992c4xlk.shtml\" title=\"Nadia Battocletti: \u00abCorro 100 chilometri a settimana. Mangio pastasciutta e tanti dolci. Il mio fidanzato? Uno sciatore, io ero fortissima anche a tennis\u00bb\" rel=\"nofollow noopener\" target=\"_blank\">Nadia Battocletti<\/a> nei 10.000 metri e di Andrea Dallavalle nel triplo ai Mondiali. L\u2019atletica mi appassiona\u00bb.<\/p>\n<p class=\"chapter-paragraph\"><b>E gli sport invernali, in vista di Milano-Cortina?<\/b><br \/>\u00abVorrei andare a vedere qualche gara dal vivo, magari la discesa. Mi piacerebbe fare il tedoforo, perch\u00e9 no?\u00bb.<\/p>\n<p class=\"chapter-paragraph\"><b>In futuro ci sar\u00e0 un Ceccon meno polivalente?<\/b><br \/>\u00abA Singapore mi sono massacrato, ma agli Europei nel 2026 prover\u00f2 ancora un programma multiplo con 14-15 turni di gara in una settimana, proprio per prendere una decisione in vista di LA 2028\u00bb.<\/p>\n<p class=\"chapter-paragraph\"><b>Essere poliedrico \u00e8 nel suo DNA.<\/b><br \/>\u00abFa parte di me. In allenamento adoro fare tutti e quattro gli stili. Quando c\u2019\u00e8 un lavoro sui 50 mi chiedo: lo faccio a delfino, dorso, rana o stile? In pochi possono dirlo, mi rende orgoglioso\u00bb.<\/p>\n<p class=\"chapter-paragraph\"><b>\u00c8 in America per il via della Coppa del Mondo di nuoto in vasca corta. Tre tappe con un parterre di fuoriclasse.<\/b><br \/>\u00abIn vasca lunga riesco a sprigionare la mia nuotata, la vasca corta mi diverte anche se ci sono troppe subacquee\u00bb.<\/p>\n<p class=\"chapter-paragraph\"><b>In palio un montepremi da 1,2 milioni di dollari con bonus per ogni primato del mondo e per chi vince la stessa gara in tutte e tre le tappe.<\/b><br \/>\u00abIl montepremi fa gola a tutti, ovvio\u00bb.<\/p>\n<p class=\"chapter-paragraph\"><b>A proposito di soldi, l\u2019hanno accusata di essere invidioso dei guadagni di Sinner.<\/b><br \/>\u00abUna stupidaggine gigantesca. Mi avevano chiesto la diversa visibilit\u00e0 tra tennis e nuoto. Dire che noi nuotatori se va bene guadagniamo 15mila dollari \u00e8 un dato di fatto, non \u00e8 gelosia. Io sono tifoso di Jannik. Ma tra titoli, like, click, tante cose vengono stravolte diventando senza senso\u00bb.<\/p>\n<p class=\"chapter-paragraph\"><b>Ha una conoscenza enciclopedica del suo sport.<\/b><br \/>\u00ab\u00c8 la mia passione, studio i tempi di tutte le specialit\u00e0 ma anche la storia del nuoto per capire da dove siamo partiti. Ora siamo una potenza mondiale ma prima del 2000 non avevamo mai vinto nessun oro olimpico\u00bb.<\/p>\n<p class=\"chapter-paragraph\"><b>Le divise dell\u2019Italia ai Giochi sono firmate Giorgio Armani.<\/b><br \/>\u00abUna perdita enorme. Ero alla sfilata Emporio Armani, la prima senza di lui. Sono grato di aver respirato un\u2019atmosfera cos\u00ec intensa\u00bb.<\/p>\n<p class=\"chapter-paragraph\"><b>Con la moda ha un rapporto altalenante.<\/b><br \/>\u00abAlcuni shooting durano giornate intere, posare \u00e8 una rottura di scatole. Ma quando vedo il risultato degli scatti, dico: Wow. Ammetto, sono un po\u2019 vanitoso\u00bb.<\/p>\n<p class=\"chapter-paragraph\"><b>L\u2019esploratore Ceccon cerca anche la strada dell\u2019amore?<\/b><br \/>\u00abQuesta ricerca sar\u00e0 ancora bella lunga. Al momento \u00e8 l\u2019ultimo dei miei pensieri\u00bb.<\/p>\n<p class=\"is-last-update\" datetime=\"2025-10-10T08:23:36+02:00\">10 ottobre 2025 ( modifica il 10 ottobre 2025 | 08:23)<\/p>\n<p class=\"is-copyright\">\n            \u00a9 RIPRODUZIONE RISERVATA\n        <\/p>\n","protected":false},"excerpt":{"rendered":"di Lia Capizzi Il nuotatore: \u00abFaccio i conti con i miei sbalzi di umore, anche per stupidaggini. La&hellip;\n","protected":false},"author":3,"featured_media":156834,"comment_status":"","ping_status":"","sticky":false,"template":"","format":"standard","meta":{"footnotes":""},"categories":[176],"tags":[1266,32255,96808,87,5928,23422,17111,1411,96809,96810,7289,122,1891,3876,96811,96812,11795,3761,18090,51386,2606,629,1837,2753,4421,72698,1537,90,89,1258,3112,1353,96813,26489,15224,20400,3206,68153,690,2095,975,2466,82261,96814,96815,897,614,6811,96816,96817,25072,96818,96819,40808,96820,96821,96807,96822,96823,12952,96824,96825,245,244,24712,40095,6370],"class_list":{"0":"post-156833","1":"post","2":"type-post","3":"status-publish","4":"format-standard","5":"has-post-thumbnail","7":"category-sport","8":"tag-amici","9":"tag-ammetto","10":"tag-ammetto-vanitoso","11":"tag-amore","12":"tag-argento","13":"tag-armani","14":"tag-ceccon","15":"tag-conti","16":"tag-conti-sbalzi","17":"tag-conti-sbalzi-umore","18":"tag-corta","19":"tag-cose","20":"tag-devo","21":"tag-dico","22":"tag-dico-wow","23":"tag-dico-wow-ammetto","24":"tag-dicono","25":"tag-dollari","26":"tag-dorso","27":"tag-esploratore","28":"tag-facile","29":"tag-gara","30":"tag-gare","31":"tag-genitori","32":"tag-giochi","33":"tag-introverso","34":"tag-it","35":"tag-italia","36":"tag-italy","37":"tag-lunga","38":"tag-moda","39":"tag-mondiale","40":"tag-mondiale-dorso","41":"tag-montepremi","42":"tag-nuoto","43":"tag-olimpico","44":"tag-oro","45":"tag-oro-olimpico","46":"tag-papa","47":"tag-pensieri","48":"tag-piano","49":"tag-pochi","50":"tag-posare","51":"tag-posare-rottura","52":"tag-posare-rottura-scatole","53":"tag-programma","54":"tag-ricerca","55":"tag-risultato","56":"tag-risultato-scatti","57":"tag-risultato-scatti-dico","58":"tag-rottura","59":"tag-rottura-scatole","60":"tag-rottura-scatole-vedo","61":"tag-sbalzi","62":"tag-sbalzi-umore","63":"tag-sbalzi-umore-stupidaggini","64":"tag-scatole","65":"tag-scatole-vedo","66":"tag-scatole-vedo-risultato","67":"tag-scatti","68":"tag-scatti-dico","69":"tag-scatti-dico-wow","70":"tag-sport","71":"tag-sports","72":"tag-turni","73":"tag-vasca","74":"tag-vista"},"share_on_mastodon":{"url":"","error":""},"_links":{"self":[{"href":"https:\/\/www.europesays.com\/it\/wp-json\/wp\/v2\/posts\/156833","targetHints":{"allow":["GET"]}}],"collection":[{"href":"https:\/\/www.europesays.com\/it\/wp-json\/wp\/v2\/posts"}],"about":[{"href":"https:\/\/www.europesays.com\/it\/wp-json\/wp\/v2\/types\/post"}],"author":[{"embeddable":true,"href":"https:\/\/www.europesays.com\/it\/wp-json\/wp\/v2\/users\/3"}],"replies":[{"embeddable":true,"href":"https:\/\/www.europesays.com\/it\/wp-json\/wp\/v2\/comments?post=156833"}],"version-history":[{"count":0,"href":"https:\/\/www.europesays.com\/it\/wp-json\/wp\/v2\/posts\/156833\/revisions"}],"wp:featuredmedia":[{"embeddable":true,"href":"https:\/\/www.europesays.com\/it\/wp-json\/wp\/v2\/media\/156834"}],"wp:attachment":[{"href":"https:\/\/www.europesays.com\/it\/wp-json\/wp\/v2\/media?parent=156833"}],"wp:term":[{"taxonomy":"category","embeddable":true,"href":"https:\/\/www.europesays.com\/it\/wp-json\/wp\/v2\/categories?post=156833"},{"taxonomy":"post_tag","embeddable":true,"href":"https:\/\/www.europesays.com\/it\/wp-json\/wp\/v2\/tags?post=156833"}],"curies":[{"name":"wp","href":"https:\/\/api.w.org\/{rel}","templated":true}]}}