{"id":156835,"date":"2025-10-10T06:34:10","date_gmt":"2025-10-10T06:34:10","guid":{"rendered":"https:\/\/www.europesays.com\/it\/156835\/"},"modified":"2025-10-10T06:34:10","modified_gmt":"2025-10-10T06:34:10","slug":"annalisa-no-ai-giudizi-facili-e-alle-cattiverie-social-i-40-anni-quel-giorno-volevo-piangere","status":"publish","type":"post","link":"https:\/\/www.europesays.com\/it\/156835\/","title":{"rendered":"Annalisa: \u00abNo ai giudizi facili e alle cattiverie social. I 40 anni? Quel giorno volevo piangere\u00bb"},"content":{"rendered":"<p class=\"chapter-paragraph\">La differenza la fa una congiunzione. Un \u00abma\u00bb che\u00a0lascia porte aperte all\u2019interpretazione del titolo del nuovo album di Annalisa che\u00a0arriva dopo l&#8217;infilata di tormentoni del precedente disco che l\u2019ha messa in\u00a0primo piano nel panorama pop. <br \/><b>\u00abMa io sono fuoco\u00bb \u00e8 il suo modo di\u00a0rispondere a chi diceva \u00abAnnalisa \u00e8 fredda\u00bb?<\/b><br \/>\u00abNo, non ci avevo pensato. Quel \u201cma\u201d indica una reazione a qualcosa <br \/>che accade, magari anche non gradito, che pu\u00f2 diventare opportunit\u00e0. C\u2019\u00e8 un\u00a0legame con il disco precedente \u201cE poi siamo finiti nel vortice\u201d: l\u00ec raccontavo\u00a0il lasciarsi andare, qui invece c\u2019\u00e8 la voglia di essere parte attiva in questi\u00a0giri della vita, provare a trasformare in buono quello che non lo \u00e8. Il fuoco\u00a0poi \u00e8 trasformazione\u00bb.<br \/><b>In copertina oltre alle fiamme c\u2019\u00e8 anche una\u00a0tigre che spunta da dietro il letto su cui lei \u00e8 distesa&#8230; <\/b><br \/>\u00abLa tigre ha un duplice significato. D\u00e0 forma ai miei pensieri che\u00a0non mi lasciano dormire, di notte sono attiva, mi si schiariscono le idee. E poi\u00a0c\u2019\u00e8 un riferimento a Borges che mi ha fatto chiudere il cerchio. La\u00a0trasformazione \u00e8 il filo rosso di questi testi e Borges parla di natura <br \/>circolare del tempo in una poesia in cui dice \u201cIl tempo \u00e8 un fiume che mi <br \/>trascina, ma sono io quel fiume; \u00e8 una tigre che mi divora, ma sono io quella\u00a0tigre; \u00e8 un fuoco che mi consuma, ma sono io quel fuoco\u201d. \u00c8 il mio modo di\u00a0intendere la vita: non essere passivi ma contribuire a definirsi\u00bb.<br \/><b>Si sente tigre?<\/b><br \/>\u00abPi\u00f9 un gatto che mangia tanto: un riflesso della dieta che sto\u00a0facendo prima di affrontare il tour\u00bb.<br \/><b>Ci sono molti riferimenti alla religione nei\u00a0testi\u2026<\/b><br \/>\u00abVolevo puntare l\u2019occhio di bue sul concetto di giudizio, sulla\u00a0facilit\u00e0 di giudicare, sulla distinzione fra santi e peccatori: un modo di\u00a0condannare con ironia la velocit\u00e0 che vedo nel creare verit\u00e0 assolute. La\u00a0religione per molti \u00e8 qualcosa che d\u00e0 giudizi basati su dogmi, mentre io provo a\u00a0mettere davanti l\u2019empatia come risposta all\u2019estrema facilit\u00e0 di giudizio,\u00a0all\u2019incremento di cattiveria sui social e nelle relazioni\u00bb.<br \/><b>Il giudizio su di lei? <\/b><br \/>\u00abSono abituata. All\u2019inizio della carriera mi pesava, ma il giudizio\u00a0era meno presente perch\u00e9 non vivevamo la full immersion nei social che viviamo oggi. A volte mi sono\u00a0innervosita, magari senza arrivare a stare male. Il punto \u00e8 la superficialit\u00e0\u00a0dei commenti che vengono fatti senza pensare che dall\u2019altra parte c\u2019\u00e8 una\u00a0persona reale\u00bb.<br \/><b>Il 5 agosto ha compiuto 40 anni&#8230;<\/b><br \/>\u00abLi ho vissuti male (ride). Ho sempre cercato di non dare peso ai\u00a0decenni, ma di vivere la vita come un flusso continuo. Non mi sento diversa\u00a0dall\u2019anno scorso, ma tutti me lo chiedono e quindi mi \u00e8 venuta l\u2019ansia. Gli\u00a0auguri al Tg sono stati belli, per\u00f2\u2026 Sarei voluta rimanere a casa a piangere\u00a0tutto il giorno. Non ho fatto un festone: sono andata in un ristorante in val\u00a0Bormida con mio marito e i miei genitori\u00bb.<br \/><b>Tornando alla religione&#8230; in \u00abDelusa\u00bb dice\u00a0\u00abCredo che Ges\u00f9 fosse una lei delusa\u00bb\u2026<\/b><br \/>\u00abNon intendevo dire che Ges\u00f9 \u00e8 una donna, ma che la mia delusione \u00e8 <br \/>come quella di Ges\u00f9 tradito\u00bb.<br \/><b>\u00abAvvelenata\u00bb \u00e8 un omaggio a Guccini? <\/b><br \/>\u00abQuella canzone con Paolo Santo (Paolo Antonacci, il figlio di <br \/>Biagio ndr) che scrive con me da anni, \u00e8 il fiore all\u2019occhiello del disco. \u00c8 un <br \/>piccolo omaggio non voluto a Guccini, mentre in \u00abEsibizionista\u00bb omaggio <br \/>volutamente Rettore. Da quando ho fatto la cover di \u201cSweet Dreams\u201d a Sanremo mi\u00a0sono usciti ascolti come Alice, Giuni Russo, Rettore, Celentano, Morandi\u00bb.<br \/><b>I suoni sanno di anni 80&#8230;<\/b><br \/>\u00abQuel mondo elettronico \u00e8 quello che amo di pi\u00f9 anche se rispetto a <br \/>\u201cVortice\u201d, usiamo suoni meno sintetici e pi\u00f9 caldi, si sentono le dita suonare,\u00a0si percepisce umanit\u00e0\u00bb. <br \/><b>\u00abVedo crisi culturali\u00bb canta in\u00a0\u00abEmanuela\u00bb&#8230;<\/b><br \/>\u00abIn quel testo cito cose piccole e altre pi\u00f9 pesanti&#8230; La crisi\u00a0culturale si vede in quel giudizio di cui parlavamo prima, ma anche nella\u00a0mancanza di propensione ad approfondire gli altri e di approfondirsi. Vedo una\u00a0tendenza a imporre regole e a limitare gli altri nella vita privata: non ha\u00a0alcuna logica\u00bb. <br \/><b>La gente scende in piazza per Gaza. Che ne\u00a0pensa?<\/b><br \/>\u00abGiornate emblematiche e difficili, ma mi hanno lasciato un\u00a0sentimento positivo. Mi ha emozionato vedere una risposta cos\u00ec partecipata. Si\u00a0vede che siamo in tanti a riflettere sulla fortuna che abbiamo noi rispetto a\u00a0chi vive l\u2019orrore della morte e della guerra. Pensare ai bambini che muoiono e\u00a0alle famiglie che non hanno pi\u00f9 una casa non \u00e8 un discorso di appartenenza <br \/>politica\u00bb.<br \/><b>In un testo usa la parola \u00abputtane\u00bb riferita\u00a0a un tradimento. Parola scivolosa\u2026<\/b><br \/>\u00abA volte si reagisce male alle scorrettezze, non siamo perfette, ci\u00a0arrabbiamo ed esageriamo come tutti\u2026 Se lo fai con un\u2019amica per\u00f2 ti senti\u00a0protetto, compreso anche quando esageri\u00bb.    &#13;<br \/>\n&#13;<br \/>\n&#13;<br \/>\n&#13;<br \/>\n&#13;<br \/>\n&#13;<br \/>\n&#13;<br \/>\n&#13;<br \/>\n&#13;<br \/>\n&#13;<br \/>\n&#13;<br \/>\n&#13;<br \/>\n&#13;<br \/>\n&#13;<br \/>\n&#13;<br \/>\n&#13;<br \/>\n&#13;<br \/>\n&#13;<br \/>\n&#13;<br \/>\n&#13;<br \/>\n&#13;<br \/>\n&#13;<br \/>\n&#13;<br \/>\n&#13;<br \/>\n&#13;<br \/>\n&#13;<br \/>\n&#13;<br \/>\n&#13;<br \/>\n&#13;<br \/>\n&#13;<br \/>\n&#13;<br \/>\n&#13;<br \/>\n&#13;<br \/>\n&#13;<br \/>\n&#13;<br \/>\n&#13;<br \/>\n&#13;<br \/>\n&#13;<br \/>\n&#13;<br \/>\n&#13;<br \/>\n&#13;<br \/>\n&#13;<br \/>\n&#13;<br \/>\n&#13;<br \/>\n&#13;<br \/>\n&#13;<br \/>\n&#13;<br \/>\n&#13;<br \/>\n&#13;<br \/>\n&#13;<br \/>\n&#13;<br \/>\n&#13;<br \/>\n&#13;\n<\/p>\n<p class=\"is-last-update\" datetime=\"2025-10-09T19:26:51+02:00\">10 ottobre 2025<\/p>\n<p class=\"is-copyright\">\n            \u00a9 RIPRODUZIONE RISERVATA\n        <\/p>\n","protected":false},"excerpt":{"rendered":"La differenza la fa una congiunzione. Un \u00abma\u00bb che\u00a0lascia porte aperte all\u2019interpretazione del titolo del nuovo album di&hellip;\n","protected":false},"author":3,"featured_media":156836,"comment_status":"","ping_status":"","sticky":false,"template":"","format":"standard","meta":{"footnotes":""},"categories":[174],"tags":[20623,96828,96829,19104,96830,96831,5649,96832,96833,2699,96834,96835,8133,96836,96837,96838,96839,463,2110,68142,7714,2878,54870,9798,203,96826,12993,783,20537,11943,5538,26337,204,1537,90,89,2949,652,7793,5385,20144,6427,9669,16383,1270,4172,1686,96827,51601,2454,15838,7942,7068,10022,5203,20415],"class_list":{"0":"post-156835","1":"post","2":"type-post","3":"status-publish","4":"format-standard","5":"has-post-thumbnail","7":"category-intrattenimento","8":"tag-abituata","9":"tag-abituata-inizio","10":"tag-abituata-inizio-carriera","11":"tag-accade","12":"tag-accade-gradito","13":"tag-accade-gradito-opportunita","14":"tag-affrontare","15":"tag-affrontare-tour","16":"tag-affrontare-tour-riferimenti","17":"tag-agosto","18":"tag-agosto-compiuto","19":"tag-agosto-compiuto-vissuti","20":"tag-album","21":"tag-album-annalisa","22":"tag-album-annalisa-arriva","23":"tag-album-fuoco","24":"tag-album-fuoco-differenza","25":"tag-annalisa","26":"tag-attiva","27":"tag-borges","28":"tag-crisi","29":"tag-da","30":"tag-delusa","31":"tag-disco","32":"tag-entertainment","33":"tag-facilita","34":"tag-fiume","35":"tag-fuoco","36":"tag-gesu","37":"tag-giudizi","38":"tag-giudizio","39":"tag-guccini","40":"tag-intrattenimento","41":"tag-it","42":"tag-italia","43":"tag-italy","44":"tag-omaggio","45":"tag-paolo","46":"tag-parola","47":"tag-pensare","48":"tag-piangere","49":"tag-precedente","50":"tag-religione","51":"tag-rettore","52":"tag-rispetto","53":"tag-risposta","54":"tag-social","55":"tag-suoni","56":"tag-testi","57":"tag-testo","58":"tag-tigre","59":"tag-trasformazione","60":"tag-vede","61":"tag-vedo","62":"tag-volevo","63":"tag-vortice"},"share_on_mastodon":{"url":"","error":""},"_links":{"self":[{"href":"https:\/\/www.europesays.com\/it\/wp-json\/wp\/v2\/posts\/156835","targetHints":{"allow":["GET"]}}],"collection":[{"href":"https:\/\/www.europesays.com\/it\/wp-json\/wp\/v2\/posts"}],"about":[{"href":"https:\/\/www.europesays.com\/it\/wp-json\/wp\/v2\/types\/post"}],"author":[{"embeddable":true,"href":"https:\/\/www.europesays.com\/it\/wp-json\/wp\/v2\/users\/3"}],"replies":[{"embeddable":true,"href":"https:\/\/www.europesays.com\/it\/wp-json\/wp\/v2\/comments?post=156835"}],"version-history":[{"count":0,"href":"https:\/\/www.europesays.com\/it\/wp-json\/wp\/v2\/posts\/156835\/revisions"}],"wp:featuredmedia":[{"embeddable":true,"href":"https:\/\/www.europesays.com\/it\/wp-json\/wp\/v2\/media\/156836"}],"wp:attachment":[{"href":"https:\/\/www.europesays.com\/it\/wp-json\/wp\/v2\/media?parent=156835"}],"wp:term":[{"taxonomy":"category","embeddable":true,"href":"https:\/\/www.europesays.com\/it\/wp-json\/wp\/v2\/categories?post=156835"},{"taxonomy":"post_tag","embeddable":true,"href":"https:\/\/www.europesays.com\/it\/wp-json\/wp\/v2\/tags?post=156835"}],"curies":[{"name":"wp","href":"https:\/\/api.w.org\/{rel}","templated":true}]}}