{"id":15691,"date":"2025-07-29T10:12:09","date_gmt":"2025-07-29T10:12:09","guid":{"rendered":"https:\/\/www.europesays.com\/it\/15691\/"},"modified":"2025-07-29T10:12:09","modified_gmt":"2025-07-29T10:12:09","slug":"motogp-la-profezia-su-marc-marquez-fa-tremare-pecco-bagnaia-e-valentino-rossi","status":"publish","type":"post","link":"https:\/\/www.europesays.com\/it\/15691\/","title":{"rendered":"MotoGP, la profezia su Marc Marquez fa tremare Pecco Bagnaia e Valentino Rossi"},"content":{"rendered":"<p>La prima stagione di Marc Marquez in sella alla Rossa \u00e8 gi\u00e0 da film. Nessun pilota nella storia della Casa di Borgo Panigale aveva registrato 5 vittorie di fila. Nonostante diverse Desmosedici di altissimo profilo, i vari Bagnaia, due volte campione in MotoGP, Jorge Martin, iridato lo scorso anno, e in passato altri grandi interpreti del motociclismo non era riusciti a trovare un feeling cos\u00ec evidente sulla Ducati. Marc ha saputo interpretare al meglio le <strong>caratteristiche della GP25<\/strong>, trovando gi\u00e0 al debutto il dolce gusto dello champagne sul primo gradino del podio.<\/p>\n<p>I fan si aspettavano un duello acceso tra Pecco Bagnaia e Marc Marquez nel 2025. Il numero 63 avrebbe dovuto sfruttare la sua lunga militanza nel team per comprovare la sua leadership, ma \u00e8 stato travolto dal tornado spagnolo. L\u2019italiano ha cominciato a lamentarsi delle innovazioni della nuova Desmosedici gi\u00e0 nei primi<strong> test a Sepang.<\/strong> Al di l\u00e0 del fattore tecnico, l\u2019italiano ha sofferto la presenza di un rider leggendario nel box. L\u2019unica vittoria stagionale, non a caso, \u00e8 arrivata per il torinese proprio quando \u00e8 crollato al suolo Marc nella tappa di <a href=\"https:\/\/www.virgilio.it\/motori\/motor-sport\/moto-gp\/motogp-austin-marquez-bagnaia-pagelle\/273380\/\" rel=\"nofollow noopener\" target=\"_blank\">Austin.<\/a>\n<\/p>\n<p>L\u2019ammissione da brividi su Marc Marquez<\/p>\n<p>Il centauro di Cervera si sta avvicinando a grandi passi al suo nono riconoscimento iridato. Potrebbe eguagliare <a href=\"https:\/\/www.virgilio.it\/motori\/motor-sport\/moto-gp\/marc-marquez-record-valentino-rossi\/287839\/\" rel=\"nofollow noopener\" target=\"_blank\">Valentino Rossi<\/a> alla fine di questo campionato e superarlo senza patemi nel 2026, sfruttando un anno di esperienza in pi\u00f9 sulla Rossa. Marc potrebbe anche provare ad acciuffare i super record di<strong> Giacomo Agostini,<\/strong> il pilota con il maggior numero di riconoscimenti nel Motomondiale. Lo stesso bresciano, ancora attento osservatore delle dinamiche della pista, ha parlato in occasione di una intervista a La Gazzetta dello Sport.<\/p>\n<p>\u201cMarc \u00e8 capace di battere anche il mio record di Mondiali. Marquez \u00e8 un grande e<strong> si merita tutto.<\/strong> A lui bisogna inchinarsi, non bisogna fischiarlo. Anche perch\u00e9 ha attraversato momenti difficili, dai quali non era scontato uscire. E perch\u00e9 pur di ricominciare a vincere ha rinunciato ai soldi della Honda\u201c, ha affermato il fenomeno bresciano.<\/p>\n<p>Il vero obiettivo in Ducati<\/p>\n<p>Raggiungere i 15 titoli di Giacomo Agostini vorrebbe dire non smettere di vincere sino ai 40 anni. Una missione ardua persino per Marc Marquez che ha avuto quattro operazioni alla spalla destra e dei problemi di diplopia in passato. Dopo il passaggio dalla Honda alla Ducati, il numero 93 ha trovato brillantezza e continuit\u00e0, ma gli infortuni sono sempre dietro l\u2019angolo per un pilota. Il target saranno i 10 mondiali, di cui 8 in top class. Di sicuro al fenomeno iberico non manca la fame di vittorie, quella che sembra non avere pi\u00f9 <strong>Pecco Bagnaia<\/strong>. Quest\u2019ultimo ha svelato il suo <a href=\"https:\/\/www.virgilio.it\/motori\/motor-sport\/moto-gp\/bagnaia-punto-debole-ducati\/288057\/\" rel=\"nofollow noopener\" target=\"_blank\">punto debole<\/a> in una recente intervista.<\/p>\n<p>La sconfitta nel 2024 \u00e8 rimasta nella testa del torinese. Per di pi\u00f9 la promozione di Marc Marquez dal team Gresini ha creato un blocco psicologico dal quale far\u00e0 fatica a uscire. Lo spagnolo \u00e8 <strong>troppo pi\u00f9 forte<\/strong> su qualsiasi tracciato del calendario. Il gap di vantaggio sugli inseguitori in classifica appare incolmabile. Per di pi\u00f9 Pecco \u00e8 piombato stabilmente anche alle spalle di Alex Marquez. Al rientro dalla pausa estiva l\u2019italiano dovr\u00e0 quantomeno dimostrare di riuscire a riacciuffare il secondo posto in graduatoria. Per ora il distacco \u00e8 di 48 punti dal rider del team Gresini, mentre \u00e8 di 168 punti dal maggiore dei fratelli Marquez.<\/p>\n","protected":false},"excerpt":{"rendered":"La prima stagione di Marc Marquez in sella alla Rossa \u00e8 gi\u00e0 da film. Nessun pilota nella storia&hellip;\n","protected":false},"author":3,"featured_media":15692,"comment_status":"","ping_status":"","sticky":false,"template":"","format":"standard","meta":{"footnotes":""},"categories":[1455],"tags":[3438,1537,90,89,1783,1798,1785,1784,245,244],"class_list":{"0":"post-15691","1":"post","2":"type-post","3":"status-publish","4":"format-standard","5":"has-post-thumbnail","7":"category-moto","8":"tag-ducati","9":"tag-it","10":"tag-italia","11":"tag-italy","12":"tag-moto","13":"tag-moto-gp","14":"tag-motogp","15":"tag-motorcycle","16":"tag-sport","17":"tag-sports"},"share_on_mastodon":{"url":"","error":""},"_links":{"self":[{"href":"https:\/\/www.europesays.com\/it\/wp-json\/wp\/v2\/posts\/15691","targetHints":{"allow":["GET"]}}],"collection":[{"href":"https:\/\/www.europesays.com\/it\/wp-json\/wp\/v2\/posts"}],"about":[{"href":"https:\/\/www.europesays.com\/it\/wp-json\/wp\/v2\/types\/post"}],"author":[{"embeddable":true,"href":"https:\/\/www.europesays.com\/it\/wp-json\/wp\/v2\/users\/3"}],"replies":[{"embeddable":true,"href":"https:\/\/www.europesays.com\/it\/wp-json\/wp\/v2\/comments?post=15691"}],"version-history":[{"count":0,"href":"https:\/\/www.europesays.com\/it\/wp-json\/wp\/v2\/posts\/15691\/revisions"}],"wp:featuredmedia":[{"embeddable":true,"href":"https:\/\/www.europesays.com\/it\/wp-json\/wp\/v2\/media\/15692"}],"wp:attachment":[{"href":"https:\/\/www.europesays.com\/it\/wp-json\/wp\/v2\/media?parent=15691"}],"wp:term":[{"taxonomy":"category","embeddable":true,"href":"https:\/\/www.europesays.com\/it\/wp-json\/wp\/v2\/categories?post=15691"},{"taxonomy":"post_tag","embeddable":true,"href":"https:\/\/www.europesays.com\/it\/wp-json\/wp\/v2\/tags?post=15691"}],"curies":[{"name":"wp","href":"https:\/\/api.w.org\/{rel}","templated":true}]}}