{"id":156981,"date":"2025-10-10T08:24:16","date_gmt":"2025-10-10T08:24:16","guid":{"rendered":"https:\/\/www.europesays.com\/it\/156981\/"},"modified":"2025-10-10T08:24:16","modified_gmt":"2025-10-10T08:24:16","slug":"leta-della-pensione-nel-2027-salira-a-67-anni-e-3-mesi-deroga-solo-per-pochi-ecco-chi-verra-premiato","status":"publish","type":"post","link":"https:\/\/www.europesays.com\/it\/156981\/","title":{"rendered":"L\u2019et\u00e0 della pensione nel 2027 salir\u00e0 a 67 anni e 3 mesi: deroga solo per pochi, ecco chi verr\u00e0 premiato"},"content":{"rendered":"<p>    di<br \/>\n    Massimiliano Jattoni Dall\u2019As\u00e9n<\/p>\n<p class=\"summary-art is-line-h-12 is-mr-t-20\">Dal 2027 l\u2019et\u00e0 pensionabile verr\u00e0 aumentata automaticamente come previsto dalla legge Fornero.  Il governo valuta deroghe per lavori usuranti e un aumento graduale. Ma resta il nodo delle risorse<\/p>\n<p class=\"chapter-paragraph\">Dal 2027 l\u2019et\u00e0 per andare in pensione salir\u00e0, come previsto dalla legge Fornero, a <b>67 anni e 3 mesi<\/b>, in linea con l\u2019aumento della speranza di vita certificato dall\u2019Istat. Un adeguamento automatico di tre mesi che, secondo i calcoli della Ragioneria generale dello Stato, <b><a href=\"https:\/\/www.corriere.it\/economia\/aziende\/cards\/taglio-all-irpef-tredicesima-senza-tasse-congedo-parentale-piu-lungo-le-misure-che-entreranno-in-manovra\/gli-interventi-per-il-ceto-medio_principale.shtml\" title=\"Taglio all\u2019Irpef, tredicesima senza tasse, bonus casa: quali misure entreranno in Manovra\" rel=\"nofollow noopener\" target=\"_blank\">vale circa 3 miliardi di euro l\u2019anno a regime<\/a><\/b> e che il governo sta valutando di modulare, per non gravare su alcune categorie di lavoratori. Il ministro dell\u2019Economia, <b>Giancarlo Giorgetti<\/b>, ha parlato di una \u00ab<b>sterilizzazione selettiva<\/b>\u00bb dello scatto: insomma, <b>l\u2019aumento non sar\u00e0 bloccato per tutti<\/b>, ma attenuato per i lavori usuranti e i lavoratori precoci, ritenuti \u00abpi\u00f9 meritevoli di un trattamento diverso\u00bb.\u00a0\u00a0<br \/>L\u2019obiettivo dichiarato \u00e8 evitare un rinvio generalizzato che metterebbe sotto pressione <a href=\"https:\/\/www.corriere.it\/economia\/pensioni\/25_ottobre_07\/pensioni-perche-nel-documento-di-finanza-pubblica-non-se-ne-parla-il-congelamento-dell-eta-pensionabile-costa-3-miliardi-9e61bef2-1990-4a6f-86d7-aab451be3xlk.shtml\" title=\"Pensioni, perch\u00e9 nel documento di finanza pubblica non se ne parla: il congelamento dell\u2019et\u00e0 pensionabile costa 3 miliardi\" rel=\"nofollow noopener\" target=\"_blank\">la sostenibilit\u00e0 del sistema<\/a>, ma anche riconoscere \u00abuna differenza di merito\u00bb tra carriere pi\u00f9 leggere e mestieri logoranti.<\/p>\n<p class=\"chapter-paragraph\">La misura sar\u00e0 inserita nella prossima Legge di Bilancio, che dovr\u00e0 chiarire tempi, costi e platee coinvolte. Il tema resta\u00a0 uno dei pi\u00f9 delicati della manovra. Nel Documento programmatico di finanza pubblica (Dpfp) approvato nei giorni scorsi dal Consiglio dei ministri\u00a0<a href=\"https:\/\/www.corriere.it\/economia\/pensioni\/25_ottobre_07\/pensioni-perche-nel-documento-di-finanza-pubblica-non-se-ne-parla-il-congelamento-dell-eta-pensionabile-costa-3-miliardi-9e61bef2-1990-4a6f-86d7-aab451be3xlk.shtml?refresh_ce\" rel=\"nofollow noopener\" target=\"_blank\">la parola \u00abpensioni\u00bb non compare nemmeno una volta<\/a>. Eppure l\u2019adeguamento dell\u2019et\u00e0 pensionabile resta un passaggio obbligato: la <b><a href=\"https:\/\/www.corriere.it\/economia\/pensioni\/25_settembre_16\/in-pensione-anticipata-con-il-tfr-cosi-si-smantella-la-legge-fornero-ma-ai-giovani-non-pensa-nessuno-8be31c24-b7cd-4017-b967-03dd130d5xlk.shtml\" title=\"In pensione anticipata (con il Tfr): cos\u00ec si smantella la legge Fornero, ma ai giovani non pensa nessuno\" rel=\"nofollow noopener\" target=\"_blank\">legge Fornero<\/a><\/b>, infatti, lega il <b>requisito anagrafico alla speranza di vita<\/b>, che nel 2024 ha toccato 21,6 anni per un sessantacinquenne, il valore pi\u00f9 alto dal 2019. Per mantenere l\u2019equilibrio, l\u2019et\u00e0 della pensione\u00a0 dovrebbe cos\u00ec salire di tre mesi.    &#13;<br \/>\n&#13;<br \/>\n&#13;<br \/>\n&#13;<br \/>\n&#13;<br \/>\n&#13;<br \/>\n&#13;<br \/>\n&#13;<br \/>\n&#13;<br \/>\n&#13;<br \/>\n&#13;<br \/>\n&#13;<br \/>\n&#13;<br \/>\n&#13;<br \/>\n&#13;<br \/>\n&#13;<br \/>\n&#13;<br \/>\n&#13;<br \/>\n&#13;<br \/>\n&#13;<br \/>\n&#13;<br \/>\n&#13;<br \/>\n&#13;<br \/>\n&#13;<br \/>\n&#13;<br \/>\n&#13;<br \/>\n&#13;<br \/>\n&#13;<br \/>\n&#13;<br \/>\n&#13;<br \/>\n&#13;<br \/>\n&#13;<br \/>\n&#13;<br \/>\n&#13;<br \/>\n&#13;<br \/>\n&#13;<br \/>\n&#13;<br \/>\n&#13;<br \/>\n&#13;<br \/>\n&#13;<br \/>\n&#13;<br \/>\n&#13;<br \/>\n&#13;<br \/>\n&#13;<br \/>\n&#13;<br \/>\n&#13;<br \/>\n&#13;<br \/>\n&#13;<br \/>\n&#13;<br \/>\n&#13;<br \/>\n&#13;<br \/>\n&#13;<br \/>\n&#13;\n<\/p>\n<p>    Le ipotesi sul tavolo<\/p>\n<p class=\"chapter-paragraph\">Le ipotesi allo studio del ministero dell\u2019Economia e del Lavoro, secondo fonti di maggioranza, sono almeno tre.\u00a0<br \/>* La prima prevede <b>una deroga per chi ha gi\u00e0 compiuto 64 anni<\/b> al momento dell\u2019entrata in vigore della norma: questa fascia sarebbe dunque esclusa dallo scatto dei tre mesi.\u00a0<br \/>* La seconda ipotesi, pi\u00f9 graduale, immagina un aumento distribuito nel tempo \u2014 <b>un mese nel 2026, due nel 2027, tre nel 2028<\/b> \u2014 per ridurre l\u2019impatto immediato sui conti pubblici e sui lavoratori.\u00a0<br \/>* La terza strada, la pi\u00f9 prudente dal punto di vista finanziario, \u00e8 quella di limitare la sterilizzazione solo ad alcune categorie, mantenendo per la generalit\u00e0 dei lavoratori il meccanismo automatico.<\/p>\n<p>    I conti e il nodo della sostenibilit\u00e0<\/p>\n<p class=\"chapter-paragraph\">Bloccare del tutto l\u2019adeguamento costerebbe, secondo le stime del Tesoro, fino a tre miliardi di euro all\u2019anno, una cifra difficilmente compatibile con i vincoli di finanza pubblica fissati da Bruxelles e con la necessit\u00e0 di mantenere il deficit sotto controllo.<br \/>La presidente dell\u2019Ufficio parlamentare di bilancio, <b>Lilia Cavallari<\/b>, ha ricordato che <b>il meccanismo di adeguamento non serve solo a riequilibrare la spesa pensionistica, ma anche a garantire assegni pi\u00f9 alti nel lungo periodo<\/b>: \u00abIn un sistema contributivo\u00bb, ha chiarito, \u00abil trattamento dipende dai contributi versati. L\u2019allungamento della vita lavorativa aiuta a migliorare i trattamenti e a rendere pi\u00f9 solido il sistema\u00bb. Rinunciare all\u2019adeguamento significherebbe, al contrario, allungare il periodo medio di erogazione senza aumentare i versamenti, con il rischio di assegni pi\u00f9 bassi e di squilibri futuri. Un tema che divide da anni la politica e che, a ogni scadenza, torna a pesare sulle manovre.<\/p>\n<p>    Le reazioni<\/p>\n<p class=\"chapter-paragraph\">Le opposizioni e i sindacati accusano il governo di ambiguit\u00e0. Il segretario generale della Cgil, <b>Maurizio Landini<\/b>, ha parlato di un \u00abparadosso\u00bb: \u00abSono andati al governo dicendo che avrebbero cancellato la Fornero, e invece stanno peggiorando le pensioni. Viene da dire: ridatecela\u00bb. Dall\u2019altra parte, la Lega insiste sulla necessit\u00e0 di \u00abproteggere\u00bb i lavoratori pi\u00f9 anziani: il vicepremier<b> Matteo Salvini<\/b> ha definito \u00abinaccettabile\u00bb qualsiasi aumento dell\u2019et\u00e0 pensionabile che non tenga conto della vita reale di chi lavora nei cantieri o nei turni notturni. La premier <b>Giorgia Meloni<\/b>, pur evitando di esporsi pubblicamente, ha chiesto ai ministri competenti di \u00abvalutare ogni possibile soluzione\u00bb che non comprometta i conti ma eviti un aumento lineare.<\/p>\n<p>    Il precedente e lo scenario futuro<\/p>\n<p class=\"chapter-paragraph\">L\u2019ultimo adeguamento automatico risale al 1\u00b0 gennaio 2019, quando era scattato l\u2019incremento legato all\u2019aspettativa di vita (+5 mesi). Il successivo adeguamento, previsto per il 2021, era stato sospeso a causa dell\u2019impennata dei morti causati dal Covid e il conseguente stop della speranza di vita registrato in quel biennio.\u00a0Ora che <b>l\u2019Istat ha registrato un nuovo aumento della longevit\u00e0<\/b>, il meccanismo previsto dalla legge 214 del 2011 si riattiva automaticamente. Bloccarlo,\u00a0segnalano gli esperti, porta il rischio del cosiddetto \u00abscalone\u00bb: rinviare oggi potrebbe portare a un incremento cumulato pi\u00f9 consistente nel 2029, quando scatter\u00e0 la revisione successiva legata alle aspettative di vita aggiornate. Per questo, al ministero dell\u2019Economia si guarda anche a soluzioni intermedie, come un tetto massimo all\u2019aumento per singolo biennio o un adeguamento flessibile legato ad altri indicatori macroeconomici, come crescita del Pil o tasso di occupazione.<\/p>\n<p>    Previdenza complementare e generazioni future<\/p>\n<p class=\"chapter-paragraph\">Come sappiamo, in parallelo, Giorgetti ha rilanciato l\u2019idea di<a href=\"https:\/\/www.corriere.it\/economia\/pensioni\/25_settembre_15\/in-pensione-anticipata-con-il-tfr-ma-solo-per-il-ceto-medio-come-potrebbe-funzionare-e-chi-ci-guadagna-5cb66931-5e4e-4649-b009-f8deb1a76xlk.shtml\" title=\"In pensione anticipata con il Tfr, ma solo per il ceto medio: come potrebbe funzionare e chi ci guadagna\" rel=\"nofollow noopener\" target=\"_blank\"> rafforzare la previdenza complementare<\/a> per ridurre il \u00abpension gap\u00bb e garantire un reddito pi\u00f9 equilibrato a chi avr\u00e0 carriere discontinue. \u00abUn maggiore sviluppo dei <a href=\"https:\/\/www.corriere.it\/economia\/pensioni\/25_febbraio_07\/pensione-perche-bisogna-pensarci-gia-da-giovani-anche-se-forse-arrivera-a-70-anni-fba2529b-bb56-41cc-9359-14c77877bxlk.shtml\" title=\"Pensione, perch\u00e9 bisogna pensarci gi\u00e0 da giovani (anche se forse arriver\u00e0 a 70 anni)\" rel=\"nofollow noopener\" target=\"_blank\">fondi integrativi<\/a>\u00bb, ha detto il ministro,\u00a0\u00abrisponde all\u2019interesse dei singoli e aiuta a colmare le disuguaglianze tra le generazioni\u00bb.<br \/>Secondo i dati pi\u00f9 recenti della Covip, solo un terzo dei lavoratori italiani aderisce a forme di previdenza integrativa, una quota molto pi\u00f9 bassa rispetto ad altri Paesi europei.<\/p>\n<p><a class=\"chiedi-esperto-box\" href=\"https:\/\/www.corriere.it\/economia\/chiedi-esperto\/fai-una-domanda\/\" rel=\"nofollow noopener\" target=\"_blank\"><img decoding=\"async\" src=\"https:\/\/www.europesays.com\/it\/wp-content\/uploads\/2025\/10\/box_esperto_dsk.png\" alt=\"Chiedi agli esperti\"\/><\/a><\/p>\n<p class=\"is-last-update\" datetime=\"2025-10-09T13:27:42+02:00\">10 ottobre 2025<\/p>\n<p class=\"is-copyright\">\n            \u00a9 RIPRODUZIONE RISERVATA\n        <\/p>\n","protected":false},"excerpt":{"rendered":"di Massimiliano Jattoni Dall\u2019As\u00e9n Dal 2027 l\u2019et\u00e0 pensionabile verr\u00e0 aumentata automaticamente come previsto dalla legge Fornero. Il governo&hellip;\n","protected":false},"author":3,"featured_media":156982,"comment_status":"","ping_status":"","sticky":false,"template":"","format":"standard","meta":{"footnotes":""},"categories":[172],"tags":[91956,96929,178,2102,3960,96930,40924,737,21273,24859,17054,1033,177,2418,17217,76522,1411,47819,184,2152,95214,96931,724,11138,78964,77608,5970,10814,32233,96932,14794,2460,16244,1537,90,89,9324,722,96933,109,9647,1207,96926,4046,5153,851,58670,2908,6334,10363,66,96927,9841,96934,7711,1667,71077,96935,29031,96928,96936,4265,22421,1434,3717,2099,14057],"class_list":{"0":"post-156981","1":"post","2":"type-post","3":"status-publish","4":"format-standard","5":"has-post-thumbnail","7":"category-affari","8":"tag-adeguamento","9":"tag-adeguamento-automatico","10":"tag-affari","11":"tag-aiuta","12":"tag-alcune","13":"tag-alcune-categorie","14":"tag-assegni","15":"tag-aumento","16":"tag-automaticamente","17":"tag-automatico","18":"tag-biennio","19":"tag-bilancio","20":"tag-business","21":"tag-carriere","22":"tag-categorie","23":"tag-complementare","24":"tag-conti","25":"tag-deroga","26":"tag-economia","27":"tag-eta","28":"tag-eta-pensionabile","29":"tag-eta-pensione","30":"tag-euro","31":"tag-finanza","32":"tag-finanza-pubblica","33":"tag-fornero","34":"tag-garantire","35":"tag-generazioni","36":"tag-giorgetti","37":"tag-graduale","38":"tag-incremento","39":"tag-ipotesi","40":"tag-istat","41":"tag-it","42":"tag-italia","43":"tag-italy","44":"tag-lavoratori","45":"tag-lavori","46":"tag-lavori-usuranti","47":"tag-lega","48":"tag-legato","49":"tag-legge","50":"tag-legge-fornero","51":"tag-mantenere","52":"tag-meccanismo","53":"tag-ministero","54":"tag-ministero-economia","55":"tag-ministri","56":"tag-necessita","57":"tag-nodo","58":"tag-parlato","59":"tag-pensionabile","60":"tag-pensione","61":"tag-pensione-salira","62":"tag-pensioni","63":"tag-periodo","64":"tag-previdenza","65":"tag-previdenza-complementare","66":"tag-previsto","67":"tag-previsto-legge","68":"tag-previsto-legge-fornero","69":"tag-pubblica","70":"tag-registrato","71":"tag-resta","72":"tag-ridurre","73":"tag-sistema","74":"tag-speranza"},"share_on_mastodon":{"url":"","error":""},"_links":{"self":[{"href":"https:\/\/www.europesays.com\/it\/wp-json\/wp\/v2\/posts\/156981","targetHints":{"allow":["GET"]}}],"collection":[{"href":"https:\/\/www.europesays.com\/it\/wp-json\/wp\/v2\/posts"}],"about":[{"href":"https:\/\/www.europesays.com\/it\/wp-json\/wp\/v2\/types\/post"}],"author":[{"embeddable":true,"href":"https:\/\/www.europesays.com\/it\/wp-json\/wp\/v2\/users\/3"}],"replies":[{"embeddable":true,"href":"https:\/\/www.europesays.com\/it\/wp-json\/wp\/v2\/comments?post=156981"}],"version-history":[{"count":0,"href":"https:\/\/www.europesays.com\/it\/wp-json\/wp\/v2\/posts\/156981\/revisions"}],"wp:featuredmedia":[{"embeddable":true,"href":"https:\/\/www.europesays.com\/it\/wp-json\/wp\/v2\/media\/156982"}],"wp:attachment":[{"href":"https:\/\/www.europesays.com\/it\/wp-json\/wp\/v2\/media?parent=156981"}],"wp:term":[{"taxonomy":"category","embeddable":true,"href":"https:\/\/www.europesays.com\/it\/wp-json\/wp\/v2\/categories?post=156981"},{"taxonomy":"post_tag","embeddable":true,"href":"https:\/\/www.europesays.com\/it\/wp-json\/wp\/v2\/tags?post=156981"}],"curies":[{"name":"wp","href":"https:\/\/api.w.org\/{rel}","templated":true}]}}