{"id":157043,"date":"2025-10-10T09:10:13","date_gmt":"2025-10-10T09:10:13","guid":{"rendered":"https:\/\/www.europesays.com\/it\/157043\/"},"modified":"2025-10-10T09:10:13","modified_gmt":"2025-10-10T09:10:13","slug":"da-walter-gropius-a-renzo-piano-10-universita-che-sono-capolavori-dellarchitettura","status":"publish","type":"post","link":"https:\/\/www.europesays.com\/it\/157043\/","title":{"rendered":"Da Walter Gropius a Renzo Piano: 10 universit\u00e0 che sono capolavori dell\u2019architettura"},"content":{"rendered":"<p>&#13;<\/p>\n<p>Luoghi elitari di trasmissione del sapere, piattaforme di condivisione, realizzazioni \u2013 talvolta retoriche \u2013 di un pensiero dominante, epicentri di contestazione o immaginazione per futuri diversi: cosa sono, davvero, gli spazi delle universit\u00e0? Fin dai suoi esordi, pi\u00f9 che un\u2019infrastruttura funzionale l\u2019universit\u00e0 \u00e8 stata un organismo urbano dalla forte carica simbolica, riflesso di didattica e ricerca, ma anche delle aspirazioni pi\u00f9 profonde di una societ\u00e0 nei confronti del sapere. Se oggi il campus universitario assume un ruolo ancora pi\u00f9 complesso e articolato, \u00e8 perch\u00e9 pi\u00f9 complessi si sono fatti i valori contemporanei da rappresentare; ed ecco che sempre pi\u00f9 atenei concepiscono i propri campus come veri e propri manifesti identitari, politici, culturali.<\/p>\n<p>&#13;<\/p>\n<blockquote class=\"r-quote o-blockquote o-blockquote-- \"><p>&#13;<br \/>\n\t\tNell\u2019istruzione moderna, il problema principale \u00e8 che docenti e allievi studiano le cose sui libri. Oggi, per\u00f2, ogni parola ha perso il rapporto con le cose reali, perci\u00f2 voglio ricostruire questa sensazione: questa \u00e8 la cosa reale. \u00c8 come un libro, puoi leggere molte cose, come in natura. &#13;\n\t<\/p><\/blockquote>\n<p>&#13;<\/p>\n<p style=\"text-align: right;\"><b>Wang Shu, Amateur Architecture, Domus 914 maggio 2008<\/b><\/p>\n<p>&#13;<\/p>\n<p>&#13;<\/p>\n<p>La polarizzazione tra campus recintato e campus aperto ad esempio rispecchia bene questa diversificazione di atteggiamenti, tra inclusione ed esclusione sociale. Lo si vede chiaramente in quei contesti, dal Nord America all\u2019Asia, dove il campus \u00e8 storicamente concepito come microcosmo autonomo, talvolta immerso in contesti naturalistici e spesso separato dal tessuto urbano. O in altri come il campus della China Academy of Fine Arts di Amateur Architecture, una sperimentazione di prototipi architettonici in cui riconoscere tanto le regole quanto le eccezioni, plasmato sull\u2019idea che debbano essere gli spazi, per primi, a insegnare qualcosa a chi ne fa esperienza.<\/p>\n<p>&#13;<\/p>\n<p>&#13;<\/p>\n<p>In Europa, e in Italia, l\u2019universit\u00e0 tende a inscriversi nel tessuto urbano, come a Venezia con lo IUAV o a Urbino con i collegi di De Carlo; o a svilupparsi per addizioni successive, come il Politecnico di Milano, tra Ponti, Portaluppi, Vigan\u00f2 e, pi\u00f9 recentemente, Piano.<\/p>\n<p>Didattica e ricerca sono oggi oggetto di dibattito, lo sviluppo tecnologico si fa irrefrenabile, e questo si rifletter\u00e0 sugli spazi dell\u2019alta educazione e sul loro interagire con altre forme di organizzazione sociale. Abbiamo quindi selezionato 16 esempi per identificare traiettorie nella storia e nella geografia dell\u2019architettura universitaria attraverso un racconto che mostra come alcuni progettisti affermati hanno affrontato questo tema complesso.<\/p>\n<p>&#13;<\/p>\n<p>&#13;<br \/>\n&#13;<br \/>\n&#13;<br \/>\n&#13;<br \/>\nEdificio Bauhaus Dessau<\/p>\n<p>&#13;<\/p>\n<p><b>Walter Gropius, Bauhaus, Dessau, Germania, 1926<\/b><\/p>\n<p>&#13;<\/p>\n<p>&#13;<br \/>\n\t&#13;<br \/>\n&#13;<br \/>\n&#13;<br \/>\n\t\t\t&#13;<br \/>\n<img decoding=\"async\" src=\"https:\/\/www.domusweb.it\/content\/dam\/domusweb\/it\/architecture\/2025\/10\/08\/larchitettura-delle-universit-spazi-che-educano-o-specchio-della-societ\/domus-bauhaus-universit\u00e0-1.jpeg.foto.rmedium.jpg\" class=\" cq-dd-image c-figure__img\" \/>&#13;<br \/>\n\tMewes, Public domain, via Wikimedia Commons&#13;<\/p>\n<p>&#13;<\/p>\n<p>Funzione e forma, struttura e trasparenza, composizione dinamica, sono solo alcune delle parole chiave usate storicamente per descrivere l\u2019edificio del Bauhaus di Dessau di Walter Gropius. In quest\u2019opera, l\u2019architettura doveva esprimere l\u2019ideologia della Scuola attraverso le sue forme, i suoi materiali, e il modo in cui erano stati pioneristicamente combinati. L\u2019estetica modernista e industriale rifletteva anche il cambio di paradigma degli argomenti insegnati e dei metodi didattici nella scuola di arti e design del Bauhaus.<\/p>\n<p>&#13;<\/p>\n<p>&#13;<br \/>\n&#13;<br \/>\n&#13;<br \/>\n&#13;<br \/>\nPolitecnico di Milano<\/p>\n<p>&#13;<\/p>\n<p><b>Campus Leonardo \u2013 Architettura di Gio Ponti, Piero Portaluppi e Giordano Forti, Vittoriano Vigan\u00f2, RPBW, dal 1953 a oggi, Milano, Italia<\/b><\/p>\n<p>&#13;<\/p>\n<p>            &#13;<\/p>\n<p>                    <img decoding=\"async\" class=\"c-figure__img\" src=\"https:\/\/www.europesays.com\/it\/wp-content\/uploads\/2025\/10\/1645625491857.png\" \/><\/p>\n<p>                            &#13;<br \/>\n&#13;<br \/>\n&#13;<br \/>\n&#13;<br \/>\n&#13;<br \/>\n&#13;<br \/>\n&#13;<br \/>\n&#13;<br \/>\n&#13;<br \/>\n&#13;<br \/>\n\t\t\t\t\t\t\t\t\t\t\t\t\t\t\t<img decoding=\"async\" src=\"https:\/\/www.europesays.com\/it\/wp-content\/uploads\/2025\/08\/icon-camera.png\" \/>&#13;<\/p>\n<p>                            View gallery<\/p>\n<p>                &#13;<\/p>\n<p>\t\t\t\t\t\t    &#13;<br \/>\n\t\t\t\t\t\t\t\t<img decoding=\"async\" data-img=\"\/content\/dam\/domusweb\/it\/architecture\/gallery\/2022\/02\/22\/odb--partners-campus-di-architettura-del-politecnico-di-milano-milano-italia-2021\/gallery\/domus-nuovi-campus-universitari-milano-1.jpg\" src=\"https:\/\/www.europesays.com\/it\/wp-content\/uploads\/2025\/10\/domus-nuovi-campus-universitari-milano-1.jpg.foto.rmedium.png\" \/>\t\t\t\t\t\t&#13;<\/p>\n<p>\t\t\t\t\t\t        &#13;<br \/>\n\t\t\t\t\t\t             ODB &amp; Partners, Campus di Architettura del Politecnico di Milano, Milano, Italia, 2021&#13;<\/p>\n<p>\t\t\t\t\t\t    &#13;<br \/>\n\t\t\t\t\t\t\t\t<img decoding=\"async\" data-img=\"\/content\/dam\/domusweb\/it\/architecture\/gallery\/2022\/02\/22\/odb--partners-campus-di-architettura-del-politecnico-di-milano-milano-italia-2021\/gallery\/domus-nuovi-campus-universitari-milano-2.jpg\" src=\"https:\/\/www.europesays.com\/it\/wp-content\/uploads\/2025\/10\/domus-nuovi-campus-universitari-milano-2.jpg.foto.rmedium.png\" \/>\t\t\t\t\t\t&#13;<\/p>\n<p>\t\t\t\t\t\t        &#13;<br \/>\n\t\t\t\t\t\t             ODB &amp; Partners, Campus di Architettura del Politecnico di Milano, Milano, Italia, 2021&#13;<\/p>\n<p>\t\t\t\t\t\t    &#13;<br \/>\n\t\t\t\t\t\t\t\t<img decoding=\"async\" data-img=\"\/content\/dam\/domusweb\/it\/architecture\/gallery\/2022\/02\/22\/odb--partners-campus-di-architettura-del-politecnico-di-milano-milano-italia-2021\/gallery\/domus-nuovi-campus-universitari-milano-3.jpg\" src=\"https:\/\/www.europesays.com\/it\/wp-content\/uploads\/2025\/10\/domus-nuovi-campus-universitari-milano-3.jpg.foto.rmedium.png\" \/>\t\t\t\t\t\t&#13;<\/p>\n<p>\t\t\t\t\t\t        &#13;<br \/>\n\t\t\t\t\t\t             ODB &amp; Partners, Campus di Architettura del Politecnico di Milano, Milano, Italia, 2021&#13;<\/p>\n<p>\t\t\t\t\t\t    &#13;<br \/>\n\t\t\t\t\t\t\t\t<img decoding=\"async\" data-img=\"\/content\/dam\/domusweb\/it\/architecture\/gallery\/2022\/02\/22\/odb--partners-campus-di-architettura-del-politecnico-di-milano-milano-italia-2021\/gallery\/domus-nuovi-campus-universitari-milano-4.jpg\" src=\"https:\/\/www.europesays.com\/it\/wp-content\/uploads\/2025\/10\/domus-nuovi-campus-universitari-milano-4.jpg.foto.rmedium.png\" \/>\t\t\t\t\t\t&#13;<\/p>\n<p>\t\t\t\t\t\t        &#13;<br \/>\n\t\t\t\t\t\t             ODB &amp; Partners, Campus di Architettura del Politecnico di Milano, Milano, Italia, 2021&#13;<\/p>\n<p>\t\t\t\t\t\t    &#13;<br \/>\n\t\t\t\t\t\t\t\t<img decoding=\"async\" data-img=\"\/content\/dam\/domusweb\/it\/architecture\/gallery\/2022\/02\/22\/odb--partners-campus-di-architettura-del-politecnico-di-milano-milano-italia-2021\/gallery\/domus-nuovi-campus-universitari-milano-5.jpg\" src=\"https:\/\/www.europesays.com\/it\/wp-content\/uploads\/2025\/10\/domus-nuovi-campus-universitari-milano-5.jpg.foto.rmedium.png\" \/>\t\t\t\t\t\t&#13;<\/p>\n<p>\t\t\t\t\t\t        &#13;<br \/>\n\t\t\t\t\t\t             ODB &amp; Partners, Campus di Architettura del Politecnico di Milano, Milano, Italia, 2021&#13;<\/p>\n<p>\t\t\t\t\t\t    &#13;<br \/>\n\t\t\t\t\t\t\t\t<img decoding=\"async\" data-img=\"\/content\/dam\/domusweb\/it\/architecture\/gallery\/2022\/02\/22\/odb--partners-campus-di-architettura-del-politecnico-di-milano-milano-italia-2021\/gallery\/domus-nuovi-campus-universitari-milano-6.jpg\" src=\"https:\/\/www.europesays.com\/it\/wp-content\/uploads\/2025\/10\/domus-nuovi-campus-universitari-milano-6.jpg.foto.rmedium.png\" \/>\t\t\t\t\t\t&#13;<\/p>\n<p>\t\t\t\t\t\t        &#13;<br \/>\n\t\t\t\t\t\t             ODB &amp; Partners, Campus di Architettura del Politecnico di Milano, Milano, Italia, 2021&#13;<\/p>\n<p>\t\t\t\t\t\t    &#13;<br \/>\n\t\t\t\t\t\t\t\t<img decoding=\"async\" data-img=\"\/content\/dam\/domusweb\/it\/architecture\/gallery\/2022\/02\/22\/odb--partners-campus-di-architettura-del-politecnico-di-milano-milano-italia-2021\/gallery\/domus-nuovi-campus-universitari-milano-7.jpg\" src=\"https:\/\/www.europesays.com\/it\/wp-content\/uploads\/2025\/10\/domus-nuovi-campus-universitari-milano-7.jpg.foto.rmedium.png\" \/>\t\t\t\t\t\t&#13;<\/p>\n<p>\t\t\t\t\t\t        &#13;<br \/>\n\t\t\t\t\t\t             ODB &amp; Partners, Campus di Architettura del Politecnico di Milano, Milano, Italia, 2021&#13;<\/p>\n<p>\t\t\t\t\t\t    &#13;<br \/>\n\t\t\t\t\t\t\t\t<img decoding=\"async\" data-img=\"\/content\/dam\/domusweb\/it\/architecture\/gallery\/2022\/02\/22\/odb--partners-campus-di-architettura-del-politecnico-di-milano-milano-italia-2021\/gallery\/domus-nuovi-campus-universitari-milano-8.jpg\" src=\"https:\/\/www.europesays.com\/it\/wp-content\/uploads\/2025\/10\/domus-nuovi-campus-universitari-milano-8.jpg.foto.rmedium.png\" \/>\t\t\t\t\t\t&#13;<\/p>\n<p>\t\t\t\t\t\t        &#13;<br \/>\n\t\t\t\t\t\t             ODB &amp; Partners, Campus di Architettura del Politecnico di Milano, Milano, Italia, 2021&#13;<\/p>\n<p>\t\t\t\t\t\t    &#13;<br \/>\n\t\t\t\t\t\t\t\t<img decoding=\"async\" data-img=\"\/content\/dam\/domusweb\/it\/architecture\/gallery\/2022\/02\/22\/odb--partners-campus-di-architettura-del-politecnico-di-milano-milano-italia-2021\/gallery\/domus-nuovi-campus-universitari-milano-9.jpg\" src=\"https:\/\/www.europesays.com\/it\/wp-content\/uploads\/2025\/10\/domus-nuovi-campus-universitari-milano-9.jpg.foto.rmedium.png\" \/>\t\t\t\t\t\t&#13;<\/p>\n<p>\t\t\t\t\t\t        &#13;<br \/>\n\t\t\t\t\t\t             ODB &amp; Partners, Campus di Architettura del Politecnico di Milano, Milano, Italia, 2021&#13;<\/p>\n<p>\t\t\t\t\t\t    &#13;<br \/>\n\t\t\t\t\t\t\t\t<img decoding=\"async\" data-img=\"\/content\/dam\/domusweb\/it\/architecture\/gallery\/2022\/02\/22\/odb--partners-campus-di-architettura-del-politecnico-di-milano-milano-italia-2021\/gallery\/domus-nuovi-campus-universitari-milano-10.jpg\" src=\"https:\/\/www.europesays.com\/it\/wp-content\/uploads\/2025\/10\/domus-nuovi-campus-universitari-milano-10.jpg.foto.rmedium.png\" \/>\t\t\t\t\t\t&#13;<\/p>\n<p>\t\t\t\t\t\t        &#13;<br \/>\n\t\t\t\t\t\t             ODB &amp; Partners, Campus di Architettura del Politecnico di Milano, Milano, Italia, 2021&#13;<\/p>\n<p>\t\t\t\t\t\t    &#13;<br \/>\n\t\t\t\t\t\t\t\t<img decoding=\"async\" data-img=\"\/content\/dam\/domusweb\/it\/architecture\/gallery\/2022\/02\/22\/odb--partners-campus-di-architettura-del-politecnico-di-milano-milano-italia-2021\/gallery\/domus-nuovi-campus-universitari-milano-11.jpg\" src=\"https:\/\/www.europesays.com\/it\/wp-content\/uploads\/2025\/10\/domus-nuovi-campus-universitari-milano-11.jpg.foto.rmedium.png\" \/>\t\t\t\t\t\t&#13;<\/p>\n<p>\t\t\t\t\t\t        &#13;<br \/>\n\t\t\t\t\t\t             ODB &amp; Partners, Campus di Architettura del Politecnico di Milano, Milano, Italia, 2021&#13;<\/p>\n<p>\t\t\t\t\t\t    &#13;<br \/>\n\t\t\t\t\t\t\t\t<img decoding=\"async\" data-img=\"\/content\/dam\/domusweb\/it\/architecture\/gallery\/2022\/02\/22\/odb--partners-campus-di-architettura-del-politecnico-di-milano-milano-italia-2021\/gallery\/domus-nuovi-campus-universitari-milano-12.jpg\" src=\"https:\/\/www.europesays.com\/it\/wp-content\/uploads\/2025\/10\/domus-nuovi-campus-universitari-milano-12.jpg.foto.rmedium.png\" \/>\t\t\t\t\t\t&#13;<\/p>\n<p>\t\t\t\t\t\t        &#13;<br \/>\n\t\t\t\t\t\t             ODB &amp; Partners, Campus di Architettura del Politecnico di Milano, Milano, Italia, 2021&#13;<\/p>\n<p>\t\t\t\t\t\t    &#13;<br \/>\n\t\t\t\t\t\t\t\t<img decoding=\"async\" data-img=\"\/content\/dam\/domusweb\/it\/architecture\/gallery\/2022\/02\/22\/odb--partners-campus-di-architettura-del-politecnico-di-milano-milano-italia-2021\/gallery\/domus-nuovi-campus-universitari-milano-13.jpg\" src=\"https:\/\/www.europesays.com\/it\/wp-content\/uploads\/2025\/10\/domus-nuovi-campus-universitari-milano-13.jpg.foto.rmedium.png\" \/>\t\t\t\t\t\t&#13;<\/p>\n<p>\t\t\t\t\t\t        &#13;<br \/>\n\t\t\t\t\t\t             ODB &amp; Partners, Campus di Architettura del Politecnico di Milano, Milano, Italia, 2021&#13;<\/p>\n<p>\t\t\t\t\t\t    &#13;<br \/>\n\t\t\t\t\t\t\t\t<img decoding=\"async\" data-img=\"\/content\/dam\/domusweb\/it\/architecture\/gallery\/2022\/02\/22\/odb--partners-campus-di-architettura-del-politecnico-di-milano-milano-italia-2021\/gallery\/domus-nuovi-campus-universitari-milano-14.jpg\" src=\"https:\/\/www.europesays.com\/it\/wp-content\/uploads\/2025\/10\/domus-nuovi-campus-universitari-milano-14.jpg.foto.rmedium.png\" \/>\t\t\t\t\t\t&#13;<\/p>\n<p>\t\t\t\t\t\t        &#13;<br \/>\n\t\t\t\t\t\t             ODB &amp; Partners, Campus di Architettura del Politecnico di Milano, Milano, Italia, 2021&#13;<\/p>\n<p>\t\t\t\t\t\t    &#13;<br \/>\n\t\t\t\t\t\t\t\t<img decoding=\"async\" data-img=\"\/content\/dam\/domusweb\/it\/architecture\/gallery\/2022\/02\/22\/odb--partners-campus-di-architettura-del-politecnico-di-milano-milano-italia-2021\/gallery\/domus-nuovi-campus-universitari-milano-15.jpg\" src=\"https:\/\/www.europesays.com\/it\/wp-content\/uploads\/2025\/10\/domus-nuovi-campus-universitari-milano-15.jpg.foto.rmedium.png\" \/>\t\t\t\t\t\t&#13;<\/p>\n<p>\t\t\t\t\t\t        &#13;<br \/>\n\t\t\t\t\t\t             ODB &amp; Partners, Campus di Architettura del Politecnico di Milano, Milano, Italia, 2021&#13;<\/p>\n<p>\t\t\t\t\t\t    &#13;<br \/>\n\t\t\t\t\t\t\t\t<img decoding=\"async\" data-img=\"\/content\/dam\/domusweb\/it\/architecture\/gallery\/2022\/02\/22\/odb--partners-campus-di-architettura-del-politecnico-di-milano-milano-italia-2021\/gallery\/domus-nuovi-campus-universitari-milano-16.jpg\" src=\"https:\/\/www.europesays.com\/it\/wp-content\/uploads\/2025\/10\/domus-nuovi-campus-universitari-milano-16.jpg.foto.rmedium.png\" \/>\t\t\t\t\t\t&#13;<\/p>\n<p>\t\t\t\t\t\t        &#13;<br \/>\n\t\t\t\t\t\t             ODB &amp; Partners, Campus di Architettura del Politecnico di Milano, Milano, Italia, 2021&#13;<\/p>\n<p>\t\t\t\t\t\t    &#13;<br \/>\n\t\t\t\t\t\t\t\t<img decoding=\"async\" data-img=\"\/content\/dam\/domusweb\/it\/architecture\/gallery\/2022\/02\/22\/odb--partners-campus-di-architettura-del-politecnico-di-milano-milano-italia-2021\/gallery\/domus-nuovi-campus-universitari-milano-17.jpg\" src=\"https:\/\/www.europesays.com\/it\/wp-content\/uploads\/2025\/10\/domus-nuovi-campus-universitari-milano-17.jpg.foto.rmedium.png\" \/>\t\t\t\t\t\t&#13;<\/p>\n<p>\t\t\t\t\t\t        &#13;<br \/>\n\t\t\t\t\t\t             ODB &amp; Partners, Campus di Architettura del Politecnico di Milano, Milano, Italia, 2021&#13;<\/p>\n<p>\t\t\t\t\t\t    &#13;<br \/>\n\t\t\t\t\t\t\t\t<img decoding=\"async\" data-img=\"\/content\/dam\/domusweb\/it\/architecture\/gallery\/2022\/02\/22\/odb--partners-campus-di-architettura-del-politecnico-di-milano-milano-italia-2021\/gallery\/domus-nuovi-campus-universitari-milano-18.jpg\" src=\"https:\/\/www.europesays.com\/it\/wp-content\/uploads\/2025\/10\/domus-nuovi-campus-universitari-milano-18.jpg.foto.rmedium.png\" \/>\t\t\t\t\t\t&#13;<\/p>\n<p>\t\t\t\t\t\t        &#13;<br \/>\n\t\t\t\t\t\t             ODB &amp; Partners, Campus di Architettura del Politecnico di Milano, Milano, Italia, 2021&#13;<\/p>\n<p>\t\t\t\t\t\t    &#13;<br \/>\n\t\t\t\t\t\t\t\t<img decoding=\"async\" data-img=\"\/content\/dam\/domusweb\/it\/architecture\/gallery\/2022\/02\/22\/odb--partners-campus-di-architettura-del-politecnico-di-milano-milano-italia-2021\/gallery\/domus-nuovi-campus-universitari-milano-19.jpg\" src=\"https:\/\/www.europesays.com\/it\/wp-content\/uploads\/2025\/10\/domus-nuovi-campus-universitari-milano-19.jpg.foto.rmedium.png\" \/>\t\t\t\t\t\t&#13;<\/p>\n<p>\t\t\t\t\t\t        &#13;<br \/>\n\t\t\t\t\t\t             ODB &amp; Partners, Campus di Architettura del Politecnico di Milano, Milano, Italia, 2021&#13;<\/p>\n<p>\t\t\t\t\t\t    &#13;<br \/>\n\t\t\t\t\t\t\t\t<img decoding=\"async\" data-img=\"\/content\/dam\/domusweb\/it\/architecture\/gallery\/2022\/02\/22\/odb--partners-campus-di-architettura-del-politecnico-di-milano-milano-italia-2021\/gallery\/domus-nuovi-campus-universitari-milano-20.jpg\" src=\"https:\/\/www.europesays.com\/it\/wp-content\/uploads\/2025\/10\/domus-nuovi-campus-universitari-milano-20.jpg.foto.rmedium.png\" \/>\t\t\t\t\t\t&#13;<\/p>\n<p>\t\t\t\t\t\t        &#13;<br \/>\n\t\t\t\t\t\t             ODB &amp; Partners, Campus di Architettura del Politecnico di Milano, Milano, Italia, 2021&#13;<\/p>\n<p>\t\t\t\t\t\t    &#13;<br \/>\n\t\t\t\t\t\t\t\t<img decoding=\"async\" data-img=\"\/content\/dam\/domusweb\/it\/architecture\/gallery\/2022\/02\/22\/odb--partners-campus-di-architettura-del-politecnico-di-milano-milano-italia-2021\/gallery\/domus-nuovi-campus-universitari-milano-21.jpg\" src=\"https:\/\/www.europesays.com\/it\/wp-content\/uploads\/2025\/10\/domus-nuovi-campus-universitari-milano-21.jpg.foto.rmedium.png\" \/>\t\t\t\t\t\t&#13;<\/p>\n<p>\t\t\t\t\t\t        &#13;<br \/>\n\t\t\t\t\t\t             ODB &amp; Partners, Campus di Architettura del Politecnico di Milano, Milano, Italia, 2021&#13;<\/p>\n<p>\t\t\t\t\t\t    &#13;<br \/>\n\t\t\t\t\t\t\t\t<img decoding=\"async\" data-img=\"\/content\/dam\/domusweb\/it\/architecture\/gallery\/2022\/02\/22\/odb--partners-campus-di-architettura-del-politecnico-di-milano-milano-italia-2021\/gallery\/domus-nuovi-campus-universitari-milano-22.jpg\" src=\"https:\/\/www.europesays.com\/it\/wp-content\/uploads\/2025\/10\/domus-nuovi-campus-universitari-milano-22.jpg.foto.rmedium.png\" \/>\t\t\t\t\t\t&#13;<\/p>\n<p>\t\t\t\t\t\t        &#13;<br \/>\n\t\t\t\t\t\t             ODB &amp; Partners, Campus di Architettura del Politecnico di Milano, Milano, Italia, 2021&#13;<\/p>\n<p>\t\t\t\t\t\t    &#13;<br \/>\n\t\t\t\t\t\t\t\t<img decoding=\"async\" data-img=\"\/content\/dam\/domusweb\/it\/architecture\/gallery\/2022\/02\/22\/odb--partners-campus-di-architettura-del-politecnico-di-milano-milano-italia-2021\/gallery\/domus-nuovi-campus-universitari-milano-23.jpg\" src=\"https:\/\/www.europesays.com\/it\/wp-content\/uploads\/2025\/10\/domus-nuovi-campus-universitari-milano-23.jpg.foto.rmedium.png\" \/>\t\t\t\t\t\t&#13;<\/p>\n<p>\t\t\t\t\t\t        &#13;<br \/>\n\t\t\t\t\t\t             ODB &amp; Partners, Campus di Architettura del Politecnico di Milano, Milano, Italia, 2021&#13;<\/p>\n<p>\t\t\t\t\t\t    &#13;<br \/>\n\t\t\t\t\t\t\t\t<img decoding=\"async\" data-img=\"\/content\/dam\/domusweb\/it\/architecture\/gallery\/2022\/02\/22\/odb--partners-campus-di-architettura-del-politecnico-di-milano-milano-italia-2021\/gallery\/domus-nuovi-campus-universitari-milano-1.jpg\" src=\"https:\/\/www.europesays.com\/it\/wp-content\/uploads\/2025\/10\/domus-nuovi-campus-universitari-milano-1.jpg.foto.rmedium.png\" \/>\t\t\t\t\t\t&#13;<\/p>\n<p>\t\t\t\t\t\t        &#13;<br \/>\n\t\t\t\t\t\t             ODB &amp; Partners, Campus di Architettura del Politecnico di Milano, Milano, Italia, 2021&#13;<\/p>\n<p>\t\t\t\t\t\t    &#13;<br \/>\n\t\t\t\t\t\t\t\t<img decoding=\"async\" data-img=\"\/content\/dam\/domusweb\/it\/architecture\/gallery\/2022\/02\/22\/odb--partners-campus-di-architettura-del-politecnico-di-milano-milano-italia-2021\/gallery\/domus-nuovi-campus-universitari-milano-2.jpg\" src=\"https:\/\/www.europesays.com\/it\/wp-content\/uploads\/2025\/10\/domus-nuovi-campus-universitari-milano-2.jpg.foto.rmedium.png\" \/>\t\t\t\t\t\t&#13;<\/p>\n<p>\t\t\t\t\t\t        &#13;<br \/>\n\t\t\t\t\t\t             ODB &amp; Partners, Campus di Architettura del Politecnico di Milano, Milano, Italia, 2021&#13;<\/p>\n<p>\t\t\t\t\t\t    &#13;<br \/>\n\t\t\t\t\t\t\t\t<img decoding=\"async\" data-img=\"\/content\/dam\/domusweb\/it\/architecture\/gallery\/2022\/02\/22\/odb--partners-campus-di-architettura-del-politecnico-di-milano-milano-italia-2021\/gallery\/domus-nuovi-campus-universitari-milano-3.jpg\" src=\"https:\/\/www.europesays.com\/it\/wp-content\/uploads\/2025\/10\/domus-nuovi-campus-universitari-milano-3.jpg.foto.rmedium.png\" \/>\t\t\t\t\t\t&#13;<\/p>\n<p>\t\t\t\t\t\t        &#13;<br \/>\n\t\t\t\t\t\t             ODB &amp; Partners, Campus di Architettura del Politecnico di Milano, Milano, Italia, 2021&#13;<\/p>\n<p>\t\t\t\t\t\t    &#13;<br \/>\n\t\t\t\t\t\t\t\t<img decoding=\"async\" data-img=\"\/content\/dam\/domusweb\/it\/architecture\/gallery\/2022\/02\/22\/odb--partners-campus-di-architettura-del-politecnico-di-milano-milano-italia-2021\/gallery\/domus-nuovi-campus-universitari-milano-4.jpg\" src=\"https:\/\/www.europesays.com\/it\/wp-content\/uploads\/2025\/10\/domus-nuovi-campus-universitari-milano-4.jpg.foto.rmedium.png\" \/>\t\t\t\t\t\t&#13;<\/p>\n<p>\t\t\t\t\t\t        &#13;<br \/>\n\t\t\t\t\t\t             ODB &amp; Partners, Campus di Architettura del Politecnico di Milano, Milano, Italia, 2021&#13;<\/p>\n<p>\t\t\t\t\t\t    &#13;<br \/>\n\t\t\t\t\t\t\t\t<img decoding=\"async\" data-img=\"\/content\/dam\/domusweb\/it\/architecture\/gallery\/2022\/02\/22\/odb--partners-campus-di-architettura-del-politecnico-di-milano-milano-italia-2021\/gallery\/domus-nuovi-campus-universitari-milano-5.jpg\" src=\"https:\/\/www.europesays.com\/it\/wp-content\/uploads\/2025\/10\/domus-nuovi-campus-universitari-milano-5.jpg.foto.rmedium.png\" \/>\t\t\t\t\t\t&#13;<\/p>\n<p>\t\t\t\t\t\t        &#13;<br \/>\n\t\t\t\t\t\t             ODB &amp; Partners, Campus di Architettura del Politecnico di Milano, Milano, Italia, 2021&#13;<\/p>\n<p>\t\t\t\t\t\t    &#13;<br \/>\n\t\t\t\t\t\t\t\t<img decoding=\"async\" data-img=\"\/content\/dam\/domusweb\/it\/architecture\/gallery\/2022\/02\/22\/odb--partners-campus-di-architettura-del-politecnico-di-milano-milano-italia-2021\/gallery\/domus-nuovi-campus-universitari-milano-6.jpg\" src=\"https:\/\/www.europesays.com\/it\/wp-content\/uploads\/2025\/10\/domus-nuovi-campus-universitari-milano-6.jpg.foto.rmedium.png\" \/>\t\t\t\t\t\t&#13;<\/p>\n<p>\t\t\t\t\t\t        &#13;<br \/>\n\t\t\t\t\t\t             ODB &amp; Partners, Campus di Architettura del Politecnico di Milano, Milano, Italia, 2021&#13;<\/p>\n<p>\t\t\t\t\t\t    &#13;<br \/>\n\t\t\t\t\t\t\t\t<img decoding=\"async\" data-img=\"\/content\/dam\/domusweb\/it\/architecture\/gallery\/2022\/02\/22\/odb--partners-campus-di-architettura-del-politecnico-di-milano-milano-italia-2021\/gallery\/domus-nuovi-campus-universitari-milano-7.jpg\" src=\"https:\/\/www.europesays.com\/it\/wp-content\/uploads\/2025\/10\/domus-nuovi-campus-universitari-milano-7.jpg.foto.rmedium.png\" \/>\t\t\t\t\t\t&#13;<\/p>\n<p>\t\t\t\t\t\t        &#13;<br \/>\n\t\t\t\t\t\t             ODB &amp; Partners, Campus di Architettura del Politecnico di Milano, Milano, Italia, 2021&#13;<\/p>\n<p>\t\t\t\t\t\t    &#13;<br \/>\n\t\t\t\t\t\t\t\t<img decoding=\"async\" data-img=\"\/content\/dam\/domusweb\/it\/architecture\/gallery\/2022\/02\/22\/odb--partners-campus-di-architettura-del-politecnico-di-milano-milano-italia-2021\/gallery\/domus-nuovi-campus-universitari-milano-8.jpg\" src=\"https:\/\/www.europesays.com\/it\/wp-content\/uploads\/2025\/10\/domus-nuovi-campus-universitari-milano-8.jpg.foto.rmedium.png\" \/>\t\t\t\t\t\t&#13;<\/p>\n<p>\t\t\t\t\t\t        &#13;<br \/>\n\t\t\t\t\t\t             ODB &amp; Partners, Campus di Architettura del Politecnico di Milano, Milano, Italia, 2021&#13;<\/p>\n<p>\t\t\t\t\t\t    &#13;<br \/>\n\t\t\t\t\t\t\t\t<img decoding=\"async\" data-img=\"\/content\/dam\/domusweb\/it\/architecture\/gallery\/2022\/02\/22\/odb--partners-campus-di-architettura-del-politecnico-di-milano-milano-italia-2021\/gallery\/domus-nuovi-campus-universitari-milano-9.jpg\" src=\"https:\/\/www.europesays.com\/it\/wp-content\/uploads\/2025\/10\/domus-nuovi-campus-universitari-milano-9.jpg.foto.rmedium.png\" \/>\t\t\t\t\t\t&#13;<\/p>\n<p>\t\t\t\t\t\t        &#13;<br \/>\n\t\t\t\t\t\t             ODB &amp; Partners, Campus di Architettura del Politecnico di Milano, Milano, Italia, 2021&#13;<\/p>\n<p>\t\t\t\t\t\t    &#13;<br \/>\n\t\t\t\t\t\t\t\t<img decoding=\"async\" data-img=\"\/content\/dam\/domusweb\/it\/architecture\/gallery\/2022\/02\/22\/odb--partners-campus-di-architettura-del-politecnico-di-milano-milano-italia-2021\/gallery\/domus-nuovi-campus-universitari-milano-10.jpg\" src=\"https:\/\/www.europesays.com\/it\/wp-content\/uploads\/2025\/10\/domus-nuovi-campus-universitari-milano-10.jpg.foto.rmedium.png\" \/>\t\t\t\t\t\t&#13;<\/p>\n<p>\t\t\t\t\t\t        &#13;<br \/>\n\t\t\t\t\t\t             ODB &amp; Partners, Campus di Architettura del Politecnico di Milano, Milano, Italia, 2021&#13;<\/p>\n<p>\t\t\t\t\t\t    &#13;<br \/>\n\t\t\t\t\t\t\t\t<img decoding=\"async\" data-img=\"\/content\/dam\/domusweb\/it\/architecture\/gallery\/2022\/02\/22\/odb--partners-campus-di-architettura-del-politecnico-di-milano-milano-italia-2021\/gallery\/domus-nuovi-campus-universitari-milano-11.jpg\" src=\"https:\/\/www.europesays.com\/it\/wp-content\/uploads\/2025\/10\/domus-nuovi-campus-universitari-milano-11.jpg.foto.rmedium.png\" \/>\t\t\t\t\t\t&#13;<\/p>\n<p>\t\t\t\t\t\t        &#13;<br \/>\n\t\t\t\t\t\t             ODB &amp; Partners, Campus di Architettura del Politecnico di Milano, Milano, Italia, 2021&#13;<\/p>\n<p>\t\t\t\t\t\t    &#13;<br \/>\n\t\t\t\t\t\t\t\t<img decoding=\"async\" data-img=\"\/content\/dam\/domusweb\/it\/architecture\/gallery\/2022\/02\/22\/odb--partners-campus-di-architettura-del-politecnico-di-milano-milano-italia-2021\/gallery\/domus-nuovi-campus-universitari-milano-12.jpg\" src=\"https:\/\/www.europesays.com\/it\/wp-content\/uploads\/2025\/10\/domus-nuovi-campus-universitari-milano-12.jpg.foto.rmedium.png\" \/>\t\t\t\t\t\t&#13;<\/p>\n<p>\t\t\t\t\t\t        &#13;<br \/>\n\t\t\t\t\t\t             ODB &amp; Partners, Campus di Architettura del Politecnico di Milano, Milano, Italia, 2021&#13;<\/p>\n<p>\t\t\t\t\t\t    &#13;<br \/>\n\t\t\t\t\t\t\t\t<img decoding=\"async\" data-img=\"\/content\/dam\/domusweb\/it\/architecture\/gallery\/2022\/02\/22\/odb--partners-campus-di-architettura-del-politecnico-di-milano-milano-italia-2021\/gallery\/domus-nuovi-campus-universitari-milano-13.jpg\" src=\"https:\/\/www.europesays.com\/it\/wp-content\/uploads\/2025\/10\/domus-nuovi-campus-universitari-milano-13.jpg.foto.rmedium.png\" \/>\t\t\t\t\t\t&#13;<\/p>\n<p>\t\t\t\t\t\t        &#13;<br \/>\n\t\t\t\t\t\t             ODB &amp; Partners, Campus di Architettura del Politecnico di Milano, Milano, Italia, 2021&#13;<\/p>\n<p>\t\t\t\t\t\t    &#13;<br \/>\n\t\t\t\t\t\t\t\t<img decoding=\"async\" data-img=\"\/content\/dam\/domusweb\/it\/architecture\/gallery\/2022\/02\/22\/odb--partners-campus-di-architettura-del-politecnico-di-milano-milano-italia-2021\/gallery\/domus-nuovi-campus-universitari-milano-14.jpg\" src=\"https:\/\/www.europesays.com\/it\/wp-content\/uploads\/2025\/10\/domus-nuovi-campus-universitari-milano-14.jpg.foto.rmedium.png\" \/>\t\t\t\t\t\t&#13;<\/p>\n<p>\t\t\t\t\t\t        &#13;<br \/>\n\t\t\t\t\t\t             ODB &amp; Partners, Campus di Architettura del Politecnico di Milano, Milano, Italia, 2021&#13;<\/p>\n<p>\t\t\t\t\t\t    &#13;<br \/>\n\t\t\t\t\t\t\t\t<img decoding=\"async\" data-img=\"\/content\/dam\/domusweb\/it\/architecture\/gallery\/2022\/02\/22\/odb--partners-campus-di-architettura-del-politecnico-di-milano-milano-italia-2021\/gallery\/domus-nuovi-campus-universitari-milano-15.jpg\" src=\"https:\/\/www.europesays.com\/it\/wp-content\/uploads\/2025\/10\/domus-nuovi-campus-universitari-milano-15.jpg.foto.rmedium.png\" \/>\t\t\t\t\t\t&#13;<\/p>\n<p>\t\t\t\t\t\t        &#13;<br \/>\n\t\t\t\t\t\t             ODB &amp; Partners, Campus di Architettura del Politecnico di Milano, Milano, Italia, 2021&#13;<\/p>\n<p>\t\t\t\t\t\t    &#13;<br \/>\n\t\t\t\t\t\t\t\t<img decoding=\"async\" data-img=\"\/content\/dam\/domusweb\/it\/architecture\/gallery\/2022\/02\/22\/odb--partners-campus-di-architettura-del-politecnico-di-milano-milano-italia-2021\/gallery\/domus-nuovi-campus-universitari-milano-16.jpg\" src=\"https:\/\/www.europesays.com\/it\/wp-content\/uploads\/2025\/10\/domus-nuovi-campus-universitari-milano-16.jpg.foto.rmedium.png\" \/>\t\t\t\t\t\t&#13;<\/p>\n<p>\t\t\t\t\t\t        &#13;<br \/>\n\t\t\t\t\t\t             ODB &amp; Partners, Campus di Architettura del Politecnico di Milano, Milano, Italia, 2021&#13;<\/p>\n<p>\t\t\t\t\t\t    &#13;<br \/>\n\t\t\t\t\t\t\t\t<img decoding=\"async\" data-img=\"\/content\/dam\/domusweb\/it\/architecture\/gallery\/2022\/02\/22\/odb--partners-campus-di-architettura-del-politecnico-di-milano-milano-italia-2021\/gallery\/domus-nuovi-campus-universitari-milano-17.jpg\" src=\"https:\/\/www.europesays.com\/it\/wp-content\/uploads\/2025\/10\/domus-nuovi-campus-universitari-milano-17.jpg.foto.rmedium.png\" \/>\t\t\t\t\t\t&#13;<\/p>\n<p>\t\t\t\t\t\t        &#13;<br \/>\n\t\t\t\t\t\t             ODB &amp; Partners, Campus di Architettura del Politecnico di Milano, Milano, Italia, 2021&#13;<\/p>\n<p>\t\t\t\t\t\t    &#13;<br \/>\n\t\t\t\t\t\t\t\t<img decoding=\"async\" data-img=\"\/content\/dam\/domusweb\/it\/architecture\/gallery\/2022\/02\/22\/odb--partners-campus-di-architettura-del-politecnico-di-milano-milano-italia-2021\/gallery\/domus-nuovi-campus-universitari-milano-18.jpg\" src=\"https:\/\/www.europesays.com\/it\/wp-content\/uploads\/2025\/10\/domus-nuovi-campus-universitari-milano-18.jpg.foto.rmedium.png\" \/>\t\t\t\t\t\t&#13;<\/p>\n<p>\t\t\t\t\t\t        &#13;<br \/>\n\t\t\t\t\t\t             ODB &amp; Partners, Campus di Architettura del Politecnico di Milano, Milano, Italia, 2021&#13;<\/p>\n<p>\t\t\t\t\t\t    &#13;<br \/>\n\t\t\t\t\t\t\t\t<img decoding=\"async\" data-img=\"\/content\/dam\/domusweb\/it\/architecture\/gallery\/2022\/02\/22\/odb--partners-campus-di-architettura-del-politecnico-di-milano-milano-italia-2021\/gallery\/domus-nuovi-campus-universitari-milano-19.jpg\" src=\"https:\/\/www.europesays.com\/it\/wp-content\/uploads\/2025\/10\/domus-nuovi-campus-universitari-milano-19.jpg.foto.rmedium.png\" \/>\t\t\t\t\t\t&#13;<\/p>\n<p>\t\t\t\t\t\t        &#13;<br \/>\n\t\t\t\t\t\t             ODB &amp; Partners, Campus di Architettura del Politecnico di Milano, Milano, Italia, 2021&#13;<\/p>\n<p>\t\t\t\t\t\t    &#13;<br \/>\n\t\t\t\t\t\t\t\t<img decoding=\"async\" data-img=\"\/content\/dam\/domusweb\/it\/architecture\/gallery\/2022\/02\/22\/odb--partners-campus-di-architettura-del-politecnico-di-milano-milano-italia-2021\/gallery\/domus-nuovi-campus-universitari-milano-20.jpg\" src=\"https:\/\/www.europesays.com\/it\/wp-content\/uploads\/2025\/10\/domus-nuovi-campus-universitari-milano-20.jpg.foto.rmedium.png\" \/>\t\t\t\t\t\t&#13;<\/p>\n<p>\t\t\t\t\t\t        &#13;<br \/>\n\t\t\t\t\t\t             ODB &amp; Partners, Campus di Architettura del Politecnico di Milano, Milano, Italia, 2021&#13;<\/p>\n<p>\t\t\t\t\t\t    &#13;<br \/>\n\t\t\t\t\t\t\t\t<img decoding=\"async\" data-img=\"\/content\/dam\/domusweb\/it\/architecture\/gallery\/2022\/02\/22\/odb--partners-campus-di-architettura-del-politecnico-di-milano-milano-italia-2021\/gallery\/domus-nuovi-campus-universitari-milano-21.jpg\" src=\"https:\/\/www.europesays.com\/it\/wp-content\/uploads\/2025\/10\/domus-nuovi-campus-universitari-milano-21.jpg.foto.rmedium.png\" \/>\t\t\t\t\t\t&#13;<\/p>\n<p>\t\t\t\t\t\t        &#13;<br \/>\n\t\t\t\t\t\t             ODB &amp; Partners, Campus di Architettura del Politecnico di Milano, Milano, Italia, 2021&#13;<\/p>\n<p>\t\t\t\t\t\t    &#13;<br \/>\n\t\t\t\t\t\t\t\t<img decoding=\"async\" data-img=\"\/content\/dam\/domusweb\/it\/architecture\/gallery\/2022\/02\/22\/odb--partners-campus-di-architettura-del-politecnico-di-milano-milano-italia-2021\/gallery\/domus-nuovi-campus-universitari-milano-22.jpg\" src=\"https:\/\/www.europesays.com\/it\/wp-content\/uploads\/2025\/10\/domus-nuovi-campus-universitari-milano-22.jpg.foto.rmedium.png\" \/>\t\t\t\t\t\t&#13;<\/p>\n<p>\t\t\t\t\t\t        &#13;<br \/>\n\t\t\t\t\t\t             ODB &amp; Partners, Campus di Architettura del Politecnico di Milano, Milano, Italia, 2021&#13;<\/p>\n<p>\t\t\t\t\t\t    &#13;<br \/>\n\t\t\t\t\t\t\t\t<img decoding=\"async\" data-img=\"\/content\/dam\/domusweb\/it\/architecture\/gallery\/2022\/02\/22\/odb--partners-campus-di-architettura-del-politecnico-di-milano-milano-italia-2021\/gallery\/domus-nuovi-campus-universitari-milano-23.jpg\" src=\"https:\/\/www.europesays.com\/it\/wp-content\/uploads\/2025\/10\/domus-nuovi-campus-universitari-milano-23.jpg.foto.rmedium.png\" \/>\t\t\t\t\t\t&#13;<\/p>\n<p>\t\t\t\t\t\t        &#13;<br \/>\n\t\t\t\t\t\t             ODB &amp; Partners, Campus di Architettura del Politecnico di Milano, Milano, Italia, 2021&#13;<\/p>\n<p>&#13;<\/p>\n<p>Il Campus Leonardo del Politecnico di Milano \u00e8 il risultato di un processo di trasformazione urbana complessa e sviluppata su pi\u00f9 decenni, con il contributo di diversi architetti italiani, tra cui Gio Ponti, Piero Portaluppi, Vittoriano Vigan\u00f2 e Renzo Piano. L\u2019eterogeneit\u00e0 degli edifici testimonia sia un\u2019evoluzione di tipi architettonici e metodi didattici universitari sia la capacit\u00e0 di inserirsi armoniosamente tra le preesistenze, come anche la volont\u00e0 di costruire nuovi punti di riferimento nella vita del campus e del quartiere. A questa si \u00e8 accompagnata una volont\u00e0 espressiva limpida e riconoscibile delle singole architetture.<\/p>\n<p>&#13;<\/p>\n<p>&#13;<br \/>\n&#13;<br \/>\n&#13;<br \/>\n&#13;<br \/>\nYale University<\/p>\n<p>&#13;<\/p>\n<p><b>Ingalls Rink di Eero Saarinen (1958); Art &amp; Arch Building di Paul Rudolph (1963); Beinecke Rare Book Library di Gordon Bunshaft \/ SOM (1963),\u00a0New Haven, CT, USA<\/b><\/p>\n<p>&#13;<\/p>\n<p>&#13;<br \/>\n\t&#13;<br \/>\n&#13;<br \/>\n&#13;<br \/>\n\t\t\t&#13;<br \/>\n<img decoding=\"async\" src=\"https:\/\/www.europesays.com\/it\/wp-content\/uploads\/2025\/10\/domus-ingalls-rink.jpg.foto.rmedium.jpg\" class=\" cq-dd-image c-figure__img\" \/>&#13;<br \/>\n\tEero Saarinen, Ingalls Ice Rink, 1958, via Wikimedia Commons &#13;<\/p>\n<p>&#13;<\/p>\n<p>Presso la Yale University si trovano tre icone dell\u2019architettura del \u2018900. L\u2019Ingalls Rink, progettato da Eero Saarinen, \u00e8 una delle opere pi\u00f9 popolari d\u2019America, inserita anche nella discussa lista America\u2019s Favorite Architecture. La Scuola di Arte e Architettura, progettata da Paul Rudolph e completata nel 1963, \u00e8 uno dei primi e pi\u00f9 noti esempi di brutalismo statunitense: premiata in diverse occasioni, ha subito un incendio che ne ha cambiato alcuni tratti senza mai perdere quella che Nikolaus Pevsner defin\u00ec \u201cmonumentalit\u00e0 oppressiva\u201d.<\/p>\n<p>&#13;<\/p>\n<p>&#13;<br \/>\n\t&#13;<br \/>\n&#13;<br \/>\n&#13;<br \/>\n\t\t\t&#13;<br \/>\n<img decoding=\"async\" src=\"https:\/\/www.europesays.com\/it\/wp-content\/uploads\/2025\/10\/domus-yale-library-wikimedia-commons.jpg.foto.rmedium.jpg\" class=\" cq-dd-image c-figure__img\" \/>&#13;<br \/>\n\tGordon Bunshaft, Beinecke Rare Book and Manuscript Library, 1963. No machine-readable author provided. Ragesoss assumed (based on copyright claims)., Public domain, via Wikimedia Commons&#13;<\/p>\n<p>&#13;<\/p>\n<p>Coeva \u00e8 la Beinecke Rare Book and Manuscript Library di Gordon Bunshaft, realizzata mentre lavorava nello studio SOM. Questo volume sospeso e privo di finestre \u00e8 rivestito da pannelli di marmo color ghiaccio incorniciati da modanature di granito grigio e racchiude al suo interno una torre di libri che, al contrario, \u00e8 rivestita da un curtain wall vetrato.<\/p>\n<p>&#13;<\/p>\n<p>&#13;<br \/>\n&#13;<br \/>\n&#13;<br \/>\n&#13;<br \/>\nHistory Building di James Stirling<\/p>\n<p>&#13;<\/p>\n<p><b>Cambridge University, UK, 1968<\/b><\/p>\n<p>&#13;<\/p>\n<p>&#13;<\/p>\n<p>Una fusione di modernismo e contesto storico: contrastando gli edifici neoclassici circostanti, Stirling utilizza cemento a vista, mattoni e vetro applicati a superfici e volumi netti, generando spazi universitari di grande impatto. La grande hall sotto la \u201ctenda triangolare\u201d, protetta da una copertura in vetro che lascia a vista le soluzioni tecnologiche e impiantistiche, introduce una dimensione nuova negli spazi dei campus universitari. In un\u2019Inghilterra del secondo Novecento sempre pi\u00f9 segnata dal brutalismo, l\u2019edificio di Stirling sembra anticipare il filone high-tech che accompagner\u00e0 le trasformazioni europee a partire dagli anni Settanta.<\/p>\n<p>&#13;<\/p>\n<p>&#13;<br \/>\n\t&#13;<br \/>\n&#13;<br \/>\n&#13;<br \/>\n\t\t\t&#13;<br \/>\n<img decoding=\"async\" src=\"https:\/\/www.europesays.com\/it\/wp-content\/uploads\/2025\/10\/domus-stirling-building-cambridge.jpg.foto.rmedium.jpg\" class=\" cq-dd-image c-figure__img\" \/>&#13;<br \/>\n\tseier+seier, CC BY 2.0, via Wikimedia Commons&#13;<\/p>\n<p>&#13;<br \/>\n&#13;<br \/>\n&#13;<br \/>\n&#13;<br \/>\nUniversit\u00e0 di Urbino<\/p>\n<p>&#13;<\/p>\n<p><b>Collegi universitari di Giancarlo De Carlo, 1962-1983, Urbino, Italia\u00a0<\/b><\/p>\n<p>&#13;<\/p>\n<p>&#13;<br \/>\n\t&#13;<br \/>\n&#13;<br \/>\n&#13;<br \/>\n\t\t\t&#13;<br \/>\n<img decoding=\"async\" src=\"https:\/\/www.europesays.com\/it\/wp-content\/uploads\/2025\/10\/domus-collegi-urbini-giancarlo-de-carlo.jpeg.foto.rmedium.jpg\" class=\" cq-dd-image c-figure__img\" \/>&#13;<br \/>\n\tFoto Limoncellista at Italian Wikipedia, CC BY-SA 3.0, via Wikimedia Commons&#13;<\/p>\n<p>&#13;<\/p>\n<p>I quattro collegi dell&#8217;Universit\u00e0 degli Studi di Urbino sono adagiati sulla collina dominata dall\u2019ex convento dei Cappuccini, a un chilometro dal centro citt\u00e0. L&#8217;idea di Giancarlo De Carlo era di realizzare una piccola citt\u00e0-campus. Considerati il suo progetto manifesto, i collegi sono uno degli esempi pi\u00f9 significativi dell\u2019architettura italiana degli anni Settanta. Il disegno complessivo adotta una struttura policentrica a grappolo, modellata sulle caratteristiche morfologiche del luogo: De Carlo privilegia la \u201cnaturalit\u00e0 del costruito\u201d, integrando volumi e suolo attraverso pendenze, giardini pensili e luce zenitale, evitando ripetizioni e adottando soluzioni tipologiche variate. L\u2019unit\u00e0 materica \u00e8 garantita dall\u2019uso predominante del mattone, accostato al calcestruzzo a vista solo per strutture e aggetti. Centrale \u00e8 la creazione di spazi collettivi e creativi, pensati per favorire l\u2019incontro e la socialit\u00e0 tra studenti e cittadini.<\/p>\n<p>&#13;<\/p>\n<p>&#13;<br \/>\n&#13;<br \/>\n&#13;<br \/>\n&#13;<br \/>\nIngresso della Facolt\u00e0 di Architettura &#8211; sede Tolentini<\/p>\n<p>&#13;<\/p>\n<p><b>Iuav, Carlo Scarpa, 1966-1985, Venezia, Italia<\/b><\/p>\n<p>&#13;<\/p>\n<p>&#13;<br \/>\n\t&#13;<br \/>\n&#13;<br \/>\n&#13;<br \/>\n\t\t\t&#13;<br \/>\n<img decoding=\"async\" src=\"https:\/\/www.domusweb.it\/content\/dam\/domusweb\/it\/architecture\/2025\/10\/08\/larchitettura-delle-universit-spazi-che-educano-o-specchio-della-societ\/domus-carlo-scarpa-ingresso-universit\u00e0-venezia.jpg.foto.rmedium.jpg\" class=\" cq-dd-image c-figure__img\" \/>&#13;<br \/>\n\tFoto Jean-Pierre Dalb\u00e9ra, CC BY 2.0, via Wikimedia Commons&#13;<\/p>\n<p>&#13;<\/p>\n<p>Il complesso dei Tolentini rappresenta la sede storica dell\u2019ateneo, che accoglie uffici amministrativi e biblioteca. L\u2019ingresso, realizzato su un progetto di massima di Scarpa, riprende alcuni tratti tipici delle sue opere come le modanature dentellate, e con il dinamismo dei suoi piani inclinati \u00e8 diventato un simbolo dello Iuav. Come altri interventi del maestro veneziano, si inserisce tra quelle architetture che modificano parti di edifici storici iniettando nuova vita e costruendo relazioni spaziali ed espressive uniche tra passato e contemporaneit\u00e0.<\/p>\n<p>&#13;<\/p>\n<p>&#13;<br \/>\n&#13;<br \/>\n&#13;<br \/>\n&#13;<br \/>\nFacolt\u00e0 di Architettura e Urbanismo di Jo\u00e3o Vilanova Artigas<\/p>\n<p>&#13;<\/p>\n<p><b>Universit\u00e0 di San Paolo, 1969, San Paolo, Brasile\u00a0<\/b><\/p>\n<p>&#13;<\/p>\n<p>&#13;<\/p>\n<p>La facolt\u00e0 nota come FAU-USP \u00e8 un caposaldo della Scuola Paulista del brutalismo, in cui forma architettonica e visione pedagogica si fondono in un unico organismo civico.\u00a0<\/p>\n<p>&#13;<\/p>\n<p>&#13;<br \/>\n\t&#13;<br \/>\n&#13;<br \/>\n&#13;<br \/>\n\t\t\t&#13;<br \/>\n<img decoding=\"async\" src=\"https:\/\/www.europesays.com\/it\/wp-content\/uploads\/2025\/10\/domus-architettura-urbanistica-san-paolo.jpg.foto.rmedium.jpg\" class=\" cq-dd-image c-figure__img\" \/>&#13;<br \/>\n\tDomus 998, gennaio 2016&#13;<\/p>\n<p>&#13;<\/p>\n<p>Elevato su pilotis trapezoidali, il suo volume monolitico in cemento si svuota in corrispondenza dell&#8217;atrio principale, un vasto spazio privo di colonne illuminato da una griglia di lucernari e cupole, attorno al quale si dispongono a sequenza continua aule, studi, biblioteca e uffici, collegati da rampe dolcemente inclinate. Vilanova Artigas immagin\u00f2 la scuola come una piazza pubblica della vita intellettuale, un forum aperto in cui lo spazio stesso favorisse il dialogo, la collaborazione e lo scambio democratico.<\/p>\n<p>&#13;<\/p>\n<p>&#13;<br \/>\n&#13;<br \/>\n&#13;<br \/>\n&#13;<br \/>\n Facolt\u00e0 di Architettura di Alvaro Siza<\/p>\n<p>&#13;<\/p>\n<p><b>Universit\u00e0 di Porto, 1987- 1995, Porto, Portogallo<\/b><\/p>\n<p>&#13;<\/p>\n<p>&#13;<br \/>\n\t&#13;<br \/>\n&#13;<br \/>\n&#13;<br \/>\n\t\t\t&#13;<br \/>\n<img decoding=\"async\" src=\"https:\/\/www.europesays.com\/it\/wp-content\/uploads\/2025\/10\/domus-alvaro-siza-porto-1.jpg.foto.rmedium.jpg\" class=\" cq-dd-image c-figure__img\" \/>&#13;<br \/>\n\tDomus 770, aprile 1995 &#13;<\/p>\n<p>&#13;<\/p>\n<p>Le \u201cquattro imponenti figure totemiche che scrutano e controllano il territorio\u201d (Luca Gazzaniga, Domus 770, aprile 1995) sono diventate uno dei simboli della \u201cScuola di Porto\u201d, e una delle opere pi\u00f9 importanti di \u00c1lvaro Siza. I padiglioni, incluso il Carlos Ramon, primo tassello della Facolt\u00e0 di Architettura, costruiscono una sequenza di pieni e vuoti che innescano relazioni morfologiche e topografiche con le sponde del Douro. I volumi puliti e l\u2019uso di materiali tradizionali e moderni conferiscono all&#8217;edificio un carattere senza tempo, perfettamente in sintonia con la filosofia dell&#8217;architettura come forma di espressione culturale.<\/p>\n<p>&#13;<\/p>\n<p>&#13;<br \/>\n&#13;<br \/>\n&#13;<br \/>\n&#13;<br \/>\nBiblioteca di Mecanoo<\/p>\n<p>&#13;<\/p>\n<p><b>TU Delft, Delft, Olanda, 1997<\/b><\/p>\n<p>&#13;<\/p>\n<p>&#13;<\/p>\n<p>La Biblioteca risolve il problema del rapporto con la prospiciente aula magna brutalista, realizzando un edificio che dall\u2019esterno non ha affatto l\u2019aspetto di un edificio. La nuova collinetta, di fatto un piano inclinato, high-tech sotto ed erboso sopra, diventa un nuovo tassello del paesaggio olandese, forato da un monumentale cono che incombe sul vasto spazio interno sottostante. Forme e atmosfera riecheggiano illustri precedenti, tra cui la biblioteca di Gunnar Asplund a Stoccolma, alcune realizzazioni di Emilio Ambasz, o la Kunsthalle di Gustav Peichl a Bonn, e danno vita a uno stimolante spazio di studio contemporaneo.<\/p>\n<p>&#13;<\/p>\n<p>&#13;<br \/>\n\t&#13;<br \/>\n&#13;<br \/>\n&#13;<br \/>\n\t\t\t&#13;<br \/>\n<img decoding=\"async\" src=\"https:\/\/www.europesays.com\/it\/wp-content\/uploads\/2025\/10\/domus-biblioteca-universitaria-delft.jpg.foto.rmedium.jpg\" class=\" cq-dd-image c-figure__img\" \/>&#13;<br \/>\n\tDomus 812, febbraio 1999&#13;<\/p>\n<p>&#13;<br \/>\n&#13;<br \/>\n&#13;<br \/>\n&#13;<br \/>\nSimmons Hall di Steven Holl<\/p>\n<p>&#13;<\/p>\n<p><b>Massachusetts Institute of Technology (MIT), Cambridge, MA, USA, 2002<\/b><\/p>\n<p>&#13;<\/p>\n<p>&#13;<\/p>\n<p>Nata per integrare spazi di lavoro e ricreazione, la Simmons Hall trasforma l\u2019architettura universitaria in un\u2019esplorazione delle relazioni tra spazio e luce. Su DomusI 858 era detta \u201ccondensatore sociale\u201d, e Carlo Ratti la descriveva come \u201cun grande edificio traforato, quasi una spugna frattale svuotata al proprio interno, che si affaccia su Vassar Street e costituisce un nuovo punto di riferimento nello sfrangiato paesaggio urbano della parte ovest del campus\u201d; Yehuda Safran invece avanzava un parallelismo con l\u2019Unit\u00e8 d\u2019Habitation e il convento di La Tourette di Le Corbusier. E, in effetti, i corridoi che attraversano i 10 piani dell\u2019edificio sviluppati su oltre 140 metri, sono pensati per evocare atmosfere urbane che beneficiano delle morfologie porose degli interni.<\/p>\n<p>&#13;<\/p>\n<p>&#13;<br \/>\n\t&#13;<br \/>\n&#13;<br \/>\n&#13;<br \/>\n\t\t\t&#13;<br \/>\n<img decoding=\"async\" src=\"https:\/\/www.europesays.com\/it\/wp-content\/uploads\/2025\/10\/domus-simmons-hall.jpg.foto.rmedium.jpg\" class=\" cq-dd-image c-figure__img\" \/>&#13;<br \/>\n\tDomus 858, aprile 2003 &#13;<\/p>\n<p>&#13;<br \/>\n&#13;<br \/>\n&#13;<br \/>\n&#13;<br \/>\nUniversity Campus and several buildings di Amateur Architecture<\/p>\n<p>&#13;<\/p>\n<p><b>China Academy of Fine Arts (CCA), Hangzhou, China, dal 2002<\/b><\/p>\n<p>&#13;<\/p>\n<p>&#13;<\/p>\n<p>Una manifestazione dell\u2019arte come forma di educazione: i progettisti hanno avuto l\u2019occasione di progettare la vita universitaria a diverse scale attraverso variazioni architettoniche. Ogni edificio \u00e8 un\u2019esperienza che invita gli studenti a riflettere sull\u2019importanza della creativit\u00e0 e dell\u2019espressione artistica, a partire dal recupero di idee ed elementi tradizionali, dal riuso delle tegole ad alcune forme architettoniche. I volumi sono dinamici e modulari, adattabili alle diverse necessit\u00e0 didattiche e al paesaggio circostante. La progettazione attenta ai dettagli e l\u2019uso di materiali naturali cercano una combinazione di spazio funzionale e ispirante.<\/p>\n<p>&#13;<\/p>\n<p>&#13;<br \/>\n\t&#13;<br \/>\n&#13;<br \/>\n&#13;<br \/>\n\t\t\t&#13;<br \/>\n<img decoding=\"async\" src=\"https:\/\/www.europesays.com\/it\/wp-content\/uploads\/2025\/10\/domus-china-cademy-of-fine-arts.jpg.foto.rmedium.jpg\" class=\" cq-dd-image c-figure__img\" \/>&#13;<br \/>\n\tDomus 914, maggio 2008&#13;<\/p>\n<p>&#13;<br \/>\n&#13;<br \/>\n&#13;<br \/>\n&#13;<br \/>\nThe Sculpture Department of the Sichuan Fine Arts Institute di Liu Jiakun<\/p>\n<p>&#13;<\/p>\n<p><b>Sichuan Fine Arts Institute,\u00a0Chongqing, China, 2004<\/b><\/p>\n<p>&#13;<\/p>\n<p>&#13;<\/p>\n<p>Esempio di come l&#8217;architettura possa essere un\u2019interpretazione di un luogo e della sua cultura, questo edificio per laboratori e spazi espositivi si caratterizza per la sua forma essenziale, realizzata con materiali locali e tecniche costruttive tradizionali reinterpretate in chiave moderna. Per garantire luce naturale alle aule, i piani alti si sporgono mentre i volumi intermedi arretrano, favorendo l\u2019ingresso della luce zenitale. In risposta al clima caldo di Chongqing, le facciate ovest e sud adottano pareti doppie e traforate che ombreggiano e ventilano.<\/p>\n<p>&#13;<\/p>\n<p>&#13;<br \/>\n\t&#13;<br \/>\n&#13;<br \/>\n&#13;<br \/>\n\t\t\t&#13;<br \/>\n<img decoding=\"async\" src=\"https:\/\/www.europesays.com\/it\/wp-content\/uploads\/2025\/10\/domus-jiakun-scultura-2.jpeg.foto.rmedium.jpg\" class=\" cq-dd-image c-figure__img\" \/>&#13;<br \/>\n\tFoto courtesy of Arch-Exist&#13;<\/p>\n<p>&#13;<\/p>\n<p>Il rivestimento in rosso ruggine richiama i fabbricati circostanti, e il cemento grezzo mantiene la matericit\u00e0 tipica dell\u2019intonaco tradizionale locale. Pannelli in alluminio ossidato, realizzati dagli studenti, arricchiscono la texture dell\u2019involucro. L\u2019uso di materiali economici e risorse locali conferisce all\u2019edificio un carattere ruvido ma solenne, coerente con lo spirito sperimentale e artigianale del dipartimento.<\/p>\n<p>&#13;<\/p>\n<p>&#13;<br \/>\n&#13;<br \/>\n&#13;<br \/>\n&#13;<br \/>\n The Sharp Centre di Will Alsop<\/p>\n<p>&#13;<\/p>\n<p><b>Ontario College of Art &amp; Design University (OCAD), Toronto, Canada, 2004<\/b><\/p>\n<p>&#13;<\/p>\n<p>&#13;<\/p>\n<p>\u00c8 uno degli edifici pi\u00f9 audaci e iconici nel panorama dell\u2019architettura universitaria. La sua struttura sospesa sopra un edificio preesistente, un parallelepipedo dalle linee nette e colorate, \u00e8 un esempio della ricerca formale di Alsop, che gioca con la percezione dello spazio e con l\u2019ironia. La scelta dei colori vivaci e delle forme inusuali rende questo progetto un punto di riferimento non solo per la sua funzionalit\u00e0, ma anche per il suo impatto visivo: landmark di riferimento rispetto al vicino parco urbano, l\u2019edificio \u00e8 infatti anche un dispositivo di osservazione, con le sue finestre che creano un inaspettato paesaggio interno.<\/p>\n<p>&#13;<\/p>\n<p>&#13;<br \/>\n\t&#13;<br \/>\n&#13;<br \/>\n&#13;<br \/>\n\t\t\t&#13;<br \/>\n<img decoding=\"async\" src=\"https:\/\/www.europesays.com\/it\/wp-content\/uploads\/2025\/10\/domus-ontario-college-of-arts-wikimedia-commons.jpg.foto.rmedium.jpg\" class=\" cq-dd-image c-figure__img\" \/>&#13;<br \/>\n\tFoto bobistraveling, CC BY 2.0, via Wikimedia Commons&#13;<\/p>\n<p>&#13;<br \/>\n&#13;<br \/>\n&#13;<br \/>\n&#13;<br \/>\nUniversit\u00e0 Bocconi<\/p>\n<p>&#13;<\/p>\n<p><b>Nuovo Campus Bocconi, Milano, Italia, Grafton Architects, 2008, e Sanaa, 2018<\/b><\/p>\n<p>&#13;<\/p>\n<p>&#13;<br \/>\n\t&#13;<br \/>\n&#13;<br \/>\n&#13;<br \/>\n\t\t\t&#13;<br \/>\n<img decoding=\"async\" src=\"https:\/\/www.europesays.com\/it\/wp-content\/uploads\/2025\/10\/domus-sanaa-campus-bocconi.jpeg.foto.rmedium.jpg\" class=\" cq-dd-image c-figure__img\" \/>&#13;<br \/>\n\tFoto di Cesare Ferrari da Adobe Stock&#13;<\/p>\n<p>&#13;<\/p>\n<p>Gli ampliamenti del Campus Bocconi a Milano degli ultimi 20 anni hanno visto la firma di due premi Pritzker. Per la scultorea estensione firmata Grafton Architects su Domus 909 si arriva a parlare di \u201cnuovo monumento\u201d con un progetto che sfonda \u201cin ogni direzione le barriere, fisiche e concettuali, della gabbia ortogonale in cui il loro predecessore (Giuseppe Pagano) si \u00e8 rinchiuso\u201d. Completamente diverso \u00e8 l\u2019approccio di Sanaa, che inserisce volumi e coperture curvilinee enfatizzando il concetto di permeabilit\u00e0 capaci, come scritto su Domus 965, di restituirsi \u201calla citt\u00e0, come parco giochi, (come) uno spazio per l\u2019immaginazione\u201d.<\/p>\n<p>&#13;<\/p>\n<p>            &#13;<\/p>\n<p>                    <img decoding=\"async\" class=\"c-figure__img\" src=\"https:\/\/www.europesays.com\/it\/wp-content\/uploads\/2025\/10\/domus-bocconi-campus-09.jpg.foto.rmedium.jpg\" \/><\/p>\n<p>                            &#13;<br \/>\n&#13;<br \/>\n&#13;<br \/>\n&#13;<br \/>\n&#13;<br \/>\n&#13;<br \/>\n&#13;<br \/>\n&#13;<br \/>\n&#13;<br \/>\n&#13;<br \/>\n\t\t\t\t\t\t\t\t\t\t\t\t\t\t\t<img decoding=\"async\" src=\"https:\/\/www.europesays.com\/it\/wp-content\/uploads\/2025\/08\/icon-camera.png\" \/>&#13;<\/p>\n<p>                            View gallery<\/p>\n<p>                &#13;<\/p>\n<p>&#13;<br \/>\n&#13;<br \/>\n&#13;<br \/>\n&#13;<br \/>\nUniversit\u00e0 degli Studi di Trento. Biblioteca BUC e Museo MUSE<\/p>\n<p>&#13;<\/p>\n<p><b>Rpbw, Trentio, Italia, 2013<\/b><\/p>\n<p>&#13;<\/p>\n<p>&#13;<\/p>\n<p>Nato nel 2002 dalla riconversione di una vasta area industriale dismessa, l\u2019intervento, completato nel 2016, ha dato vita a un nuovo quartiere sostenibile denominato Le Albere, caratterizzato dall\u2019integrazione armonica di spazi pubblici, residenziali, culturali e verdi. Con il MUSE, la Biblioteca Universitaria Centrale emerge come nodo centrale di un progetto che mira a ricucire il tessuto urbano con il paesaggio della Valle dell&#8217;Adige. Ambienti di lettura luminosi, scaffalature a giorno, materiali trasparenti e connessioni visive con il paesaggio circostante creano un luogo di studio aperto, accogliente e integrato con l&#8217;identit\u00e0 del quartiere, mentre ampi viali alberati, canali d\u2019acqua, portici e terrazze verdi contribuiscono alla permeabilit\u00e0 e fruibilit\u00e0 degli spazi.<\/p>\n<p>&#13;<\/p>\n<p>&#13;<br \/>\n\t&#13;<br \/>\n&#13;<br \/>\n&#13;<br \/>\n\t\t\t&#13;<br \/>\n<img decoding=\"async\" src=\"https:\/\/www.domusweb.it\/content\/dam\/domusweb\/it\/architecture\/2025\/10\/08\/larchitettura-delle-universit-spazi-che-educano-o-specchio-della-societ\/domus-universit\u00e0-trento.jpeg.foto.rmedium.jpg\" class=\" cq-dd-image c-figure__img\" \/>&#13;<br \/>\n\tFoto Di Libens libenter &#8211; Opera propria, CC BY-SA 3.0, via Wikimedia Commons &#13;<\/p>\n<p>&#13;<br \/>\n&#13;<br \/>\n&#13;<br \/>\n&#13;<br \/>\nThe why factory di Mvrdv<\/p>\n<p>&#13;<\/p>\n<p><b>TU Delft, Delft, Olanda, 2017<\/b><\/p>\n<p>&#13;<\/p>\n<p>&#13;<\/p>\n<p>The Why Factory \u00e8 un centro di ricerca e formazione all\u2019interno della Facolt\u00e0 di Architettura della Delft University of Technology, guidato da Winy Maas (Guest Editor Domus nel 2019). L\u2019istituto studia le citt\u00e0 contemporanee, unendo alla didattica un laboratorio di ricerca su\u00a0analisi, teoria e progetto delle citt\u00e0 del futuro. Tutto ruota intorno a una tribuna, uno spazio multifunzionale pensato per favorire didattica, ricerca e lavoro informale: al piano terra sale per conferenze e lezioni, al primo piano gli uffici dei collaboratori scientifici, in sommit\u00e0 un\u2019ulteriore sala riunioni. Con la sua iconica superficie arancione, la Tribune afferma l\u2019identit\u00e0 autonoma di The Why Factory all\u2019interno del campus e mette gli studenti al centro, fisicamente e simbolicamente al di sopra dei loro docenti.<\/p>\n<p>&#13;<\/p>\n<p>&#13;<br \/>\n\t&#13;<br \/>\n&#13;<br \/>\n&#13;<br \/>\n\t\t\t&#13;<br \/>\n<img decoding=\"async\" src=\"https:\/\/www.europesays.com\/it\/wp-content\/uploads\/2025\/10\/domus-the-why-factory.jpg.foto.rmedium.jpg\" class=\" cq-dd-image c-figure__img\" \/>&#13;<br \/>\n\tFoto Saskla Wehler. Courtesy Mvrdv&#13;<\/p>\n","protected":false},"excerpt":{"rendered":"&#13; Luoghi elitari di trasmissione del sapere, piattaforme di condivisione, realizzazioni \u2013 talvolta retoriche \u2013 di un pensiero&hellip;\n","protected":false},"author":3,"featured_media":157044,"comment_status":"","ping_status":"","sticky":false,"template":"","format":"standard","meta":{"footnotes":""},"categories":[1446],"tags":[1615,1613,1614,1611,1610,1612,203,204,1537,90,89],"class_list":{"0":"post-157043","1":"post","2":"type-post","3":"status-publish","4":"format-standard","5":"has-post-thumbnail","7":"category-arte-e-design","8":"tag-arte","9":"tag-arte-e-design","10":"tag-arteedesign","11":"tag-arts","12":"tag-arts-and-design","13":"tag-design","14":"tag-entertainment","15":"tag-intrattenimento","16":"tag-it","17":"tag-italia","18":"tag-italy"},"share_on_mastodon":{"url":"","error":""},"_links":{"self":[{"href":"https:\/\/www.europesays.com\/it\/wp-json\/wp\/v2\/posts\/157043","targetHints":{"allow":["GET"]}}],"collection":[{"href":"https:\/\/www.europesays.com\/it\/wp-json\/wp\/v2\/posts"}],"about":[{"href":"https:\/\/www.europesays.com\/it\/wp-json\/wp\/v2\/types\/post"}],"author":[{"embeddable":true,"href":"https:\/\/www.europesays.com\/it\/wp-json\/wp\/v2\/users\/3"}],"replies":[{"embeddable":true,"href":"https:\/\/www.europesays.com\/it\/wp-json\/wp\/v2\/comments?post=157043"}],"version-history":[{"count":0,"href":"https:\/\/www.europesays.com\/it\/wp-json\/wp\/v2\/posts\/157043\/revisions"}],"wp:featuredmedia":[{"embeddable":true,"href":"https:\/\/www.europesays.com\/it\/wp-json\/wp\/v2\/media\/157044"}],"wp:attachment":[{"href":"https:\/\/www.europesays.com\/it\/wp-json\/wp\/v2\/media?parent=157043"}],"wp:term":[{"taxonomy":"category","embeddable":true,"href":"https:\/\/www.europesays.com\/it\/wp-json\/wp\/v2\/categories?post=157043"},{"taxonomy":"post_tag","embeddable":true,"href":"https:\/\/www.europesays.com\/it\/wp-json\/wp\/v2\/tags?post=157043"}],"curies":[{"name":"wp","href":"https:\/\/api.w.org\/{rel}","templated":true}]}}