{"id":157051,"date":"2025-10-10T09:14:10","date_gmt":"2025-10-10T09:14:10","guid":{"rendered":"https:\/\/www.europesays.com\/it\/157051\/"},"modified":"2025-10-10T09:14:10","modified_gmt":"2025-10-10T09:14:10","slug":"la-donna-della-cabina-numero-10-trama-trailer-cast-e-curiosita","status":"publish","type":"post","link":"https:\/\/www.europesays.com\/it\/157051\/","title":{"rendered":"La donna della cabina numero 10: trama, trailer, cast e curiosit\u00e0"},"content":{"rendered":"<p>                                In missione su una nave di lusso, una giornalista vede un passeggero cadere in mare. Cosa si \u00e8 disposti a rischiare per difendere la verit\u00e0?<\/p>\n<p>                    10 ottobre &#8211; 09:02  &#8211; MILANO<\/p>\n<p class=\"paragraph\" spellcheck=\"true\">Sbarca su Netflix <b>La donna della cabina numero 10<\/b>, thriller psicologico con <a href=\"https:\/\/www.gazzetta.it\/active\/storie\/26-03-2025\/keira-knightley-40-anni-al-top-tutti-i-segreti-del-suo-fisico\/sempre-stupenda.shtml\" target=\"_blank\" rel=\"nofollow noopener\">Keira Knightley<\/a>.\u00a0Spazi claustrofobici, suspense, senso di isolamento e misteri in abbondanza per il film diretto da Simon Stone e ispirato al bestseller di Ruth Ware. Un racconto ritmico e di grande eleganza visiva che risponde a una semplice ma inquietante domanda: quanto si pu\u00f2 essere disposti a perdere, <b>pur di difendere la verit\u00e0?<\/b>\u00a0Recitano al fianco di\u00a0Knightley, Gugu Mbatha-Raw, Kaya Scodelario, Hannah Waddingham e Guy Pearce.<\/p>\n<p>    La donna della cabina numero 10, trama\u2014 \u00a0<\/p>\n<p class=\"paragraph is-inline\" spellcheck=\"true\"><b>Laura Blacklock<\/b>, giovane giornalista, vive ancora sotto shock dopo un&#8217;effrazione nel suo appartamento di Londra. Decisa a non lasciarsi sopraffare dalla paura, accetta un incarico prestigioso, ovvero raccontare la <b>crociera dell&#8217;Aurora<\/b>, un lussuoso yacht diretto verso i fiordi norvegesi. Il viaggio, organizzato per promuovere una fondazione benefica, sembra l\u2019occasione perfetta per rilanciare la sua carriera ma la notte, dietro il vetro della sua cabina, Laura vede qualcosa. <b>Una donna viene spinta in mare<\/b> dalla stanza accanto. Quando lancia l&#8217;allarme, per\u00f2, nessuno \u00e8 disposto a crederle. Intrappolata in un ambiente ovattato e ostile, Laura inizia a dubitare di s\u00e9 stessa, ma non del proprio istinto.<\/p>\n<p>    cast\u2014 \u00a0<\/p>\n<p class=\"paragraph is-inline\" spellcheck=\"true\">Recitano in\u00a0La donna della cabina numero 10\u00a0interpreti britannici e internazionali, con Keira Knightley nel ruolo della protagonista. Qui di seguito l&#8217;elenco degli attori e dei rispettivi ruoli:<\/p>\n<ul>\n<li><b>Keira Knightley<\/b>: Laura Blacklock<\/li>\n<li><b>Hannah Waddingham<\/b>: Heidi<\/li>\n<li><b>Guy Pearce<\/b>: Richard Bullmer<\/li>\n<li><b>David Ajala<\/b>: Ben<\/li>\n<li><b>Paul Kaye<\/b>: Danny Tyler<\/li>\n<li><b>David Morrissey<\/b>: Thomas Heatherley<\/li>\n<li><b>Daniel Ings<\/b>: Adam<\/li>\n<li><b>Art Malik<\/b>: dott. Robert Mehta<\/li>\n<\/ul>\n<p>    curiosit\u00e0 sul film\u2014 \u00a0<\/p>\n<p class=\"paragraph is-inline\" spellcheck=\"true\">Dopo la pubblicazione del romanzo di Ruth Ware, nel 2016, i diritti cinematografici erano stati\u00a0inizialmente acquisiti da CBS nel 2017, che aveva avviato lo sviluppo del film insieme alla Gotham Group. Nel maggio 2024, tuttavia,\u00a0<b>Netflix ha rilevato il progetto<\/b>, affidando la regia a <b>Simon Stone<\/b> e il ruolo principale a <b>Keira Knightley<\/b>. Le riprese si sono svolte nel settembre 2024 <b>sull&#8217;isola di Portland<\/b>, nel Dorset, ma alcune delle scene sono state girate a bordo del <b>superyacht Savannah<\/b>. Nel film tornano a recitare insieme <b>Knightley e Scodelario<\/b> dopo i\u00a0<a href=\"https:\/\/www.gazzetta.it\/tv\/storie\/11-10-2024\/pirati-dei-caraibi-la-vendetta-di-salazar-trama-cast-e-curiosita\/lultima-avventura-di-nbsp-jack-sparrow.shtml\" target=\"_blank\" rel=\"nofollow noopener\">Pirati dei Caraibi &#8211; La vendetta di Salazar<\/a> (2017). Scodelario e Daniel Ings erano invece stati colleghi sul set nella prima stagione di <a href=\"https:\/\/www.gazzetta.it\/tv\/16-03-2023\/the-gentlemen-trama-e-cast-del-film-di-guy-ritchie-da-vedere-su-rai2.shtml\" target=\"_blank\" rel=\"nofollow noopener\">The Gentlemen<\/a> (2024), mentre Knightley e Gugu Mbatha-Raw avevano recitato insieme nel\u00a0Il concorso (2020).<\/p>\n<p class=\"is-above-copyright is-mr-r-10\" spellcheck=\"true\">La Gazzetta dello Sport<\/p>\n<p class=\"is-copyright\">\u00a9 RIPRODUZIONE RISERVATA<\/p>\n","protected":false},"excerpt":{"rendered":"In missione su una nave di lusso, una giornalista vede un passeggero cadere in mare. Cosa si \u00e8&hellip;\n","protected":false},"author":3,"featured_media":157052,"comment_status":"","ping_status":"","sticky":false,"template":"","format":"standard","meta":{"footnotes":""},"categories":[1442],"tags":[96960,35358,96956,23583,96961,12418,1279,96962,7085,17749,1731,96957,96958,203,454,4348,96963,96964,96965,96966,21977,96967,96968,96969,204,1537,90,89,96954,96955,96953,96970,2324,1521,3166,1312,96959],"class_list":{"0":"post-157051","1":"post","2":"type-post","3":"status-publish","4":"format-standard","5":"has-post-thumbnail","7":"category-film","8":"tag-blacklock","9":"tag-cabina","10":"tag-cabina-numero","11":"tag-daniel","12":"tag-daniel-ings","13":"tag-david","14":"tag-difendere","15":"tag-difendere-verita","16":"tag-diretto","17":"tag-disposti","18":"tag-donna","19":"tag-donna-cabina","20":"tag-donna-cabina-numero","21":"tag-entertainment","22":"tag-film","23":"tag-giornalista","24":"tag-gugu","25":"tag-gugu-mbatha","26":"tag-gugu-mbatha-raw","27":"tag-guy","28":"tag-guy-pearce","29":"tag-hannah","30":"tag-hannah-waddingham","31":"tag-ings","32":"tag-intrattenimento","33":"tag-it","34":"tag-italia","35":"tag-italy","36":"tag-keira","37":"tag-keira-knightley","38":"tag-knightley","39":"tag-knightley-gugu","40":"tag-laura","41":"tag-movies","42":"tag-netflix","43":"tag-numero","44":"tag-scodelario"},"share_on_mastodon":{"url":"","error":""},"_links":{"self":[{"href":"https:\/\/www.europesays.com\/it\/wp-json\/wp\/v2\/posts\/157051","targetHints":{"allow":["GET"]}}],"collection":[{"href":"https:\/\/www.europesays.com\/it\/wp-json\/wp\/v2\/posts"}],"about":[{"href":"https:\/\/www.europesays.com\/it\/wp-json\/wp\/v2\/types\/post"}],"author":[{"embeddable":true,"href":"https:\/\/www.europesays.com\/it\/wp-json\/wp\/v2\/users\/3"}],"replies":[{"embeddable":true,"href":"https:\/\/www.europesays.com\/it\/wp-json\/wp\/v2\/comments?post=157051"}],"version-history":[{"count":0,"href":"https:\/\/www.europesays.com\/it\/wp-json\/wp\/v2\/posts\/157051\/revisions"}],"wp:featuredmedia":[{"embeddable":true,"href":"https:\/\/www.europesays.com\/it\/wp-json\/wp\/v2\/media\/157052"}],"wp:attachment":[{"href":"https:\/\/www.europesays.com\/it\/wp-json\/wp\/v2\/media?parent=157051"}],"wp:term":[{"taxonomy":"category","embeddable":true,"href":"https:\/\/www.europesays.com\/it\/wp-json\/wp\/v2\/categories?post=157051"},{"taxonomy":"post_tag","embeddable":true,"href":"https:\/\/www.europesays.com\/it\/wp-json\/wp\/v2\/tags?post=157051"}],"curies":[{"name":"wp","href":"https:\/\/api.w.org\/{rel}","templated":true}]}}