{"id":157061,"date":"2025-10-10T09:20:08","date_gmt":"2025-10-10T09:20:08","guid":{"rendered":"https:\/\/www.europesays.com\/it\/157061\/"},"modified":"2025-10-10T09:20:08","modified_gmt":"2025-10-10T09:20:08","slug":"vince-maria-corina-machado-attivista-venezuelana-oppositrice-di-maduro-donna-che-tiene-accesa-fiamma-democrazia","status":"publish","type":"post","link":"https:\/\/www.europesays.com\/it\/157061\/","title":{"rendered":"vince Mar\u00eda Corina Machado, attivista venezuelana oppositrice di Maduro. \u00abDonna che tiene accesa fiamma democrazia\u00bb"},"content":{"rendered":"<ul id=\"liveblog_contenuti_in_evidenza\" class=\"ilmessaggero\">&#13;<\/p>\n<li class=\"label\">Aggiornamenti in evidenza<\/li>\n<p>&#13;<br \/>\n                &#13;<\/p>\n<li class=\"key-update\">&#13;<br \/>\n                <a href=\"http:\/\/www.ilmessaggero.it\/mondo\/nobel_per_la_pace_chi_ha_vinto_trump_ultime_notizie_oggi-9118659.html#update-68521\" rel=\"nofollow noopener\" target=\"_blank\">Nobel per la pace Mar\u00eda Corina Machado<\/a>&#13;\n            <\/li>\n<p>&#13;\n            <\/ul>\n<p>            2025-10-10 11:10:09<br \/>\n            Nobel, &#8216;premiamo donna che tiene accesa fiamma democrazia&#8217; <\/p>\n<p>\u00a0Il premio va a una \u00abcoraggiosa e impegnata paladino della pace\u00bb, \u00abuna donna che mantiene accesa la fiamma della democrazia in mezzo a un&#8217;oscurit\u00e0 crescente\u00bb. Cos\u00ec il comitato del Nobel leggendo la motivazione dell&#8217;assegnazione del premio a Corina Machado. Machado \u00abricever\u00e0 il premio Nobel per la pace per il suo instancabile lavoro nel promuovere i diritti democratici del popolo venezuelano e per la sua lotta per raggiungere una transizione giusta e pacifica dalla dittatura alla democrazia\u00bb, ;;ha affermato il comitato nel suo annuncio.<\/p>\n<p>            2025-10-10 11:06:26<br \/>\n            Nobel per la pace Mar\u00eda Corina Machado<\/p>\n<p>Il premio\u00a0Nobel\u00a0per la pace \u00e8 stato assegnato all&#8217;attivista venezuelana Maria Corina Machado. Lo ha annunciato l&#8217;Istituto\u00a0Nobel\u00a0norvegese durante la cerimonia a Oslo, in Norvegia.\u00a0<\/p>\n<p>\u00a0<\/p>\n<blockquote class=\"twitter-tweet\" wp_automatic_readability=\"6.7002801120448\"><p>&#13;<\/p>\n<p dir=\"ltr\" lang=\"en\">BREAKING NEWS<br \/>&#13;<br \/>\nThe Norwegian Nobel Committee has decided to award the 2025 <a href=\"https:\/\/twitter.com\/hashtag\/NobelPeacePrize?src=hash&amp;ref_src=twsrc%5Etfw\" rel=\"nofollow noopener\" target=\"_blank\">#NobelPeacePrize<\/a> to Maria Corina Machado for her tireless work promoting democratic rights for the people of Venezuela and for her struggle to achieve a just and peaceful transition from dictatorship to\u2026 <a href=\"https:\/\/t.co\/Zgth8KNJk9\" rel=\"nofollow\">pic.twitter.com\/Zgth8KNJk9<\/a><\/p>\n<p>&#13;<br \/>\n\u2014 The Nobel Prize (@NobelPrize) <a href=\"https:\/\/twitter.com\/NobelPrize\/status\/1976573830337327267?ref_src=twsrc%5Etfw\" rel=\"nofollow noopener\" target=\"_blank\">October 10, 2025<\/a><\/p><\/blockquote>\n<p>\u00a0<\/p>\n<p>            2025-10-10 10:57:08<br \/>\n            La diretta del Nobel per la pace<\/p>\n<p>            2025-10-10 09:29:03<br \/>\n            Tajani: Nobel a Trump non \u00e8 scandaloso, i risultati ci sono<\/p>\n<p>Per il ministro degli Esteri Antonio Tajani non \u00e8 \u00abscandaloso\u00bb persare di conferire il Nobel per la Pace a Donald Trump. <\/p>\n<p>Lo ha detto parlando a Mattino Cinque. \u00abPerch\u00e8 scandaloso? &#8211; ha detto rispondendo ad una domanda &#8211; Io credo che abbiano gia deciso prima a chi darlo. Oggi lo sapremo. Ma i risultati ci sono. Pu\u00f2 stare pi\u00f9 o meno simpatico Trump, si pu\u00f2 essere pi\u00f9 o meno d&#8217;accordo con le sue politiche, per\u00f2 \u00e8 oggettivo che abbia lavorato ottenendo un risultato positivo\u00bb.\u00a0<\/p>\n<p>            2025-10-10 09:11:31<br \/>\n            Cremlino: Mosca sostiene la candidatura di Trump al Nobel<\/p>\n<p>La Russia accoglierebbe con favore la decisione di assegnare il Premio\u00a0Nobel\u00a0per la Pace al presidente degli Stati Uniti Donald Trump: ha affermato il consigliere del Cremlino Yury Ushakov, ripreso da Tass. \u00abPenso che s\u00ec, sosterremmo la decisione, se ci venisse chiesto\u00bb, ha dichiarato Ushakov.\u00a0<\/p>\n<p>            2025-10-10 09:11:16<br \/>\n            Le poche speranze di Trump<\/p>\n<p>Quando Joergen Watne Frydnes, il leader del Comitato norvegese per il Nobel, si avviciner\u00e0 al microfono dell&#8217;Istituto norvegese per il Nobel a Oslo alle 11, gli esperti del premio ritengono che sia estremamente improbabile che venga letto il nome di Trump. Secondo il quotidiano norvegese VG, il comitato ha preso la sua decisione luned\u00ec, prima dell&#8217;annuncio dell&#8217;accordo, e anche se i suoi cinque membri ne fossero stati a conoscenza prima di scegliere il premio di quest&#8217;anno, \u00e8 improbabile che abbiano preso una decisione affrettata, sulla quale solitamente discutono per mesi.<br \/>&#13;<br \/>\n\u00a0<\/p>\n<p>                Nobel per la pace, alle 11 il nome <\/p>\n<p>Oggi alle 11 verr\u00e0 annunciato il vincitore del Premio Nobel per la Pace 2025, in un anno oscurato dalla campagna durata mesi del presidente degli Stati Uniti\u00a0Donald Trump\u00a0per aggiudicarsi quello che \u00e8 probabilmente il premio pi\u00f9 prestigioso al mondo.\u00a0Trump ha espresso apertamente il suo desiderio di ricevere un\u00a0premio vinto\u00a0da quattro dei suoi predecessori: Barack Obama nel 2009, Jimmy Carter nel 2002, Woodrow Wilson nel 1919 e Theodore Roosevelt nel 1906. Tutti, tranne Carter, hanno vinto il premio mentre erano in carica, mentre Obama \u00e8 stato nominato vincitore meno di otto mesi dopo l&#8217;insediamento, la stessa posizione in cui si trova Trump ora.<\/p>\n<p>&#13;<br \/>\n    APPROFONDIMENTI&#13;<br \/>\n    &#13;<\/p>\n<p>&#13;<br \/>\n                            \u00a9 RIPRODUZIONE RISERVATA&#13;<\/p>\n<p>&#13;<\/p>\n<p>            <script async src=\"https:\/\/platform.twitter.com\/widgets.js\" charset=\"utf-8\"><\/script><\/p>\n","protected":false},"excerpt":{"rendered":"&#13; Aggiornamenti in evidenza &#13; &#13; &#13; Nobel per la pace Mar\u00eda Corina Machado&#13; &#13; 2025-10-10 11:10:09 Nobel,&hellip;\n","protected":false},"author":3,"featured_media":157062,"comment_status":"","ping_status":"","sticky":false,"template":"","format":"standard","meta":{"footnotes":""},"categories":[160],"tags":[12667,14,164,165,206,166,7,18985,34277,15,96976,243,11,167,12,168,161,162,163],"class_list":{"0":"post-157061","1":"post","2":"type-post","3":"status-publish","4":"format-standard","5":"has-post-thumbnail","7":"category-mondo","8":"tag-accordo-gaza","9":"tag-cronaca","10":"tag-dal-mondo","11":"tag-dalmondo","12":"tag-donald-trump","13":"tag-mondo","14":"tag-news","15":"tag-nobel","16":"tag-nobel-pace","17":"tag-notizie","18":"tag-trump-nobel","19":"tag-ultima-ora","20":"tag-ultime-notizie","21":"tag-ultime-notizie-di-mondo","22":"tag-ultimenotizie","23":"tag-ultimenotiziedimondo","24":"tag-world","25":"tag-world-news","26":"tag-worldnews"},"share_on_mastodon":{"url":"","error":""},"_links":{"self":[{"href":"https:\/\/www.europesays.com\/it\/wp-json\/wp\/v2\/posts\/157061","targetHints":{"allow":["GET"]}}],"collection":[{"href":"https:\/\/www.europesays.com\/it\/wp-json\/wp\/v2\/posts"}],"about":[{"href":"https:\/\/www.europesays.com\/it\/wp-json\/wp\/v2\/types\/post"}],"author":[{"embeddable":true,"href":"https:\/\/www.europesays.com\/it\/wp-json\/wp\/v2\/users\/3"}],"replies":[{"embeddable":true,"href":"https:\/\/www.europesays.com\/it\/wp-json\/wp\/v2\/comments?post=157061"}],"version-history":[{"count":0,"href":"https:\/\/www.europesays.com\/it\/wp-json\/wp\/v2\/posts\/157061\/revisions"}],"wp:featuredmedia":[{"embeddable":true,"href":"https:\/\/www.europesays.com\/it\/wp-json\/wp\/v2\/media\/157062"}],"wp:attachment":[{"href":"https:\/\/www.europesays.com\/it\/wp-json\/wp\/v2\/media?parent=157061"}],"wp:term":[{"taxonomy":"category","embeddable":true,"href":"https:\/\/www.europesays.com\/it\/wp-json\/wp\/v2\/categories?post=157061"},{"taxonomy":"post_tag","embeddable":true,"href":"https:\/\/www.europesays.com\/it\/wp-json\/wp\/v2\/tags?post=157061"}],"curies":[{"name":"wp","href":"https:\/\/api.w.org\/{rel}","templated":true}]}}