{"id":157079,"date":"2025-10-10T09:37:18","date_gmt":"2025-10-10T09:37:18","guid":{"rendered":"https:\/\/www.europesays.com\/it\/157079\/"},"modified":"2025-10-10T09:37:18","modified_gmt":"2025-10-10T09:37:18","slug":"una-casa-bellissima-di-83mq-e-un-atelier-di-idee","status":"publish","type":"post","link":"https:\/\/www.europesays.com\/it\/157079\/","title":{"rendered":"Una casa bellissima di 83mq \u00e8 un atelier di idee"},"content":{"rendered":"<p data-journey-content=\"true\" data-node-id=\"1\" class=\"css-6wxqfj emevuu60\">Quando Jasper Goh, fondatore di <strong data-node-id=\"1.1\">Ascend Design<\/strong>, ha deciso di ristrutturare il proprio appartamento di<strong data-node-id=\"1.3\"> 83 metri quadrati<\/strong> senza ascensore, ha colto l&#8217;occasione come l&#8217;opportunit\u00e0 perfetta per spingere la creativit\u00e0 oltre i limiti convenzionali. Ha trasformato l&#8217;originale appartamento di edilizia popolare con tre camere da letto in uno studio aperto che era <strong data-node-id=\"1.5\">allo stesso tempo casa e laboratorio<\/strong> di idee. \u201c\u00c8 stata un&#8217;opportunit\u00e0 per sperimentare, per essere un po&#8217; pi\u00f9 audace e personale di quanto non sia normalmente in un progetto per un cliente\u201d, spiega Jasper. \u201cOra \u00e8 uno spazio dove posso esplorare le idee che ho sempre voluto provare, sia a livello creativo che emotivo\u201d. <\/p>\n<p data-journey-content=\"true\" data-node-id=\"5\" class=\"css-6wxqfj emevuu60\">In questo modo, il design \u00e8 semplificato all&#8217;essenziale, ma con un&#8217;ispirazione insolita: l&#8217;hotel Further a <a href=\"https:\/\/www.elledecor.com\/it\/viaggi\/g65020201\/soggiorno-bali\/\" target=\"_blank\" data-vars-ga-outbound-link=\"https:\/\/www.elledecor.com\/it\/viaggi\/g65020201\/soggiorno-bali\/\" data-vars-ga-ux-element=\"Hyperlink\" data-vars-ga-call-to-action=\"Bali\" data-node-id=\"5.1\" class=\"body-link css-15fjk10 emevuu60\" rel=\"nofollow noopener\">Bali<\/a>. \u201cQuel posto mi \u00e8 rimasto impresso. Era rilassato ma curato, grezzo ma raffinato. Volevo portare un po&#8217; di quell&#8217;energia a casa mia\u201d, ricorda. Il progetto nasce dalla volont\u00e0 di <strong data-node-id=\"5.3\">aprire gli spazi<\/strong> e lasciare che siano i materiali a dettare la narrazione. Dove prima c&#8217;erano compartimenti, ora predomina la continuit\u00e0 visiva, con proporzioni pulite e superfici che respirano. <a href=\"https:\/\/www.elledecor.com\/it\/case\/a64343796\/casa-natura-texture-margo-kashina\/\" target=\"_blank\" data-vars-ga-outbound-link=\"https:\/\/www.elledecor.com\/it\/case\/a64343796\/casa-natura-texture-margo-kashina\/\" data-vars-ga-ux-element=\"Hyperlink\" data-vars-ga-call-to-action=\"Texture\" data-node-id=\"5.5\" class=\"body-link css-15fjk10 emevuu60\" rel=\"nofollow noopener\">Texture<\/a> forti come<strong data-node-id=\"5.7\"> piastrelle artigianali thailandesi<\/strong>, <a href=\"https:\/\/www.elledecor.com\/it\/lifestyle\/a38196401\/tipi-di-marmo-tipologie-caratteristiche\/\" target=\"_blank\" data-vars-ga-outbound-link=\"https:\/\/www.elledecor.com\/it\/lifestyle\/a38196401\/tipi-di-marmo-tipologie-caratteristiche\/\" data-vars-ga-ux-element=\"Hyperlink\" data-vars-ga-call-to-action=\"marmo verde\" data-node-id=\"5.9\" class=\"body-link css-15fjk10 emevuu60\" rel=\"nofollow noopener\">marmo verde<\/a>, blocchi di cemento a vista, legno di quercia sono gli elementi che costruiscono un dialogo che oscilla tra il grezzo e il raffinato. \u201c<strong data-node-id=\"5.11\">Il design \u00e8 stato semplificato all&#8217;essenziale<\/strong>, permettendo alla fluidit\u00e0 e alla proporzione di guidare lo sguardo\u201d, spiegano dallo studio.  <\/p>\n<p><img draggable=\"true\" alt=\"fundador ascend design reforma fragmentado piso de vivienda publica en un moderno apartamento con azulejos, marmol y vigas expuestas\" title=\"El fundador de Ascend Design reform\u00f3 su fragmentado piso de vivienda p\u00fablica en un moderno apartamento con azulejos, m\u00e1rmol y vigas expuestas\" loading=\"lazy\" width=\"1772\" height=\"2656\" decoding=\"async\" data-nimg=\"1\" style=\"color:transparent;width:100%;height:auto;\"   src=\"https:\/\/www.europesays.com\/it\/wp-content\/uploads\/2025\/10\/ascend-design-33-lim-liak-st-3-68d95dab2722a.jpg\" class=\"css-0 e1g79fud0\"\/><\/p>\n<p>Studio Stacked<\/p>\n<p><img draggable=\"true\" alt=\"fundador ascend design reforma fragmentado piso de vivienda publica en un moderno apartamento con azulejos, marmol y vigas expuestas\" title=\"El fundador de Ascend Design reform\u00f3 su fragmentado piso de vivienda p\u00fablica en un moderno apartamento con azulejos, m\u00e1rmol y vigas expuestas\" loading=\"lazy\" width=\"2362\" height=\"3542\" decoding=\"async\" data-nimg=\"1\" style=\"color:transparent;width:100%;height:auto;\"   src=\"https:\/\/www.europesays.com\/it\/wp-content\/uploads\/2025\/10\/ascend-design-33-lim-liak-st-8-68d95dab1e9cd.jpg\" class=\"css-0 e1g79fud0\"\/><\/p>\n<p>Studio Stacked<\/p>\n<p><img draggable=\"true\" alt=\"fundador ascend design reforma fragmentado piso de vivienda publica en un moderno apartamento con azulejos, marmol y vigas expuestas\" title=\"El fundador de Ascend Design reform\u00f3 su fragmentado piso de vivienda p\u00fablica en un moderno apartamento con azulejos, m\u00e1rmol y vigas expuestas\" loading=\"lazy\" width=\"3543\" height=\"2363\" decoding=\"async\" data-nimg=\"1\" style=\"color:transparent;width:100%;height:auto;\"   src=\"https:\/\/www.europesays.com\/it\/wp-content\/uploads\/2025\/10\/ascend-design-33-lim-liak-st-11-68d95dabd10a7.jpg\" class=\"css-0 e1g79fud0\"\/><\/p>\n<p>Studio Stacked<\/p>\n<p data-journey-content=\"true\" data-node-id=\"9\" class=\"css-6wxqfj emevuu60\">Il salone funge da luogo di riposo e da lavagna creativa. Una delle pareti \u00e8 rivestita in sughero, svolgendo una doppia funzione: pratica, per appendere schizzi e fotografie, ed estetica, conferendo texture e assorbendo il suono. L&#8217;arredamento, <strong data-node-id=\"9.1\">progettato e realizzato su misura<\/strong> da Ascend Design, rafforza la coesione dell&#8217;insieme. Il divano dalle linee pure, il tavolino basso in metallo o la credenza modulare dialogano con poltrone dal design classico, integrando il contemporaneo con pezzi senza tempo. <strong data-node-id=\"9.3\">La cucina diventa un elemento centrale<\/strong> grazie al rivestimento in piastrelle gialle realizzate a mano dagli artigiani di Loqa. Imperfette nella finitura, trasmettono carattere e autenticit\u00e0, ancorando lo spazio con un tocco cromatico caldo. Di fronte a loro, un&#8217;isola in marmo verde intenso offre un contrappunto di peso e raffinatezza, mentre la pavimentazione continua rafforza la sensazione di unit\u00e0.<\/p>\n<p><img draggable=\"true\" alt=\"fundador ascend design reforma fragmentado piso de vivienda publica en un moderno apartamento con azulejos, marmol y vigas expuestas\" title=\"El fundador de Ascend Design reform\u00f3 su fragmentado piso de vivienda p\u00fablica en un moderno apartamento con azulejos, m\u00e1rmol y vigas expuestas\" loading=\"lazy\" width=\"3543\" height=\"2363\" decoding=\"async\" data-nimg=\"1\" style=\"color:transparent;width:100%;height:auto;\"   src=\"https:\/\/www.europesays.com\/it\/wp-content\/uploads\/2025\/10\/ascend-design-33-lim-liak-st-12-68d95ddd382f4.jpg\" class=\"css-0 e1g79fud0\"\/><\/p>\n<p>Studio Stacked<\/p>\n<p><img draggable=\"true\" alt=\"fundador ascend design reforma fragmentado piso de vivienda publica en un moderno apartamento con azulejos, marmol y vigas expuestas\" title=\"El fundador de Ascend Design reform\u00f3 su fragmentado piso de vivienda p\u00fablica en un moderno apartamento con azulejos, m\u00e1rmol y vigas expuestas\" loading=\"lazy\" width=\"1890\" height=\"2833\" decoding=\"async\" data-nimg=\"1\" style=\"color:transparent;width:100%;height:auto;\"   src=\"https:\/\/www.europesays.com\/it\/wp-content\/uploads\/2025\/10\/ascend-design-33-lim-liak-st-14-68d95e0a88212.jpg\" class=\"css-0 e1g79fud0\"\/><\/p>\n<p>Studio Stacked<\/p>\n<p><img draggable=\"true\" alt=\"fundador ascend design reforma fragmentado piso de vivienda publica en un moderno apartamento con azulejos, marmol y vigas expuestas\" title=\"El fundador de Ascend Design reform\u00f3 su fragmentado piso de vivienda p\u00fablica en un moderno apartamento con azulejos, m\u00e1rmol y vigas expuestas\" loading=\"lazy\" width=\"3189\" height=\"2127\" decoding=\"async\" data-nimg=\"1\" style=\"color:transparent;width:100%;height:auto;\"   src=\"https:\/\/www.europesays.com\/it\/wp-content\/uploads\/2025\/10\/ascend-design-33-lim-liak-st-13-68d95e0a5692b.jpg\" class=\"css-0 e1g79fud0\"\/><\/p>\n<p>Studio Stacked<\/p>\n<p><img draggable=\"true\" alt=\"fundador ascend design reforma fragmentado piso de vivienda publica en un moderno apartamento con azulejos, marmol y vigas expuestas\" title=\"El fundador de Ascend Design reform\u00f3 su fragmentado piso de vivienda p\u00fablica en un moderno apartamento con azulejos, m\u00e1rmol y vigas expuestas\" loading=\"lazy\" width=\"2362\" height=\"3542\" decoding=\"async\" data-nimg=\"1\" style=\"color:transparent;width:100%;height:auto;\"   src=\"https:\/\/www.europesays.com\/it\/wp-content\/uploads\/2025\/10\/ascend-design-33-lim-liak-st-16-68d95e0a999f0.jpg\" class=\"css-0 e1g79fud0\"\/><\/p>\n<p>Studio Stacked<\/p>\n<p data-journey-content=\"true\" data-node-id=\"16\" class=\"css-6wxqfj emevuu60\">Trattandosi di un alloggio pubblico, c&#8217;erano alcune limitazioni strutturali. Ad esempio, il bagno e le travi erano elementi impossibili da eliminare, quindi Jasper ha deciso di integrarli. &#8220;Invece di cercare di nasconderli, ho deciso di lavorare con loro.<strong data-node-id=\"16.1\"> Il bagno ora funge da ponte tra la camera da letto<\/strong> e la zona giorno, e ho mantenuto le travi a vista come parte del design: ora aggiungono texture e storia invece di sembrare ostacoli&#8221;.<\/p>\n<p><img draggable=\"true\" alt=\"fundador ascend design reforma fragmentado piso de vivienda publica en un moderno apartamento con azulejos, marmol y vigas expuestas\" title=\"El fundador de Ascend Design reform\u00f3 su fragmentado piso de vivienda p\u00fablica en un moderno apartamento con azulejos, m\u00e1rmol y vigas expuestas\" loading=\"lazy\" width=\"2953\" height=\"3691\" decoding=\"async\" data-nimg=\"1\" style=\"color:transparent;width:100%;height:auto;\"   src=\"https:\/\/www.europesays.com\/it\/wp-content\/uploads\/2025\/10\/ascend-design-33-lim-liak-st-23-68d95e6d04431.jpg\" class=\"css-0 e1g79fud0\"\/><\/p>\n<p>Studio Stacked<\/p>\n<p><img draggable=\"true\" alt=\"fundador ascend design reforma fragmentado piso de vivienda publica en un moderno apartamento con azulejos, marmol y vigas expuestas\" title=\"El fundador de Ascend Design reform\u00f3 su fragmentado piso de vivienda p\u00fablica en un moderno apartamento con azulejos, m\u00e1rmol y vigas expuestas\" loading=\"lazy\" width=\"2598\" height=\"3896\" decoding=\"async\" data-nimg=\"1\" style=\"color:transparent;width:100%;height:auto;\"   src=\"https:\/\/www.europesays.com\/it\/wp-content\/uploads\/2025\/10\/ascend-design-33-lim-liak-st-28-68d95e6d03e99.jpg\" class=\"css-0 e1g79fud0\"\/><\/p>\n<p>Studio Stacked<\/p>\n<p><img draggable=\"true\" alt=\"fundador ascend design reforma fragmentado piso de vivienda publica en un moderno apartamento con azulejos, marmol y vigas expuestas\" title=\"El fundador de Ascend Design reform\u00f3 su fragmentado piso de vivienda p\u00fablica en un moderno apartamento con azulejos, m\u00e1rmol y vigas expuestas\" loading=\"lazy\" width=\"3543\" height=\"2363\" decoding=\"async\" data-nimg=\"1\" style=\"color:transparent;width:100%;height:auto;\"   src=\"https:\/\/www.europesays.com\/it\/wp-content\/uploads\/2025\/10\/ascend-design-33-lim-liak-st-25-68d95e6cd74a3.jpg\" class=\"css-0 e1g79fud0\"\/><\/p>\n<p>Studio Stacked<\/p>\n<p data-journey-content=\"true\" data-node-id=\"22\" class=\"css-6wxqfj emevuu60\">Nella camera da letto, Jasper ha deciso di portare la sua ricerca di atmosfere un passo avanti. Una palette di verdi intensi avvolge lo spazio, dal soffitto dipinto in tonalit\u00e0 verde bosco alla biancheria da letto, passando per la cabina armadio. \u201c\u00c8 sottile, ma cambia davvero l&#8217;atmosfera dello spazio\u201d, spiega. Questo espediente visivo riduce la percezione dell&#8217;altezza e crea un&#8217;<strong data-node-id=\"22.1\">atmosfera avvolgente, quasi immersiv<\/strong>a. Da un lato, un&#8217;opera d&#8217;arte con la parola \u201cNike\u201d dipinta con graffiti aggiunge una sfumatura personale e irriverente. La zona notte \u00e8 completata da un bagno in marmo verde, concepito come un piccolo santuario. Il design introduce il concetto di <strong data-node-id=\"22.3\">lusso discreto<\/strong>, dove la materialit\u00e0 diventa un&#8217;esperienza tattile e sensoriale. I rubinetti dell&#8217;azienda australiana Meir, dalle linee pulite, completano la composizione con sobria funzionalit\u00e0.<\/p>\n<p><img draggable=\"true\" alt=\"fundador ascend design reforma fragmentado piso de vivienda publica en un moderno apartamento con azulejos, marmol y vigas expuestas\" title=\"El fundador de Ascend Design reform\u00f3 su fragmentado piso de vivienda p\u00fablica en un moderno apartamento con azulejos, m\u00e1rmol y vigas expuestas\" loading=\"lazy\" width=\"2362\" height=\"3542\" decoding=\"async\" data-nimg=\"1\" style=\"color:transparent;width:100%;height:auto;\"   src=\"https:\/\/www.europesays.com\/it\/wp-content\/uploads\/2025\/10\/ascend-design-33-lim-liak-st-22-68d95e3af3990.jpg\" class=\"css-0 e1g79fud0\"\/><\/p>\n<p>Studio Stacked<\/p>\n<p><img draggable=\"true\" alt=\"fundador ascend design reforma fragmentado piso de vivienda publica en un moderno apartamento con azulejos, marmol y vigas expuestas\" title=\"El fundador de Ascend Design reform\u00f3 su fragmentado piso de vivienda p\u00fablica en un moderno apartamento con azulejos, m\u00e1rmol y vigas expuestas\" loading=\"lazy\" width=\"2362\" height=\"3542\" decoding=\"async\" data-nimg=\"1\" style=\"color:transparent;width:100%;height:auto;\"   src=\"https:\/\/www.europesays.com\/it\/wp-content\/uploads\/2025\/10\/ascend-design-33-lim-liak-st-19-68d95e3a3b2b1.jpg\" class=\"css-0 e1g79fud0\"\/><\/p>\n<p>Studio Stacked<\/p>\n<p><img draggable=\"true\" alt=\"fundador ascend design reforma fragmentado piso de vivienda publica en un moderno apartamento con azulejos, marmol y vigas expuestas\" title=\"El fundador de Ascend Design reform\u00f3 su fragmentado piso de vivienda p\u00fablica en un moderno apartamento con azulejos, m\u00e1rmol y vigas expuestas\" loading=\"lazy\" width=\"2362\" height=\"2953\" decoding=\"async\" data-nimg=\"1\" style=\"color:transparent;width:100%;height:auto;\"   src=\"https:\/\/www.europesays.com\/it\/wp-content\/uploads\/2025\/10\/ascend-design-33-lim-liak-st-18-68d95e3a37697.jpg\" class=\"css-0 e1g79fud0\"\/><\/p>\n<p>Studio Stacked<\/p>\n<p><img draggable=\"true\" alt=\"fundador ascend design reforma fragmentado piso de vivienda publica en un moderno apartamento con azulejos, marmol y vigas expuestas\" title=\"El fundador de Ascend Design reform\u00f3 su fragmentado piso de vivienda p\u00fablica en un moderno apartamento con azulejos, m\u00e1rmol y vigas expuestas\" loading=\"lazy\" width=\"2362\" height=\"3542\" decoding=\"async\" data-nimg=\"1\" style=\"color:transparent;width:100%;height:auto;\"   src=\"https:\/\/www.europesays.com\/it\/wp-content\/uploads\/2025\/10\/ascend-design-33-lim-liak-st-21-68d95e3a2612c.jpg\" class=\"css-0 e1g79fud0\"\/><\/p>\n<p>Studio Stacked<\/p>\n<p><img draggable=\"true\" alt=\"fundador ascend design reforma fragmentado piso de vivienda publica en un moderno apartamento con azulejos, marmol y vigas expuestas\" title=\"El fundador de Ascend Design reform\u00f3 su fragmentado piso de vivienda p\u00fablica en un moderno apartamento con azulejos, m\u00e1rmol y vigas expuestas\" loading=\"lazy\" width=\"1772\" height=\"2656\" decoding=\"async\" data-nimg=\"1\" style=\"color:transparent;width:100%;height:auto;\"   src=\"https:\/\/www.europesays.com\/it\/wp-content\/uploads\/2025\/10\/ascend-design-33-lim-liak-st-30-68d95e8e98537.jpg\" class=\"css-0 e1g79fud0\"\/><\/p>\n<p>Studio Stacked<\/p>\n<p data-journey-content=\"true\" data-node-id=\"29\" class=\"css-6wxqfj emevuu60\"><a href=\"https:\/\/ascenddesign.sg\/\" target=\"_blank\" rel=\"nofollow noopener\" data-vars-ga-outbound-link=\"https:\/\/ascenddesign.sg\/\" data-vars-ga-ux-element=\"Hyperlink\" data-vars-ga-call-to-action=\"www.ascenddesign.sg\" data-node-id=\"29.0\" class=\"body-link css-15fjk10 emevuu60\">www.ascenddesign.sg<\/a><\/p>\n<p data-journey-content=\"true\" data-node-id=\"30\" class=\"css-6wxqfj emevuu60\">Da <a href=\"https:\/\/www.elledecor.com\/es\/casas\/a68101815\/disenador-reforma-piso-abrir-espacios\/\" target=\"_blank\" data-vars-ga-outbound-link=\"https:\/\/www.elledecor.com\/es\/casas\/a68101815\/disenador-reforma-piso-abrir-espacios\/\" data-vars-ga-ux-element=\"Hyperlink\" data-vars-ga-call-to-action=\"ELLE Decor ES\" data-node-id=\"30.1\" class=\"body-link css-15fjk10 emevuu60\" rel=\"nofollow noopener\">ELLE Decor ES<\/a><\/p>\n<p>Tappeti in&amp;outdoor<a target=\"_blank\" rel=\"nofollow noopener\" data-theme-key=\"product-image-wrapper\" href=\"https:\/\/click.linksynergy.com\/deeplink?id=2fv8O7DnZlc&amp;mid=49049&amp;murl=https%3A%2F%2Fwww.westwing.it%2Ftappeto-in-viscosa-tessuto-a-mano-jane-59912.html%3F&amp;u1=edcit|xid:{xid}\" aria-label=\"429\u00a0\u20ac su westwing.it per Tappeto in viscosa fatto a mano Jane\" data-href=\"https:\/\/www.westwing.it\/tappeto-in-viscosa-tessuto-a-mano-jane-59912.html?\" data-product-url=\"https:\/\/www.westwing.it\/tappeto-in-viscosa-tessuto-a-mano-jane-59912.html?\" data-affiliate=\"true\" data-affiliate-url=\"https:\/\/click.linksynergy.com\/deeplink?id=2fv8O7DnZlc&amp;mid=49049&amp;murl=https%3A%2F%2Fwww.westwing.it%2Ftappeto-in-viscosa-tessuto-a-mano-jane-59912.html%3F&amp;u1=edcit|xid:{xid}\" data-affiliate-network=\"{&quot;site_id&quot;:&quot;0550d705-7712-4019-a8b2-0f35da30918c&quot;,&quot;metadata&quot;:{&quot;trackonomics&quot;:{&quot;network_name&quot;:&quot;ls&quot;}},&quot;network&quot;:{&quot;name&quot;:&quot;Trackonomics&quot;},&quot;product_metadata&quot;:{&quot;0550d705-7712-4019-a8b2-0f35da30918c&quot;:{&quot;network_name&quot;:&quot;ls&quot;,&quot;link&quot;:&quot;https:\/\/click.linksynergy.com\/deeplink?id=2fv8O7DnZlc&amp;mid=49049&amp;murl=https%3A%2F%2Fwww.westwing.it%2Ftappeto-in-viscosa-tessuto-a-mano-jane-59912.html%3F&amp;u1={subid}&quot;}},&quot;afflink_redirect&quot;:&quot;\/_p\/afflink\/vX5C\/westwing-tappeto-in-viscosa-fatto-a&quot;}\" data-vars-ga-call-to-action=\"429\u00a0\u20ac su westwing.it\" data-vars-ga-media-role=\"1\" data-vars-ga-media-type=\"Embedded Gallery List\" data-vars-ga-outbound-link=\"https:\/\/www.westwing.it\/tappeto-in-viscosa-tessuto-a-mano-jane-59912.html?\" data-vars-ga-product-id=\"4f4adc1b-8fb8-462f-a7f0-afb84d38fe79\" data-vars-ga-product-price=\"429,00\u00a0\u20ac\" data-vars-ga-product-retailer-id=\"490641d6-24e3-4954-ae88-86f62c435568\" data-vars-ga-gallery-display=\"list\" data-vars-ga-link-treatment=\"(not set) | (not set)\" data-vars-ga-sku=\"59912\" data-vars-ga-magento-tracking=\"1\" class=\"product-image-link ebgq4gw2 e1b8bpvs0 css-g6od0w e1c1bym14\"><img  alt=\"Tappeto in viscosa fatto a mano Jane\" title=\"Tappeto in viscosa fatto a mano Jane\" src=\"https:\/\/www.europesays.com\/it\/wp-content\/uploads\/2025\/10\/1760089037_661_1749724460-DEQ16POR76076-132282_c69734b80a3400bc1cef4c097979ad18_dtl_1.jpg\" width=\"1140\" height=\"1520\" decoding=\"async\" loading=\"lazy\"\/><\/a>Tappeto in viscosa fatto a mano JaneCredit: Courtesy photo<a target=\"_blank\" rel=\"nofollow noopener\" data-theme-key=\"product-image-wrapper\" href=\"https:\/\/click.linksynergy.com\/deeplink?id=2fv8O7DnZlc&amp;mid=49049&amp;murl=https%3A%2F%2Fwww.westwing.it%2Ftappeto-morbido-a-pelo-lungo-leighton-150729.html%3F&amp;u1=edcit|xid:{xid}\" aria-label=\"78\u00a0\u20ac su westwing.it per Passatoia morbida a pelo lungo Leighton\" data-href=\"https:\/\/www.westwing.it\/tappeto-morbido-a-pelo-lungo-leighton-150729.html?\" data-product-url=\"https:\/\/www.westwing.it\/tappeto-morbido-a-pelo-lungo-leighton-150729.html?\" data-affiliate=\"true\" data-affiliate-url=\"https:\/\/click.linksynergy.com\/deeplink?id=2fv8O7DnZlc&amp;mid=49049&amp;murl=https%3A%2F%2Fwww.westwing.it%2Ftappeto-morbido-a-pelo-lungo-leighton-150729.html%3F&amp;u1=edcit|xid:{xid}\" data-affiliate-network=\"{&quot;site_id&quot;:&quot;0550d705-7712-4019-a8b2-0f35da30918c&quot;,&quot;metadata&quot;:{&quot;trackonomics&quot;:{&quot;network_name&quot;:&quot;ls&quot;}},&quot;network&quot;:{&quot;name&quot;:&quot;Trackonomics&quot;},&quot;product_metadata&quot;:{&quot;0550d705-7712-4019-a8b2-0f35da30918c&quot;:{&quot;network_name&quot;:&quot;ls&quot;,&quot;link&quot;:&quot;https:\/\/click.linksynergy.com\/deeplink?id=2fv8O7DnZlc&amp;mid=49049&amp;murl=https%3A%2F%2Fwww.westwing.it%2Ftappeto-morbido-a-pelo-lungo-leighton-150729.html%3F&amp;u1={subid}&quot;}},&quot;afflink_redirect&quot;:&quot;\/_p\/afflink\/vX5D\/westwing-passatoia-morbida-a-pelo-lungo&quot;}\" data-vars-ga-call-to-action=\"78\u00a0\u20ac su westwing.it\" data-vars-ga-media-role=\"1\" data-vars-ga-media-type=\"Embedded Gallery List\" data-vars-ga-outbound-link=\"https:\/\/www.westwing.it\/tappeto-morbido-a-pelo-lungo-leighton-150729.html?\" data-vars-ga-product-id=\"27684c30-9837-4c73-bbe5-ec4e29f53be1\" data-vars-ga-product-price=\"77,99\u00a0\u20ac\" data-vars-ga-product-retailer-id=\"71e10cfe-ad29-4542-88e4-0a627d16c492\" data-vars-ga-gallery-display=\"list\" data-vars-ga-link-treatment=\"(not set) | (not set)\" data-vars-ga-sku=\"150729\" data-vars-ga-magento-tracking=\"1\" class=\"product-image-link ebgq4gw2 e1b8bpvs0 css-g6od0w e1c1bym14\"><img  alt=\"Passatoia morbida a pelo lungo Leighton\" title=\"Passatoia morbida a pelo lungo Leighton\" src=\"https:\/\/www.europesays.com\/it\/wp-content\/uploads\/2025\/10\/1760089037_148_1749724534-DEQ23WES88125-193139_d5b600f87de740fe56bf01e20704ecdb_dtl_1.jpg\" width=\"1140\" height=\"1520\" decoding=\"async\" loading=\"lazy\"\/><\/a>Passatoia morbida a pelo lungo LeightonCredit: Courtesy photo<a target=\"_blank\" rel=\"nofollow noopener\" data-theme-key=\"product-image-wrapper\" href=\"https:\/\/click.linksynergy.com\/deeplink?id=2fv8O7DnZlc&amp;mid=49049&amp;murl=https%3A%2F%2Fwww.westwing.it%2Ftappeto-tessuto-a-mano-da-esterno-interno-lyla-157895.html&amp;u1=edcit|xid:{xid}\" aria-label=\"78\u00a0\u20ac su westwing.it per Tappeto tessuto a mano da interno-esterno Lyla\" data-href=\"https:\/\/www.westwing.it\/tappeto-tessuto-a-mano-da-esterno-interno-lyla-157895.html\" data-product-url=\"https:\/\/www.westwing.it\/tappeto-tessuto-a-mano-da-esterno-interno-lyla-157895.html\" data-affiliate=\"true\" data-affiliate-url=\"https:\/\/click.linksynergy.com\/deeplink?id=2fv8O7DnZlc&amp;mid=49049&amp;murl=https%3A%2F%2Fwww.westwing.it%2Ftappeto-tessuto-a-mano-da-esterno-interno-lyla-157895.html&amp;u1=edcit|xid:{xid}\" data-affiliate-network=\"{&quot;site_id&quot;:&quot;0550d705-7712-4019-a8b2-0f35da30918c&quot;,&quot;metadata&quot;:{&quot;trackonomics&quot;:{&quot;network_name&quot;:&quot;ls&quot;}},&quot;network&quot;:{&quot;name&quot;:&quot;Trackonomics&quot;},&quot;product_metadata&quot;:{&quot;0550d705-7712-4019-a8b2-0f35da30918c&quot;:{&quot;network_name&quot;:&quot;ls&quot;,&quot;link&quot;:&quot;https:\/\/click.linksynergy.com\/deeplink?id=2fv8O7DnZlc&amp;mid=49049&amp;murl=https%3A%2F%2Fwww.westwing.it%2Ftappeto-tessuto-a-mano-da-esterno-interno-lyla-157895.html&amp;u1={subid}&quot;}},&quot;afflink_redirect&quot;:&quot;\/_p\/afflink\/vX5R\/westwing-tappeto-tessuto-a-mano-da&quot;}\" data-vars-ga-call-to-action=\"78\u00a0\u20ac su westwing.it\" data-vars-ga-media-role=\"1\" data-vars-ga-media-type=\"Embedded Gallery List\" data-vars-ga-outbound-link=\"https:\/\/www.westwing.it\/tappeto-tessuto-a-mano-da-esterno-interno-lyla-157895.html\" data-vars-ga-product-id=\"725cc36f-a1ab-4c22-9e33-3d91f9b2bc6c\" data-vars-ga-product-price=\"77,99\u00a0\u20ac\" data-vars-ga-product-retailer-id=\"23d4e01c-2785-4903-bde9-d717f1422240\" data-vars-ga-gallery-display=\"list\" data-vars-ga-link-treatment=\"(not set) | (not set)\" data-vars-ga-sku=\"157895\" data-vars-ga-magento-tracking=\"1\" class=\"product-image-link ebgq4gw2 e1b8bpvs0 css-g6od0w e1c1bym14\"><img  alt=\"Tappeto tessuto a mano da interno-esterno Lyla\" title=\"Tappeto tessuto a mano da interno-esterno Lyla\" src=\"https:\/\/www.europesays.com\/it\/wp-content\/uploads\/2025\/10\/1760089037_644_1749724612-DEQ23WES86931-202754_12a671b30b9875f6a308e950a0ce7c56_dtl_1.jpg\" width=\"1140\" height=\"1520\" decoding=\"async\" loading=\"lazy\"\/><\/a>Tappeto tessuto a mano da interno-esterno LylaCredit: Courtesy photo<a target=\"_blank\" rel=\"nofollow noopener\" data-theme-key=\"product-image-wrapper\" href=\"https:\/\/click.linksynergy.com\/deeplink?id=2fv8O7DnZlc&amp;mid=49049&amp;murl=https%3A%2F%2Fwww.westwing.it%2Ftappeto-in-lana-taftato-a-mano-dalla-forma-organica-kadey-140637.html&amp;u1=edcit|xid:{xid}\" aria-label=\"219\u00a0\u20ac su westwing.it per Tappeto in lana dalla forma organica fatto a mano Kadey\" data-href=\"https:\/\/www.westwing.it\/tappeto-in-lana-taftato-a-mano-dalla-forma-organica-kadey-140637.html\" data-product-url=\"https:\/\/www.westwing.it\/tappeto-in-lana-taftato-a-mano-dalla-forma-organica-kadey-140637.html\" data-affiliate=\"true\" data-affiliate-url=\"https:\/\/click.linksynergy.com\/deeplink?id=2fv8O7DnZlc&amp;mid=49049&amp;murl=https%3A%2F%2Fwww.westwing.it%2Ftappeto-in-lana-taftato-a-mano-dalla-forma-organica-kadey-140637.html&amp;u1=edcit|xid:{xid}\" data-affiliate-network=\"{&quot;site_id&quot;:&quot;0550d705-7712-4019-a8b2-0f35da30918c&quot;,&quot;metadata&quot;:{&quot;trackonomics&quot;:{&quot;network_name&quot;:&quot;ls&quot;}},&quot;network&quot;:{&quot;name&quot;:&quot;Trackonomics&quot;},&quot;product_metadata&quot;:{&quot;0550d705-7712-4019-a8b2-0f35da30918c&quot;:{&quot;network_name&quot;:&quot;ls&quot;,&quot;link&quot;:&quot;https:\/\/click.linksynergy.com\/deeplink?id=2fv8O7DnZlc&amp;mid=49049&amp;murl=https%3A%2F%2Fwww.westwing.it%2Ftappeto-in-lana-taftato-a-mano-dalla-forma-organica-kadey-140637.html&amp;u1={subid}&quot;}},&quot;afflink_redirect&quot;:&quot;\/_p\/afflink\/vX5I\/westwing-tappeto-in-lana-dalla-forma&quot;}\" data-vars-ga-call-to-action=\"219\u00a0\u20ac su westwing.it\" data-vars-ga-media-role=\"1\" data-vars-ga-media-type=\"Embedded Gallery List\" data-vars-ga-outbound-link=\"https:\/\/www.westwing.it\/tappeto-in-lana-taftato-a-mano-dalla-forma-organica-kadey-140637.html\" data-vars-ga-product-id=\"93a86c05-c6c2-4c2e-ae76-51ab60f17d96\" data-vars-ga-product-price=\"219,00\u00a0\u20ac\" data-vars-ga-product-retailer-id=\"be79fa2e-9e25-4fb6-9e4e-5837773e88be\" data-vars-ga-gallery-display=\"list\" data-vars-ga-link-treatment=\"(not set) | (not set)\" data-vars-ga-sku=\"140637\" data-vars-ga-magento-tracking=\"1\" class=\"product-image-link ebgq4gw2 e1b8bpvs0 css-g6od0w e1c1bym14\"><img  alt=\"Tappeto in lana dalla forma organica fatto a mano Kadey\" title=\"Tappeto in lana dalla forma organica fatto a mano Kadey\" src=\"https:\/\/www.europesays.com\/it\/wp-content\/uploads\/2025\/10\/1760089038_552_1749724579-DEQ22WES31566-178004_07d330cc5f2ffcb5d4d4e955ae4d354b_dtl_1.jpg\" width=\"1140\" height=\"1520\" decoding=\"async\" loading=\"lazy\"\/><\/a>Tappeto in lana dalla forma organica fatto a mano KadeyCredit: Courtesy photoRelated Stories<img src=\"https:\/\/www.europesays.com\/it\/wp-content\/uploads\/2025\/10\/1760089038_709_50497c57-8621-4a84-9b8c-4a48e0ae277b_1734433552.jpg\" alt=\"Headshot of Gala Mora\" title=\"Headshot of Gala Mora\" width=\"100%\" height=\"100%\" decoding=\"async\" loading=\"lazy\" class=\"css-o0wq4v ev8dhu53\"\/><\/p>\n<p>Gala Mora \u00e8 specializzata in architettura, design, interior design e lifestyle. Tutto ci\u00f2 che ha a che fare con il concetto di \u00abcasa\u00bb \u00e8 sacro alla sua devozione e persino la sua cerchia pi\u00f9 stretta gli chiede consigli per ristrutturare, acquistare, decorare o apportare alcune modifiche. Ama scrivere e sembra fortunato a poterlo fare sugli argomenti che pi\u00f9 gli appassionano. Ecco perch\u00e9 quando cammina per il mondo \u00e8 sempre attento alle mostre, agli stili di costruzione, all&#8217;urbanistica e, se glielo permettono, sbircia dalle finestre per vedere come le persone guardano le loro case. Un vero voyeur casalingo. Ha scritto due libri di interior design, Barcelona Interiors e Ibiza Interiors, entrambi pubblicati da Lannoo. Con oltre 20 anni di esperienza, si \u00e8 laureato in Scienze dell&#8217;Informazione presso l&#8217;Universit\u00e0 Complutense di Madrid e ha conseguito un Master in Comunicazione Integrale e un altro in Comunicazione e Gestione Politica. \u00c8 stata redattrice capo della rivista Glamour, direttrice di MMModa, responsabile stampa dell&#8217;azienda di abbigliamento Desigual e per diversi anni \u00e8 stata freelance, collaborando con media come AD, Manera, Architecture and Design, gestendo reti immobiliari e scrivendo il blog di aziende automobilistiche. Il suo rapporto con il gruppo Hearst \u00e8 iniziato con Runner&#8217;s e Men&#8217;s Health, testiere con cui continua a collaborare e alle quali ha aggiunto Elle Decor e New Style, con i quali ha iniziato una storia che spera che, come direbbe Humphrey Bogart, sia solo l&#8217;inizio di una bellissima amicizia.<\/p>\n","protected":false},"excerpt":{"rendered":"Quando Jasper Goh, fondatore di Ascend Design, ha deciso di ristrutturare il proprio appartamento di 83 metri quadrati&hellip;\n","protected":false},"author":3,"featured_media":157080,"comment_status":"","ping_status":"","sticky":false,"template":"","format":"standard","meta":{"footnotes":""},"categories":[1446],"tags":[1615,1613,1614,1611,1610,2366,1612,1616,203,204,1537,90,89,4947,96998],"class_list":{"0":"post-157079","1":"post","2":"type-post","3":"status-publish","4":"format-standard","5":"has-post-thumbnail","7":"category-arte-e-design","8":"tag-arte","9":"tag-arte-e-design","10":"tag-arteedesign","11":"tag-arts","12":"tag-arts-and-design","13":"tag-casa-bellissima","14":"tag-design","15":"tag-discover","16":"tag-entertainment","17":"tag-intrattenimento","18":"tag-it","19":"tag-italia","20":"tag-italy","21":"tag-laboratorio","22":"tag-lusso-discreto"},"share_on_mastodon":{"url":"","error":""},"_links":{"self":[{"href":"https:\/\/www.europesays.com\/it\/wp-json\/wp\/v2\/posts\/157079","targetHints":{"allow":["GET"]}}],"collection":[{"href":"https:\/\/www.europesays.com\/it\/wp-json\/wp\/v2\/posts"}],"about":[{"href":"https:\/\/www.europesays.com\/it\/wp-json\/wp\/v2\/types\/post"}],"author":[{"embeddable":true,"href":"https:\/\/www.europesays.com\/it\/wp-json\/wp\/v2\/users\/3"}],"replies":[{"embeddable":true,"href":"https:\/\/www.europesays.com\/it\/wp-json\/wp\/v2\/comments?post=157079"}],"version-history":[{"count":0,"href":"https:\/\/www.europesays.com\/it\/wp-json\/wp\/v2\/posts\/157079\/revisions"}],"wp:featuredmedia":[{"embeddable":true,"href":"https:\/\/www.europesays.com\/it\/wp-json\/wp\/v2\/media\/157080"}],"wp:attachment":[{"href":"https:\/\/www.europesays.com\/it\/wp-json\/wp\/v2\/media?parent=157079"}],"wp:term":[{"taxonomy":"category","embeddable":true,"href":"https:\/\/www.europesays.com\/it\/wp-json\/wp\/v2\/categories?post=157079"},{"taxonomy":"post_tag","embeddable":true,"href":"https:\/\/www.europesays.com\/it\/wp-json\/wp\/v2\/tags?post=157079"}],"curies":[{"name":"wp","href":"https:\/\/api.w.org\/{rel}","templated":true}]}}