{"id":157088,"date":"2025-10-10T09:42:14","date_gmt":"2025-10-10T09:42:14","guid":{"rendered":"https:\/\/www.europesays.com\/it\/157088\/"},"modified":"2025-10-10T09:42:14","modified_gmt":"2025-10-10T09:42:14","slug":"milan-ibrahimovic-difende-leao-e-magia-ha-vinto-da-solo-sono-ancora-dio-credo-allo-scudetto","status":"publish","type":"post","link":"https:\/\/www.europesays.com\/it\/157088\/","title":{"rendered":"Milan, Ibrahimovic difende Leao: &#8220;\u00c8 magia, ha vinto da solo. Sono ancora Dio, credo allo Scudetto&#8221;"},"content":{"rendered":"<p>Il dirigente rossonero coccola l&#8217;attaccante portoghese, bersagliato dalle critiche dopo gli ingressi dalla panchina contro Napoli e Juventus.<\/p>\n<p>Bastone e carota. A Casa <strong>Milan<\/strong> si utilizza questo metodo per cercare di rivitalizzare <strong>Rafael Leao<\/strong>, bersagliato dalle critiche dopo gli ingressi dalla panchina nelle ultime due partite di campionato giocate contro Napoli e Juventus.\n<\/p>\n<p><strong>Il dirigente rossonero Zlatan Ibrahimovic<\/strong>, in un&#8217;intervista a La Gazzetta dello Sport, parla cos\u00ec dell&#8217;attaccante portoghese: &#8220;C&#8217;\u00e8 un allenatore, se posso aiutare senza disturbare lo faccio. Ma non vai sopra l&#8217;allenatore, lo metti solo in difficolt\u00e0. Io posso essere pi\u00f9 amico di lui dei giocatori, poi sono sempre Ibra con l&#8217;esperienza di Ibra. <strong>Prima avevo solo la modalit\u00e0 strong, ora ho imparato che per entrare nella testa dei giocatori a volte devi essere pi\u00f9 soft. A Torino ero nello spogliatoio. Erano tutti arrabbiati, tutti, pure Allegri, perch\u00e9 si poteva vincere. E anche Leao. Ricordiamoci che durante la preparazione era il migliore, poi \u00e8 stato fuori due mesi, ora deve tornare in forma. Chiaro che ci aspettiamo la magia, perch\u00e9 Leao \u00e8 magia! Chiaro che parleremo sempre di lui, perch\u00e9 \u00e8 uno dei giocatori pi\u00f9 forti al mondo. L&#8217;ho visto ragazzino, adesso ha due figli: \u00e8 un percorso. Io sono diventato maturo a 28 anni. E comunque quando abbiamo vinto lo scudetto posso dire che lo ha vinto da solo. <\/strong>C&#8217;ero anch&#8217;io? Non prendo crediti, voglio darli agli altri. Quell&#8217;anno a inizio stagione ho chiesto: quanti hanno vinto qualcosa? Hanno alzato la mano in uno, forse due. E quanti hanno giocato in Champions? Di nuovo, uno-due. Era un gruppo che aveva bisogno di un giocatore alfa, un leader. Era tutto un &#8220;Ibra andiamo a destra o a sinistra?&#8221;. Quando perdevamo dicevo &#8220;mandate solo me a parlare&#8221; cos\u00ec lasciavamo la squadra tranquilla: per me era come fare colazione. \u00c8 nato un gruppo che ha cominciato a volare. Quando abbiamo vinto lo scudetto li ho visti piangere, \u00e8 stata la soddisfazione pi\u00f9 bella. Ma io lo avevo detto subito il primo giorno&#8221;.<\/p>\n","protected":false},"excerpt":{"rendered":"Il dirigente rossonero coccola l&#8217;attaccante portoghese, bersagliato dalle critiche dopo gli ingressi dalla panchina contro Napoli e Juventus.&hellip;\n","protected":false},"author":3,"featured_media":157089,"comment_status":"","ping_status":"","sticky":false,"template":"","format":"standard","meta":{"footnotes":""},"categories":[176],"tags":[1744,1537,90,89,20610,251,245,244,37242],"class_list":{"0":"post-157088","1":"post","2":"type-post","3":"status-publish","4":"format-standard","5":"has-post-thumbnail","7":"category-sport","8":"tag-ac-milan","9":"tag-it","10":"tag-italia","11":"tag-italy","12":"tag-r-leao","13":"tag-serie-a","14":"tag-sport","15":"tag-sports","16":"tag-z-ibrahimovic"},"share_on_mastodon":{"url":"","error":""},"_links":{"self":[{"href":"https:\/\/www.europesays.com\/it\/wp-json\/wp\/v2\/posts\/157088","targetHints":{"allow":["GET"]}}],"collection":[{"href":"https:\/\/www.europesays.com\/it\/wp-json\/wp\/v2\/posts"}],"about":[{"href":"https:\/\/www.europesays.com\/it\/wp-json\/wp\/v2\/types\/post"}],"author":[{"embeddable":true,"href":"https:\/\/www.europesays.com\/it\/wp-json\/wp\/v2\/users\/3"}],"replies":[{"embeddable":true,"href":"https:\/\/www.europesays.com\/it\/wp-json\/wp\/v2\/comments?post=157088"}],"version-history":[{"count":0,"href":"https:\/\/www.europesays.com\/it\/wp-json\/wp\/v2\/posts\/157088\/revisions"}],"wp:featuredmedia":[{"embeddable":true,"href":"https:\/\/www.europesays.com\/it\/wp-json\/wp\/v2\/media\/157089"}],"wp:attachment":[{"href":"https:\/\/www.europesays.com\/it\/wp-json\/wp\/v2\/media?parent=157088"}],"wp:term":[{"taxonomy":"category","embeddable":true,"href":"https:\/\/www.europesays.com\/it\/wp-json\/wp\/v2\/categories?post=157088"},{"taxonomy":"post_tag","embeddable":true,"href":"https:\/\/www.europesays.com\/it\/wp-json\/wp\/v2\/tags?post=157088"}],"curies":[{"name":"wp","href":"https:\/\/api.w.org\/{rel}","templated":true}]}}