{"id":157360,"date":"2025-10-10T12:51:10","date_gmt":"2025-10-10T12:51:10","guid":{"rendered":"https:\/\/www.europesays.com\/it\/157360\/"},"modified":"2025-10-10T12:51:10","modified_gmt":"2025-10-10T12:51:10","slug":"carlo-verdone-con-la-fascia-da-sindaco-rimarro-inchiodato-a-roma-i-mali-burocrazia-e-scarso-senso-civico","status":"publish","type":"post","link":"https:\/\/www.europesays.com\/it\/157360\/","title":{"rendered":"Carlo Verdone: \u00abCon la fascia da sindaco rimarr\u00f2 inchiodato a Roma. I mali? Burocrazia e scarso senso civico\u00bb"},"content":{"rendered":"<p>    di<br \/>\n    Valerio Cappelli<\/p>\n<p class=\"summary-art is-line-h-12\">Primo cittadino per un giorno, quando il 17 novembre compir\u00e0 75 anni: \u00abLe buche sono migliorate, ma una volta rischiai la pelle\u00bb<\/p>\n<p class=\"chapter-paragraph\">Carlo Verdone sar\u00e0 sindaco di Roma per un giorno, il 17 novembre, quando compir\u00e0 75 anni.<\/p>\n<p class=\"chapter-paragraph\"><b>Cosa significa per lei?<\/b><br \/>\u00ab\u00c8 un gesto di grande affetto che mi d\u00e0 la citt\u00e0, anche se la decisione spettava al sindaco\u00bb.    &#13;<br \/>\n&#13;<br \/>\n&#13;<br \/>\n&#13;<br \/>\n&#13;<br \/>\n&#13;<br \/>\n&#13;<br \/>\n&#13;<br \/>\n&#13;<br \/>\n&#13;<br \/>\n&#13;<br \/>\n&#13;<br \/>\n&#13;<br \/>\n&#13;<br \/>\n&#13;<br \/>\n&#13;<br \/>\n&#13;<br \/>\n&#13;<br \/>\n&#13;<br \/>\n&#13;<br \/>\n&#13;<br \/>\n&#13;<br \/>\n&#13;<br \/>\n&#13;<br \/>\n&#13;<br \/>\n&#13;<br \/>\n&#13;<br \/>\n&#13;<br \/>\n&#13;<br \/>\n&#13;<br \/>\n&#13;<br \/>\n&#13;<br \/>\n&#13;<br \/>\n&#13;<br \/>\n&#13;<br \/>\n&#13;<br \/>\n&#13;<br \/>\n&#13;<br \/>\n&#13;<br \/>\n&#13;<br \/>\n&#13;<br \/>\n&#13;<br \/>\n&#13;<br \/>\n&#13;<br \/>\n&#13;<br \/>\n&#13;<br \/>\n&#13;<br \/>\n&#13;<br \/>\n&#13;<br \/>\n&#13;<br \/>\n&#13;<br \/>\n&#13;<br \/>\n&#13;\n<\/p>\n<p class=\"chapter-paragraph\"><b>Continua la staffetta tra lei e Alberto Sordi.<\/b><br \/>Che la stessa cosa nel 2000 sia stata offerta a  Sordi, che resta la maschera pi\u00f9 importante della commedia italiana, e ora a me, 25 anni dopo, mi riempie d\u2019orgoglio\u00bb.<\/p>\n<p class=\"chapter-paragraph\"><b>Che Roma ha rappresentato nei suoi film?<\/b><br \/>\u00abHo cercato di rappresentarla nel mio modo di fare cinema, ho girato film dappertutto\u00bb.<\/p>\n<p class=\"chapter-paragraph\"><b>C\u2019\u00e8 un quartiere che l\u2019ha sorpresa?<\/b><br \/>\u00abAlcuni interni di San Giovanni, che sono bellissimi. Ci soffermiamo  su via Tuscolana, piazza Re di Roma, l\u2019inizio dell\u2019Appia. Invece ho scoperto piccoli gioielli di palazzi un po\u2019 liberty, ben tenuti, lontani da me che vivo al Gianicolo. Sembra di non stare a Roma\u00bb.<\/p>\n<p class=\"chapter-paragraph\"><b>Cosa far\u00e0 in quelle 24 ore?<\/b><br \/>\u00abMi prender\u00f2 qualche applauso, e ringrazier\u00f2\u00bb.<\/p>\n<p class=\"chapter-paragraph\"><b>Carlo, lei non ha risparmiato negli anni critiche severe alla citt\u00e0.<\/b><br \/>\u00abRoma la amo, mi piacerebbe vederla pi\u00f9 in decenza. Certe volte le colpe vanno suddivise tra la lentezza della burocrazia e la mancanza di senso civico\u00bb.<\/p>\n<p class=\"chapter-paragraph\"><b>La prima cosa che farebbe?<\/b><br \/>\u00abRimettere nelle mani degli studenti a scuola il libretto di educazione civica. Vanno sensibilizzati, quello \u00e8 un libretto importante\u00bb.<\/p>\n<p class=\"chapter-paragraph\"><b>Veniamo ai suoi argomenti, quando parla di Roma. Lei buche nelle strade?<\/b><br \/>\u00abOggi la situazione \u00e8 in parte migliorata, magari gli addetti se li chiami non arrivano subito e ci mettono un po\u2019, ma arrivano. Una volta in una traversa di via Giulia, vicino a dove abitavo, sono cascato con una moto 650, 6 cilindri\u00bb.<\/p>\n<p class=\"chapter-paragraph\"><b>Cosa era successo?<\/b><br \/>\u00abUn mascalzone in auto per passare tolse le fiaccolette che una volta indicavano lavori in corso. Ci rimisi vertebre, ernia del disco,  le due anche. Ebbi la stenosi del canale,  ci soffro ancora oggi\u00bb.<\/p>\n<p class=\"chapter-paragraph\"><b>I bagni pubblici? I senzatetto ma non solo fanno i bisogni nei vicoli, anche in pieno centro.<\/b><br \/>\u00abCi vogliono i bagni pubblici, c\u2019\u00e8 poco da fare. In Inghilterra ci sono, metti una monetina e via. Non \u00e8 una grande cosa estetica per\u00f2 i vespasiani vanno fatti. Sto girando il mio nuovo film, il campo base \u00e8 a tre km. Ieri sono entrato in un bar e mi hanno detto che il bagno era rotto. Non vogliono far entrare la gente, ti scappa e non sai dove andare\u00bb.<\/p>\n<p class=\"chapter-paragraph\"><b>Non l\u2019avevano riconosciuta?<\/b><br \/>\u00abS\u00ec, quasi subito. Mi hanno detto si accomodi signor Verdone. Mi sono sentito un privilegiato\u00bb.<\/p>\n<p class=\"chapter-paragraph\"><b>L\u2019overtourism, i grandi brand in vendita, come le societ\u00e0 di calcio. Roma sar\u00e0 comprata dai cinesi?<\/b><br \/>\u00abPer ora ce l\u2019abbiamo ancora noi. Che sia una citt\u00e0 culinaria l\u2019abbiamo capito. Pi\u00f9 aumenta il turismo e pi\u00f9 se magna, e spesso pizza al taglio e suppl\u00ec\u00bb.<\/p>\n<p class=\"chapter-paragraph\"><b>Cosa le manca?<\/b><br \/>\u00abMi spiace non vedere un bel negozio elegante d\u2019abbigliamento. Vendono<br \/>\nmagliette<\/p>\n<p>a 2 euro e scarpe a 15. \u00c8 un turismo medio basso\u00bb.<\/p>\n<p class=\"chapter-paragraph\"><b>Una volta ci ha detto: viviamo come ombre di un grande passato. Ma perch\u00e9 Roma \u00e8 una citt\u00e0 ingovernabile?<\/b><br \/>\u00ab\u2026Io una risposta netta non ce l\u2019ho. Ma torno al senso civico e alla sciatteria, e dico che se guardi i parcheggi delle auto, in 100 metri trovi 10 auto che non stanno al posto loro e parcheggiano dove non dovrebbero. A Londra dopo un quarto d\u2019ora ti fanno multe salatissime\u00bb.<\/p>\n<p class=\"chapter-paragraph\"><b>Tanti turisti si comportano come noi, sporcano, i pedoni passano col rosso.<\/b><br \/>\u00abFanno cose che non farebbero mai a casa loro perch\u00e9 vedono come ci comportiamo noi e si sentono autorizzati. \u00c8 anche vero che i lungoteveri sono stretti, non abbiamo i boulevard di Parigi\u00bb.<\/p>\n<p class=\"chapter-paragraph\"><b>Al centro storico pedonalizzano senza dare servizi, tolgono posti auto, i supermercati aumentano i prezzi pensando che ci vivono solo ricchi benestanti.<\/b><br \/>\u00abLo so bene che in tanti palazzi ci sono appartamenti ereditati da gente normalissima, quando in centro non costavano un occhio,  e  le classi sociali sono mischiate\u00bb.<\/p>\n<p class=\"chapter-paragraph\"><b>E i posti auto?<\/b><br \/>\u00abIn Prati e a Monteverde Vecchio quando torni la sera a casa puoi stare anche 45 minuti in auto per trovare parcheggio\u00bb.<\/p>\n<p class=\"chapter-paragraph\"><b>Poi c\u2019\u00e8 l\u2019illuminazione.<\/b><br \/>\u00abEcco, questo \u00e8 un terno al lotto, Roma la sera \u00e8 buia. E al buio i nomi delle strade sui vecchi marmi impolverati sono sbiaditi, ti devi aiutare con la luce del cellulare. Con la scarsa illuminazione, fioccano gli scippi\u00bb.<\/p>\n<p class=\"chapter-paragraph\"><b>Le \u00e8 capitato?<\/b><br \/>\u00abA me no, per\u00f2 fui vittima del finto specchietto rotto, le parlo di tanti anni fa, quando ancora non dilagava questa truffa.  E dovetti dare 50 euro. L\u2019uomo mi riconobbe, mi disse sei Carlo Verdone e non c\u2019hai 50 euro. L\u00ec ho capito che mi stava truffando\u00bb.<\/p>\n<p class=\"chapter-paragraph\"><b>Come fin\u00ec?<\/b><br \/>\u00abFin\u00ec che gli diedi i soldi, anche perch\u00e9 ero frastornato. La gente dietro suonava perch\u00e9 aveva bloccato il traffico. Nella sua auto c\u2019era la moglie, una burina col bambino in braccio, senza cintura di sicurezza. Voleva pure un selfie, per fortuna la macchina fotografica non gli si accese\u00bb.<\/p>\n<p class=\"chapter-paragraph\"><b>In periferia cosa farebbe?<\/b><br \/>\u00abComincerei da illuminazione e erbacce che fuoriescono dalle strade\u00bb.<\/p>\n<p class=\"chapter-paragraph\"><b>Perch\u00e9 Woody Allen topp\u00f2 proprio il film su Roma?<\/b><br \/>\u00abNon ci cap\u00ec niente. L\u2019unico fu Fellini in Roma. Il carrello che inquadra le auto incolonnate, e  in fila vedi il cardinale, l\u2019onorevole, il poveraccio. Una carrellata di umanit\u00e0\u00bb.<\/p>\n<p class=\"chapter-paragraph\"><b>Quale Roma in La grande bellezza?<\/b><br \/>\u00abMetafisica, irreale come tutti i film di Sorrentino. C\u2019\u00e8 il suo modo di vedere le cose, le feste cogli eccessi, la mondanit\u00e0, gli intellettuali. A tratti \u00e8 una storia psichedelica\u00bb.<\/p>\n<p class=\"chapter-paragraph\"><b>Quando cominci\u00f2 il degrado?<\/b><br \/>\u00abNegli Anni 60, coi palazzinari romani. Architettura orrenda. Adesso per\u00f2 vedo che alla Magliana stanno rimettendo a posto tanti edifici\u00bb.<\/p>\n<p class=\"chapter-paragraph\"><b>I sindaci del passato che le sono piaciuti?<\/b><br \/>\u00abRutelli, e anche Veltroni, persone oneste. Poi scivolarono dove era inevitabile, i  campi nomadi che erano completamente coperti\u00bb.<\/p>\n<p class=\"chapter-paragraph\"><b>E Virginia Raggi?<\/b><br \/>\u00abHa fatto poco, ha sempre detto no. Non la posso giudicare, l\u2019ho anche conosciuta, ma \u2018sta raffica di no ha fatto male a Roma. I grandi eventi servono a fare delle cose. Vedi Gualtieri col Giubileo\u00bb.<\/p>\n<p class=\"chapter-paragraph\"><b>E i vecchi democristiani?<\/b><br \/>\u00abGente politicamente preparata. Oggi  tanti improvvisano\u00bb.<\/p>\n<p class=\"chapter-paragraph\"><b>Lei Roma la paragon\u00f2 a una bella signora lasciata su una sedia sgangherata, abbandonata a s\u00e9 stessa.<\/b><br \/>\u00abLe cose sono un po\u2019 migliorate, si circola leggermente meglio\u00bb.<\/p>\n<p class=\"chapter-paragraph\"><b>Ogni giorno una manifestazione.<\/b><br \/>\u00abSiamo in democrazia, io non me la sento di bloccare una manifestazione. Se poi si manifesta per idee giuste\u2026\u00bb.<\/p>\n<p class=\"chapter-paragraph\"><b>Avr\u00e0 la fascia tricolore?<\/b><br \/>\u00abPer un po\u2019, s\u00ec. Realt\u00e0 e finzione si sono sovrapposte. Nel 2000 mi proposero davvero di fare il sindaco, fecero un sondaggio e il 70 percento dei romani mi avrebbe votato. L\u2019ho messo nella prima serie di Vita da Carlo, alla Festa del Cinema andr\u00e0 la quarta serie<\/p>\n<p>. Ma  sono un cittadino normale, sarebbe stato un atto di presunzione,  bisogna fare un mestiere alla volta\u00bb.<\/p>\n<p class=\"chapter-paragraph\"><b>Una volta pens\u00f2 di lasciare Roma.<\/b><br \/>Sorride: \u00abDopo \u2018sta cosa che mi fanno sindaco, sar\u00f2 incatenato qui per sempre\u00bb.<\/p>\n<p class=\"is-mr-t-20 is-mr-b-20\"><b><br \/>\n                    <a href=\"https:\/\/roma.corriere.it\/?intcmp=Notizielocali_nd_010623_corriere_ss_roma\" target=\"_blank\" rel=\"nofollow noopener\">Vai a tutte le notizie di Roma<\/a><br \/>\n            <\/b><\/p>\n<p class=\"chapter-paragraph\"><b><a href=\"https:\/\/www.corriere.it\/newsletter\/?theme=52&amp;intcmp=NL-artic_nd_050624_corriere_ss_roma\" target=\"_blank\" rel=\"nofollow noopener\">Iscriviti alla newsletter di Corriere Roma<\/a><\/b><\/p>\n<p class=\"is-last-update\" datetime=\"2025-10-10T07:42:38+02:00\">10 ottobre 2025 ( modifica il 10 ottobre 2025 | 07:42)<\/p>\n<p class=\"is-copyright\">\n            \u00a9 RIPRODUZIONE RISERVATA\n        <\/p>\n","protected":false},"excerpt":{"rendered":"di Valerio Cappelli Primo cittadino per un giorno, quando il 17 novembre compir\u00e0 75 anni: \u00abLe buche sono&hellip;\n","protected":false},"author":3,"featured_media":157361,"comment_status":"","ping_status":"","sticky":false,"template":"","format":"standard","meta":{"footnotes":""},"categories":[1442],"tags":[30199,97157,97158,8435,97159,97160,22894,97161,97162,45343,97163,97164,97165,97166,97167,3473,97168,97169,12288,97170,97171,4240,97172,97173,13074,2765,26303,97151,1968,38517,3079,2387,41956,6969,104,640,2414,6659,97152,122,2276,203,724,3074,97153,454,19513,4965,1251,88190,48,204,1537,90,89,97154,13720,97155,1521,7030,97156,6893,489,16002,76175,7904,987,26726,23251,2677,8263,13287,1821,2434,19,23108,2183,389,5248,20756,2062,7257,7371,2959,94329,14778,2668],"class_list":{"0":"post-157360","1":"post","2":"type-post","3":"status-publish","4":"format-standard","5":"has-post-thumbnail","7":"category-film","8":"tag-abbandonata","9":"tag-abbandonata-se","10":"tag-abbandonata-se-cose","11":"tag-abbigliamento","12":"tag-abbigliamento-vendono","13":"tag-abbigliamento-vendono-magliette","14":"tag-abitavo","15":"tag-abitavo-cascato","16":"tag-abitavo-cascato-moto","17":"tag-accese","18":"tag-accese-periferia","19":"tag-accese-periferia-comincerei","20":"tag-accomodi","21":"tag-accomodi-signor","22":"tag-accomodi-signor-verdone","23":"tag-addetti","24":"tag-addetti-chiami","25":"tag-addetti-chiami-arrivano","26":"tag-affetto","27":"tag-affetto-da","28":"tag-affetto-da-decisione","29":"tag-aiutare","30":"tag-aiutare-luce","31":"tag-aiutare-luce-cellulare","32":"tag-arrivano","33":"tag-auto","34":"tag-bagni","35":"tag-bagni-pubblici","36":"tag-buche","37":"tag-burocrazia","38":"tag-capito","39":"tag-carlo","40":"tag-carlo-verdone","41":"tag-ce","42":"tag-centro","43":"tag-cinema","44":"tag-cittadino","45":"tag-civico","46":"tag-compira","47":"tag-cose","48":"tag-dare","49":"tag-entertainment","50":"tag-euro","51":"tag-fascia","52":"tag-fascia-tricolore","53":"tag-film","54":"tag-fini","55":"tag-gente","56":"tag-grandi","57":"tag-illuminazione","58":"tag-importante","59":"tag-intrattenimento","60":"tag-it","61":"tag-italia","62":"tag-italy","63":"tag-libretto","64":"tag-manifestazione","65":"tag-migliorate","66":"tag-movies","67":"tag-novembre","68":"tag-novembre-compira","69":"tag-palazzi","70":"tag-passato","71":"tag-posti","72":"tag-posti-auto","73":"tag-pubblici","74":"tag-roma","75":"tag-romani","76":"tag-rotto","77":"tag-senso","78":"tag-senso-civico","79":"tag-sera","80":"tag-serie","81":"tag-si","82":"tag-sindaco","83":"tag-sordi","84":"tag-stare","85":"tag-strade","86":"tag-tanti","87":"tag-tricolore","88":"tag-turismo","89":"tag-vanno","90":"tag-vecchi","91":"tag-vedere","92":"tag-vedi","93":"tag-verdone","94":"tag-vogliono"},"share_on_mastodon":{"url":"","error":""},"_links":{"self":[{"href":"https:\/\/www.europesays.com\/it\/wp-json\/wp\/v2\/posts\/157360","targetHints":{"allow":["GET"]}}],"collection":[{"href":"https:\/\/www.europesays.com\/it\/wp-json\/wp\/v2\/posts"}],"about":[{"href":"https:\/\/www.europesays.com\/it\/wp-json\/wp\/v2\/types\/post"}],"author":[{"embeddable":true,"href":"https:\/\/www.europesays.com\/it\/wp-json\/wp\/v2\/users\/3"}],"replies":[{"embeddable":true,"href":"https:\/\/www.europesays.com\/it\/wp-json\/wp\/v2\/comments?post=157360"}],"version-history":[{"count":0,"href":"https:\/\/www.europesays.com\/it\/wp-json\/wp\/v2\/posts\/157360\/revisions"}],"wp:featuredmedia":[{"embeddable":true,"href":"https:\/\/www.europesays.com\/it\/wp-json\/wp\/v2\/media\/157361"}],"wp:attachment":[{"href":"https:\/\/www.europesays.com\/it\/wp-json\/wp\/v2\/media?parent=157360"}],"wp:term":[{"taxonomy":"category","embeddable":true,"href":"https:\/\/www.europesays.com\/it\/wp-json\/wp\/v2\/categories?post=157360"},{"taxonomy":"post_tag","embeddable":true,"href":"https:\/\/www.europesays.com\/it\/wp-json\/wp\/v2\/tags?post=157360"}],"curies":[{"name":"wp","href":"https:\/\/api.w.org\/{rel}","templated":true}]}}