{"id":15750,"date":"2025-07-29T10:45:18","date_gmt":"2025-07-29T10:45:18","guid":{"rendered":"https:\/\/www.europesays.com\/it\/15750\/"},"modified":"2025-07-29T10:45:18","modified_gmt":"2025-07-29T10:45:18","slug":"esce-il-libro-donde-vas-un-viaggio-educativo-tra-dono-affettivita-ed-emozioni","status":"publish","type":"post","link":"https:\/\/www.europesays.com\/it\/15750\/","title":{"rendered":"Esce il libro &#8216;\u00bfD\u00f3nde vas&#8217;, un viaggio educativo tra dono, affettivit\u00e0 ed emozioni"},"content":{"rendered":"<p>        Bianco (Magi edizioni): \u00e8 un atto d&#8217;amore verso le nuove generazioni<\/p>\n<p>Pubblicato:29-07-2025 11:10<\/p>\n<p>Ultimo aggiornamento:29-07-2025 11:10<\/p>\n<p>        <img width=\"1024\" height=\"943\" src=\"https:\/\/www.europesays.com\/it\/wp-content\/uploads\/2025\/07\/LIBRI.-ESCE-\u00bfDONDE-VAS-UN-VIAGGIO-EDUCATIVO-TRA-DONO-AFFETTIVITA-ED-EMOZIONI-1024x943.jpeg\" class=\"attachment-large size-large wp-post-image\" alt=\"\" loading=\"lazy\" decoding=\"async\"  \/><\/p>\n<p>ROMA \u2013 <strong>Magi Edizioni <\/strong>\u00e8 orgogliosa di presentare una nuova pubblicazione che si distingue per originalit\u00e0 e profondit\u00e0 emotiva: <strong>\u2018\u00bfD\u00f3nde vas? \u2013 Sulla via del dono\u2019 di Mary Marinozzi e Antonella Pagliariccio<\/strong>, un testo che esplora con delicatezza e rigore il potere trasformativo della relazione educativa fondata sul dono, sull\u2019ascolto e sull\u2019affettivit\u00e0. Il libro <strong>nasce da un\u2019esperienza concreta con i donatori di sangue<\/strong>, che attraverso un metodo innovativo hanno saputo trasformare la disgregazione emotiva in risorsa, promuovendo benessere e consapevolezza nei giovani. <strong>\u2018\u00bfD\u00f3nde vas?\u2019 non \u00e8 solo un libro, \u00e8 un invito a riscoprire il valore dell\u2019altro <\/strong>e la forza curativa della relazione che si prende cura, soprattutto nei contesti scolastici.<\/p>\n<p><img fetchpriority=\"high\" decoding=\"async\" width=\"1024\" height=\"1007\" src=\"https:\/\/www.europesays.com\/it\/wp-content\/uploads\/2025\/07\/2-LIBRI.-ESCE-\u00bfDONDE-VAS-UN-VIAGGIO-EDUCATIVO-TRA-DONO-AFFETTIVITA-ED-EMOZIONI-1024x1007.jpeg\" alt=\"\" class=\"wp-image-1170989\"  \/><\/p>\n<p><strong>BIANCO: \u201cQUANDO L\u2019HO LETTO MI SONO EMOZIONATA PROFONDAMENTE\u201d<\/strong><\/p>\n<p>\u201cQuando ho letto per la prima volta il manoscritto di \u2018\u00bfD\u00f3nde vas?\u2019- ha detto <strong>Angelica Bianco<\/strong>, direttrice editoriale di Magi Edizioni-<strong> mi sono emozionata profondamente<\/strong>. Ho sentito che non si trattava solo di un libro sull\u2019educazione, ma di <strong>un vero e proprio atto d\u2019amore verso le nuove generazioni<\/strong>. In un tempo in cui l\u2019ascolto autentico \u00e8 sempre pi\u00f9 raro, questo testo ci ricorda che educare significa soprattutto donarsi. Abbiamo scelto di pubblicarlo perch\u00e9 <strong>crediamo che la scuola, e ogni spazio educativo, debba tornare ad essere un luogo di cura, di relazione viva, di umanit\u00e0<\/strong>\u201c. Il libro \u00e8 disponibile sul sito ufficiale di Magi Edizioni: https:\/\/www.magiedizioni.com\/prodotto\/donde-vas\/.<\/p>\n<p>            ]]><\/p>\n<p class=\"alert\">Le notizie del sito Dire sono utilizzabili e riproducibili, a condizione di citare espressamente la fonte Agenzia DIRE e l\u2019indirizzo <a href=\"https:\/\/www.dire.it\" rel=\"nofollow noopener\" target=\"_blank\">www.dire.it<\/a><\/p>\n","protected":false},"excerpt":{"rendered":"Bianco (Magi edizioni): \u00e8 un atto d&#8217;amore verso le nuove generazioni Pubblicato:29-07-2025 11:10 Ultimo aggiornamento:29-07-2025 11:10 ROMA \u2013&hellip;\n","protected":false},"author":3,"featured_media":15751,"comment_status":"","ping_status":"","sticky":false,"template":"","format":"standard","meta":{"footnotes":""},"categories":[1445],"tags":[1608,1644,13539,203,204,1537,90,89,1609],"class_list":{"0":"post-15750","1":"post","2":"type-post","3":"status-publish","4":"format-standard","5":"has-post-thumbnail","7":"category-libri","8":"tag-books","9":"tag-cultura","10":"tag-editoria","11":"tag-entertainment","12":"tag-intrattenimento","13":"tag-it","14":"tag-italia","15":"tag-italy","16":"tag-libri"},"share_on_mastodon":{"url":"","error":""},"_links":{"self":[{"href":"https:\/\/www.europesays.com\/it\/wp-json\/wp\/v2\/posts\/15750","targetHints":{"allow":["GET"]}}],"collection":[{"href":"https:\/\/www.europesays.com\/it\/wp-json\/wp\/v2\/posts"}],"about":[{"href":"https:\/\/www.europesays.com\/it\/wp-json\/wp\/v2\/types\/post"}],"author":[{"embeddable":true,"href":"https:\/\/www.europesays.com\/it\/wp-json\/wp\/v2\/users\/3"}],"replies":[{"embeddable":true,"href":"https:\/\/www.europesays.com\/it\/wp-json\/wp\/v2\/comments?post=15750"}],"version-history":[{"count":0,"href":"https:\/\/www.europesays.com\/it\/wp-json\/wp\/v2\/posts\/15750\/revisions"}],"wp:featuredmedia":[{"embeddable":true,"href":"https:\/\/www.europesays.com\/it\/wp-json\/wp\/v2\/media\/15751"}],"wp:attachment":[{"href":"https:\/\/www.europesays.com\/it\/wp-json\/wp\/v2\/media?parent=15750"}],"wp:term":[{"taxonomy":"category","embeddable":true,"href":"https:\/\/www.europesays.com\/it\/wp-json\/wp\/v2\/categories?post=15750"},{"taxonomy":"post_tag","embeddable":true,"href":"https:\/\/www.europesays.com\/it\/wp-json\/wp\/v2\/tags?post=15750"}],"curies":[{"name":"wp","href":"https:\/\/api.w.org\/{rel}","templated":true}]}}