{"id":157507,"date":"2025-10-10T14:34:10","date_gmt":"2025-10-10T14:34:10","guid":{"rendered":"https:\/\/www.europesays.com\/it\/157507\/"},"modified":"2025-10-10T14:34:10","modified_gmt":"2025-10-10T14:34:10","slug":"infortuni-serie-a-gia-180-partite-saltate-per-problemi-muscolari","status":"publish","type":"post","link":"https:\/\/www.europesays.com\/it\/157507\/","title":{"rendered":"Infortuni Serie A: gi\u00e0 180 partite saltate per problemi muscolari"},"content":{"rendered":"<p>                                Il dato che riguarda i calciatori delle 20 squadre di A \u00e8 aumentato notevolmente se confrontato con le prime 6 partite della scorsa stagione. Lazio, Napoli e Bologna le pi\u00f9 colpite, pochissimi problemi per Inter e Fiorentina<\/p>\n<p>\n                                                    Davide Giovanzana\n                            <\/p>\n<p>                    10 ottobre 2025 (modifica alle 13:55)  &#8211; MILANO<\/p>\n<p class=\"paragraph\" spellcheck=\"true\">Nell\u2019ultima giornata di Serie A prima della seconda sosta Nazionali delle quattro previste a calendario quest\u2019anno, diversi calciatori si sono fermati per guai muscolari. Contro il Genoa, <a href=\"https:\/\/www.gazzetta.it\/calcio\/fantanews\/strumenti-fantacalcio\/indisponibili\/08-10-2025\/napoli-infortuni-confermate-le-lesioni-per-politano-e-lobotka.shtml?intcmp=hyperlink-articolo-gazit\" title=\"Napoli, confermate le lesioni per Politano e Lobotka: lo slovacco salta Inter e Champions\" rel=\"nofollow noopener\" target=\"_blank\">il Napoli ha dovuto sostituire Politano e Lobotka<\/a>, la Lazio ha dovuto fare a meno di Zaccagni e Udinese, Cagliari e Parma hanno perso tre pedine fondamentali della rosa: Kristensen, Jerry Mina e l\u2019esterno Valeri. Ma ci sono anche dei lungodegenti. A Bologna il nuovo acquisto Immobile ha giocato solo la prima delle sei giornate di campionato, prima di fermarsi per una lesione al retto femorale destro; sempre a Napoli, Lukaku non ha nemmeno iniziato la stagione dopo lo stop nell\u2019amichevole estiva contro l\u2019Olympiacos. Rispetto allo scorso inizio di stagione, gli infortuni muscolari in Serie A sono molti di pi\u00f9. E non \u00e8 solo una percezione: analizzando i dati, squadra per squadra, sono aumentati del 45,1%.<\/p>\n<p>    numeri\u2014 \u00a0<\/p>\n<p class=\"paragraph is-inline\" spellcheck=\"true\">Sono 180 le singole gare che, secondo i dati Transfermarkt, i calciatori delle 20 squadre di A hanno dovuto saltare per infortuni di natura muscolare nelle prime sei giornate. Prendendo lo stesso intervallo della scorsa stagione, il dato complessivo era di 124 partite: 56 in meno, per un aumento, come detto, del 45,1%. Numeri importanti per un calcio che tra nuove regole (i 5 cambi) e nuove competizioni coinvolge sempre pi\u00f9 giocatori. S\u00ec, rispetto agli anni passati i club di altissimo livello giocano sicuramente pi\u00f9 partite &#8211; l\u2019anno scorso l\u2019Inter tra Serie A, Champions League e Mondiale per Club ne ha giocate 63 contro le 57 nell\u2019anno del Triplete, il Milan nel 2002\/03 ne gioc\u00f2 61 &#8211; ma sono i ritmi di gioco ad essere cambiati: il calcio di oggi richiede uno sforzo fisico e atletico decisamente maggiore.<\/p>\n<p>    squadre e singoli\u2014 \u00a0<\/p>\n<p class=\"paragraph is-inline\" spellcheck=\"true\">Le squadre pi\u00f9 colpite da agosto a oggi sono Lazio e Napoli. Per problemi muscolari, i calciatori biancocelesti hanno saltato complessivamente 16 partite: 6 Vecino, che non ha ancora esordito in campionato a causa dei guai che gli sta procurando una vecchia cicatrice al flessore, 3 Lazzari e Patric, fermati rispettivamente da un problema al soleo e da un infortunio alla coscia, e 2 Dele-Bashiru, addirittura tagliato dalla lista Serie A da Maurizio Sarri. In casa Napoli, dopo Lukaku (6 su 6) ci sono Rrahmani (3), ancora fermo per un problema al bicipite femorale, e Buongiorno (2) alle prese con quegli adduttori che l\u2019anno scorso lo hanno costretto a saltare ben 8 partite. L\u2019anno scorso, solo Meret fu costretto a saltare una delle prime sei giornate per un problema agli adduttori nell\u2019intera rosa a disposizione di Conte. Gradino pi\u00f9 basso del podio, 14, per il Bologna: 5 Immobile, 4 Casale e 3 Holm (lesioni ai bicipiti femorali), 2 Tommaso Pobega (lesione del retto femorale sinistro).<\/p>\n<p>    chi si salva\u2014 \u00a0<\/p>\n<p class=\"paragraph is-inline\" spellcheck=\"true\">Tra le virtuose l\u2019Inter di Cristian Chivu: solo Thuram ha saltato per problemi muscolari (lesione di basso grado alla coscia sinistra) una delle prime 6 di campionato. Lo scorso anno, il dato, comunque basso rispetto alla media, diceva 5: 2 De Vrij, una a testa Barella, Zielinski e Lautaro. Ancora meglio dell\u2019Inter ha fatto la Fiorentina: nonostante Stefano Pioli abbia avuto parecchi problemi di questo tipo nelle sue stagioni al Milan, nessun calciatore viola \u00e8 risultato indisponibile per infortuni muscolari nelle prime 6 partite della stagione. Un motivo per sorridere in una delle partenze pi\u00f9 difficili della storia del club in Serie A.<\/p>\n<p class=\"is-copyright\">\u00a9 RIPRODUZIONE RISERVATA<\/p>\n","protected":false},"excerpt":{"rendered":"Il dato che riguarda i calciatori delle 20 squadre di A \u00e8 aumentato notevolmente se confrontato con le&hellip;\n","protected":false},"author":3,"featured_media":157508,"comment_status":"","ping_status":"","sticky":false,"template":"","format":"standard","meta":{"footnotes":""},"categories":[1452],"tags":[97251,4189,586,1952,97252,721,1856,554,25391,26152,22137,97253,728,1277,1907,52493,297,2263,1740,1911,25334,756,8455,97254,350,97255,1537,90,89,5188,33409,79964,248,4283,4425,1885,3277,97250,1270,18518,1821,1739,245,244,10976,577],"class_list":{"0":"post-157507","1":"post","2":"type-post","3":"status-publish","4":"format-standard","5":"has-post-thumbnail","7":"category-calcio","8":"tag-adduttori","9":"tag-basso","10":"tag-bologna","11":"tag-calciatori","12":"tag-calciatori-squadre","13":"tag-calcio","14":"tag-campionato","15":"tag-club","16":"tag-colpite","17":"tag-coscia","18":"tag-costretto","19":"tag-costretto-saltare","20":"tag-dati","21":"tag-dato","22":"tag-dovuto","23":"tag-femorale","24":"tag-fermati","25":"tag-fiorentina","26":"tag-football","27":"tag-giornate","28":"tag-guai","29":"tag-immobile","30":"tag-infortuni","31":"tag-infortuni-muscolari","32":"tag-inter","33":"tag-inter-fiorentina","34":"tag-it","35":"tag-italia","36":"tag-italy","37":"tag-lazio","38":"tag-lesione","39":"tag-muscolari","40":"tag-napoli","41":"tag-partite","42":"tag-prime","43":"tag-problema","44":"tag-problemi","45":"tag-problemi-muscolari","46":"tag-rispetto","47":"tag-saltare","48":"tag-serie","49":"tag-soccer","50":"tag-sport","51":"tag-sports","52":"tag-squadre","53":"tag-stagione"},"share_on_mastodon":{"url":"","error":""},"_links":{"self":[{"href":"https:\/\/www.europesays.com\/it\/wp-json\/wp\/v2\/posts\/157507","targetHints":{"allow":["GET"]}}],"collection":[{"href":"https:\/\/www.europesays.com\/it\/wp-json\/wp\/v2\/posts"}],"about":[{"href":"https:\/\/www.europesays.com\/it\/wp-json\/wp\/v2\/types\/post"}],"author":[{"embeddable":true,"href":"https:\/\/www.europesays.com\/it\/wp-json\/wp\/v2\/users\/3"}],"replies":[{"embeddable":true,"href":"https:\/\/www.europesays.com\/it\/wp-json\/wp\/v2\/comments?post=157507"}],"version-history":[{"count":0,"href":"https:\/\/www.europesays.com\/it\/wp-json\/wp\/v2\/posts\/157507\/revisions"}],"wp:featuredmedia":[{"embeddable":true,"href":"https:\/\/www.europesays.com\/it\/wp-json\/wp\/v2\/media\/157508"}],"wp:attachment":[{"href":"https:\/\/www.europesays.com\/it\/wp-json\/wp\/v2\/media?parent=157507"}],"wp:term":[{"taxonomy":"category","embeddable":true,"href":"https:\/\/www.europesays.com\/it\/wp-json\/wp\/v2\/categories?post=157507"},{"taxonomy":"post_tag","embeddable":true,"href":"https:\/\/www.europesays.com\/it\/wp-json\/wp\/v2\/tags?post=157507"}],"curies":[{"name":"wp","href":"https:\/\/api.w.org\/{rel}","templated":true}]}}