{"id":157514,"date":"2025-10-10T14:40:43","date_gmt":"2025-10-10T14:40:43","guid":{"rendered":"https:\/\/www.europesays.com\/it\/157514\/"},"modified":"2025-10-10T14:40:43","modified_gmt":"2025-10-10T14:40:43","slug":"la-prima-foto-con-athena","status":"publish","type":"post","link":"https:\/\/www.europesays.com\/it\/157514\/","title":{"rendered":"la prima foto con Athena"},"content":{"rendered":"<p>Benjamin Mascolo, 32 anni, ha annunciato con emozione la nascita della sua prima figlia,\u00a0<strong>Athena<\/strong>, condividendo sui social la prima foto che lo ritrae insieme alla neonata e alla moglie\u00a0<strong>Greta Cuoghi<\/strong>, subito dopo il parto. Uno scatto intimo,\u00a0che arriva per\u00f2 a qualche giorno dalla nascita della piccola, accompagnato da parole che\u00a0spiegano bene il significato di un momento unico: \u201cEsiste un prima e un dopo. Il 7 ottobre 2025 alle 08:38 \u00e8 la linea esatta che li divide\u201d.\n<\/p>\n<p>Le parole di Benjamin Mascolo per Athena<\/p>\n<p>Con questa frase, il cantante modenese\u00a0\u2013\u00a0divenuto noto insieme a Federico Rossi nel duo\u00a0<strong>Benji &amp; Fede<\/strong>\u00a0\u2013\u00a0segna l\u2019inizio di una nuova fase della sua vita. Non pi\u00f9 solo quella di artista, ma di padre, con tutto ci\u00f2 che la paternit\u00e0 comporta tra responsabilit\u00e0 e un amore nuovo, che ancora non sapeva di poter provare.<\/p>\n<p>Sposati dal 2023,\u00a0<a href=\"https:\/\/dilei.it\/star-e-vip\/benjamin-mascolo\/\" rel=\"nofollow noopener\" target=\"_blank\">Benjamin Mascolo<\/a><strong> e Greta Cuoghi<\/strong>\u00a0avevano annunciato lo scorso luglio di <a href=\"https:\/\/dilei.it\/vip\/benjamin-mascolo-diventa-papa-con-greta-cuoghi\/1697831\/\" rel=\"nofollow noopener\" target=\"_blank\">essere in attesa del loro primo figlio<\/a>, rivelando poi che si trattava di una femmina. Nelle settimane precedenti alla nascita, Mascolo aveva condiviso sui social alcuni frammenti della gravidanza, mostrando con orgoglio il\u00a0<strong>dolce pancione<\/strong>\u00a0della moglie e, pi\u00f9 di recente, il nome scelto per la bambina. A rivelarlo era stato proprio lui, mostrando il particolare regalo ricevuto dal suo storico amico e collega\u00a0<strong>Federico Rossi<\/strong>: un piccolo dono simbolico, carico di affetto, che aveva commosso i fan del duo appena tornato insieme.<\/p>\n<p>Chi \u00e8 la moglie Greta Cuoghi<\/p>\n<p>Greta Cuoghi,\u00a0<strong>modella e creativa<\/strong>, \u00e8 rimasta sempre discreta rispetto alla vita pubblica del marito, ma non ha nascosto la gioia per l\u2019arrivo della loro bambina. La coppia, molto unita e\u00a0<strong>lontana dai clamori mediatici<\/strong>, ha costruito il proprio rapporto su basi solide, preferendo proteggere la propria intimit\u00e0 anche nei momenti pi\u00f9 significativi. Proprio come questo, arrivato a poco tempo dal matrimonio e dopo un periodo duro per lui, caratterizzato dalla\u00a0<strong>depressione<\/strong>.<\/p>\n<p>Benjamin, invece, aveva gi\u00e0 lasciato intuire il suo desiderio di paternit\u00e0. Lo scorso marzo, ospite di\u00a0Verissimo, aveva confessato:\u00a0\u201cDiventare padre sarebbe un sogno\u201d. In quella stessa intervista, parlando del matrimonio celebrato in gran segreto, aveva aggiunto: \u201cLo sapevano solo pochi amici\u201d. Parole che oggi acquistano un\u00a0<strong>nuovo significato<\/strong>, alla luce della serenit\u00e0 che sembra accompagnare questo capitolo della sua vita.<\/p>\n<blockquote class=\"instagram-media\" data-instgrm-captioned=\"\" data-instgrm-permalink=\"https:\/\/www.instagram.com\/p\/DPoA34_ivbK\/?utm_source=ig_embed&amp;utm_campaign=loading\" data-instgrm-version=\"14\" style=\" background:#FFF; border:0; border-radius:3px; box-shadow:0 0 1px 0 rgba(0,0,0,0.5),0 1px 10px 0 rgba(0,0,0,0.15); margin: 1px; max-width:100%; min-width:326px; padding:0; width:99.375%; width:-webkit-calc(100% - 2px); width:calc(100% - 2px);\"\/>\n<p>L\u2019omaggio per Athena<\/p>\n<p>Il post con la piccola Athena ha raccolto in\u00a0poco tempo\u00a0migliaia di commenti e messaggi di affetto. Colleghi, amici e fan hanno voluto congratularsi con il cantante per l\u2019<strong>arrivo della figlia<\/strong>, sottolineando la\u00a0<strong>delicatezza del momento<\/strong>\u00a0e la sincerit\u00e0 con cui Benjamin ha scelto di condividerlo.<\/p>\n<p>La nascita di Athena segna dunque un nuovo\u00a0percorso per lui, che negli anni ha dimostrato di essere un artista in continua evoluzione.\u00a0Dalla musica pop che lo ha reso famoso, alle esperienze da solista e cinematografiche, fino alla\u00a0<strong>dimensione pi\u00f9 intima della famiglia<\/strong>: tutto sembra condurre verso una maturit\u00e0 conquistata con consapevolezza, quella che sembrava impossibile fino a poco tempo fa.<\/p>\n<p>E mentre la prima foto con Athena fa il giro dei social, Benjamin Mascolo scrive, forse senza volerlo, il capitolo della sua storia che ancora non avrebbe immaginato di comporre.<\/p>\n<p>\t<script async src=\"\/\/www.instagram.com\/embed.js\"><\/script><\/p>\n","protected":false},"excerpt":{"rendered":"Benjamin Mascolo, 32 anni, ha annunciato con emozione la nascita della sua prima figlia,\u00a0Athena, condividendo sui social la&hellip;\n","protected":false},"author":3,"featured_media":157515,"comment_status":"","ping_status":"","sticky":false,"template":"","format":"standard","meta":{"footnotes":""},"categories":[1443],"tags":[29489,203,204,1537,90,89,1538,1539,86],"class_list":{"0":"post-157514","1":"post","2":"type-post","3":"status-publish","4":"format-standard","5":"has-post-thumbnail","7":"category-musica","8":"tag-benjamin-mascolo","9":"tag-entertainment","10":"tag-intrattenimento","11":"tag-it","12":"tag-italia","13":"tag-italy","14":"tag-music","15":"tag-musica","16":"tag-vip"},"share_on_mastodon":{"url":"","error":""},"_links":{"self":[{"href":"https:\/\/www.europesays.com\/it\/wp-json\/wp\/v2\/posts\/157514","targetHints":{"allow":["GET"]}}],"collection":[{"href":"https:\/\/www.europesays.com\/it\/wp-json\/wp\/v2\/posts"}],"about":[{"href":"https:\/\/www.europesays.com\/it\/wp-json\/wp\/v2\/types\/post"}],"author":[{"embeddable":true,"href":"https:\/\/www.europesays.com\/it\/wp-json\/wp\/v2\/users\/3"}],"replies":[{"embeddable":true,"href":"https:\/\/www.europesays.com\/it\/wp-json\/wp\/v2\/comments?post=157514"}],"version-history":[{"count":0,"href":"https:\/\/www.europesays.com\/it\/wp-json\/wp\/v2\/posts\/157514\/revisions"}],"wp:featuredmedia":[{"embeddable":true,"href":"https:\/\/www.europesays.com\/it\/wp-json\/wp\/v2\/media\/157515"}],"wp:attachment":[{"href":"https:\/\/www.europesays.com\/it\/wp-json\/wp\/v2\/media?parent=157514"}],"wp:term":[{"taxonomy":"category","embeddable":true,"href":"https:\/\/www.europesays.com\/it\/wp-json\/wp\/v2\/categories?post=157514"},{"taxonomy":"post_tag","embeddable":true,"href":"https:\/\/www.europesays.com\/it\/wp-json\/wp\/v2\/tags?post=157514"}],"curies":[{"name":"wp","href":"https:\/\/api.w.org\/{rel}","templated":true}]}}