{"id":157588,"date":"2025-10-10T15:32:12","date_gmt":"2025-10-10T15:32:12","guid":{"rendered":"https:\/\/www.europesays.com\/it\/157588\/"},"modified":"2025-10-10T15:32:12","modified_gmt":"2025-10-10T15:32:12","slug":"scusate-il-disturbo-un-libro-che-rompe-il-silenzio-sulla-salute-mentale","status":"publish","type":"post","link":"https:\/\/www.europesays.com\/it\/157588\/","title":{"rendered":"&#8220;Scusate il disturbo&#8221;: un libro che rompe il silenzio sulla salute mentale"},"content":{"rendered":"<p>In Italia, una persona su quattro convive con un disturbo mentale. \u00c8 una cifra enorme, eppure il tema resta ai margini del dibattito pubblico. Spesso ridotto a un fatto privato, se non a un tab\u00f9, il disagio psicologico colpisce milioni di cittadini, ma riguarda tutti. Perch\u00e9, come ricorda il titolo del nuovo libro Scusate il disturbo (Laurana Editore), \u201cle altre tre persone possono fare la differenza\u201d.<\/p>\n<p>Scritto da <strong>Francesco Caroli <\/strong>e <strong>Scilla Chirizzi<\/strong>, il volume esce oggi, 10 ottobre, in occasione della Giornata Mondiale della Salute Mentale. Non \u00e8 un saggio tecnico, n\u00e9 un semplice reportage. \u00c8 un\u2019opera corale che intreccia storie vere, dati allarmanti, esperienze professionali e una forte visione politica: riportare la salute mentale al centro della societ\u00e0, come bene comune.<\/p>\n<p>Allarme giovani: ansia, isolamento e poca motivazione<\/p>\n<p>I numeri raccontano una realt\u00e0 preoccupante, soprattutto per le nuove generazioni. Il 50% dei disturbi mentali insorge prima dei 15 anni e l\u201980% entro i 18. In Europa, oltre il 20% dei giovani tra i 15 e i 29 anni mostra sintomi d\u2019ansia o depressione. In Italia, 60.000 studenti tra gli 11 e i 17 anni vivono in isolamento sociale e quasi la met\u00e0 prova ansia entrando in classe.<\/p>\n<p>Eppure, il sistema fa ancora troppo poco. La spesa pubblica destinata alla salute mentale \u00e8 tra le pi\u00f9 basse d\u2019Europa: appena il 3,4% del totale, contro il 15% della Francia, l\u201911,3% della Germania e il 10,3% del Regno Unito. Un divario che si riflette in servizi insufficienti, liste d\u2019attesa lunghissime, disuguaglianze territoriali e nella persistenza dello stigma.<\/p>\n<p>\t\t\t<a href=\"https:\/\/www.repubblica.it\/salute\/dossier\/frontiere\/2025\/10\/03\/news\/salute_mentale_la_sfida_delle_disuguaglianze_non_basta_ridurre_le_liste_d_attesa-424888864\/\" rel=\"nofollow noopener\" target=\"_blank\">Salute mentale, la sfida delle disuguaglianze: \u201cNon basta ridurre le liste d\u2019attesa\u201d<\/a><\/p>\n<p>\t\tdi <a href=\"https:\/\/www.repubblica.it\/salute\/autori\/dario_rubino\/\" rel=\"author nofollow noopener\" target=\"_blank\">Dario Rubino<\/a><\/p>\n<p>\t\t\t03 Ottobre 2025<\/p>\n<p>                <a href=\"https:\/\/www.repubblica.it\/salute\/dossier\/frontiere\/2025\/10\/03\/news\/salute_mentale_la_sfida_delle_disuguaglianze_non_basta_ridurre_le_liste_d_attesa-424888864\/\" rel=\"nofollow noopener\" target=\"_blank\"><\/p>\n<p>\t\t\t\t\t\t<img loading=\"lazy\" decoding=\"async\" src=\"https:\/\/www.europesays.com\/it\/wp-content\/uploads\/2025\/10\/153235475-bbaf27da-95f2-4068-acef-ad460384f736.jpg\" alt=\"Salute mentale, la sfida delle disuguaglianze: \u201cNon basta ridurre le liste d\u2019attesa\u201d\" class=\"lazyload\" width=\"125\" height=\"125\"\/><\/p>\n<p>                <\/a><\/p>\n<p>Un libro, una panchina, una visione collettiva<\/p>\n<p>Il simbolo scelto dagli autori \u00e8 una panchina. Un luogo semplice, quotidiano, ma ricco di significati: ascolto, attesa, solitudine, incontro. Su quella panchina si siedono madri, adolescenti, anziani, adulti in crisi, ma anche operatori, psicologi, educatori. Figure diverse, accomunate dal bisogno \u2013 o dalla scelta \u2013 di ascoltare e accogliere.<\/p>\n<p>Accanto alle voci delle persone comuni, il libro raccoglie oltre 20 contributi di esperti: neuroscienziati, psichiatri, psicologi, sociologi, dirigenti scolastici, architetti e professionisti del lavoro e del sociale. Insieme, offrono uno sguardo completo sui diversi momenti della vita, dall\u2019infanzia alla vecchiaia, e su come costruire (e custodire) il benessere mentale.<\/p>\n<p>L\u2019agenda del cambiamento: pi\u00f9 prevenzione, pi\u00f9 territorio, meno stigma<\/p>\n<p>Scusate il disturbo non si limita a denunciare: propone un vero e proprio cambio di paradigma, con un\u2019agenda di riforma concreta. Come una regia nazionale per la salute mentale, una maggiore prevenzione nelle scuole, un rafforzamento dei servizi territoriali e i riconoscimento del ruolo di Comuni e Terzo Settore. Ogni euro investito in salute mentale, sottolineano gli autori, produce un ritorno di 4,7 euro in termini di produttivit\u00e0 e benessere. Ma, soprattutto, crea una societ\u00e0 pi\u00f9 coesa, inclusiva e umana.<\/p>\n<p>\t\t\t<a href=\"https:\/\/www.repubblica.it\/salute\/dossier\/frontiere\/2025\/03\/25\/news\/cuore_cervello_cardiologia_neurologia-424085400\/\" rel=\"nofollow noopener\" target=\"_blank\">Cuore e cervello: una connessione pi\u00f9 profonda di quanto immaginiamo<\/a><\/p>\n<p>\t\tdi <a href=\"https:\/\/www.repubblica.it\/salute\/autori\/irma_d&#039;aria\/\" rel=\"author nofollow noopener\" target=\"_blank\">Irma D&#8217;Aria<\/a><\/p>\n<p>\t\t\t25 Marzo 2025<\/p>\n<p>                <a href=\"https:\/\/www.repubblica.it\/salute\/dossier\/frontiere\/2025\/03\/25\/news\/cuore_cervello_cardiologia_neurologia-424085400\/\" rel=\"nofollow noopener\" target=\"_blank\"><\/p>\n<p>\t\t\t\t\t\t<img loading=\"lazy\" decoding=\"async\" src=\"https:\/\/www.europesays.com\/it\/wp-content\/uploads\/2025\/10\/162447039-0f482c51-a38c-4eaf-bc01-a0f2d76062a1.jpg\" alt=\"Cuore e cervello: una connessione pi\u00f9 profonda di quanto immaginiamo\" class=\"lazyload\" width=\"125\" height=\"125\"\/><\/p>\n<p>                <\/a><\/p>\n<p>Costruire la panchina pi\u00f9 lunga del mondo<\/p>\n<p>La visione finale \u00e8 potente e simbolica: costruire la panchina pi\u00f9 lunga del mondo, capace di accogliere chiunque. Un progetto sociale e culturale in cui ognuno ha un ruolo. \u201cCome la panchina pi\u00f9 lunga d\u2019Italia, fatta di centinaia di assi e viti \u2013 scrivono Caroli e Chirizzi \u2013 anche la salute mentale \u00e8 un\u2019opera collettiva: ognuno di noi \u00e8 un pezzo di quella panchina che, solo insieme, pu\u00f2 reggere il peso e la bellezza dell\u2019essere umani\u201d.<\/p>\n","protected":false},"excerpt":{"rendered":"In Italia, una persona su quattro convive con un disturbo mentale. \u00c8 una cifra enorme, eppure il tema&hellip;\n","protected":false},"author":3,"featured_media":157589,"comment_status":"","ping_status":"","sticky":false,"template":"","format":"standard","meta":{"footnotes":""},"categories":[1445],"tags":[1608,203,204,1537,90,89,1609],"class_list":{"0":"post-157588","1":"post","2":"type-post","3":"status-publish","4":"format-standard","5":"has-post-thumbnail","7":"category-libri","8":"tag-books","9":"tag-entertainment","10":"tag-intrattenimento","11":"tag-it","12":"tag-italia","13":"tag-italy","14":"tag-libri"},"share_on_mastodon":{"url":"","error":""},"_links":{"self":[{"href":"https:\/\/www.europesays.com\/it\/wp-json\/wp\/v2\/posts\/157588","targetHints":{"allow":["GET"]}}],"collection":[{"href":"https:\/\/www.europesays.com\/it\/wp-json\/wp\/v2\/posts"}],"about":[{"href":"https:\/\/www.europesays.com\/it\/wp-json\/wp\/v2\/types\/post"}],"author":[{"embeddable":true,"href":"https:\/\/www.europesays.com\/it\/wp-json\/wp\/v2\/users\/3"}],"replies":[{"embeddable":true,"href":"https:\/\/www.europesays.com\/it\/wp-json\/wp\/v2\/comments?post=157588"}],"version-history":[{"count":0,"href":"https:\/\/www.europesays.com\/it\/wp-json\/wp\/v2\/posts\/157588\/revisions"}],"wp:featuredmedia":[{"embeddable":true,"href":"https:\/\/www.europesays.com\/it\/wp-json\/wp\/v2\/media\/157589"}],"wp:attachment":[{"href":"https:\/\/www.europesays.com\/it\/wp-json\/wp\/v2\/media?parent=157588"}],"wp:term":[{"taxonomy":"category","embeddable":true,"href":"https:\/\/www.europesays.com\/it\/wp-json\/wp\/v2\/categories?post=157588"},{"taxonomy":"post_tag","embeddable":true,"href":"https:\/\/www.europesays.com\/it\/wp-json\/wp\/v2\/tags?post=157588"}],"curies":[{"name":"wp","href":"https:\/\/api.w.org\/{rel}","templated":true}]}}