{"id":157592,"date":"2025-10-10T15:34:12","date_gmt":"2025-10-10T15:34:12","guid":{"rendered":"https:\/\/www.europesays.com\/it\/157592\/"},"modified":"2025-10-10T15:34:12","modified_gmt":"2025-10-10T15:34:12","slug":"il-premio-masaniello-festeggia-il-ventennale-con-eduardo-de-crescenzo-al-teatro-sannazaro","status":"publish","type":"post","link":"https:\/\/www.europesays.com\/it\/157592\/","title":{"rendered":"Il Premio Masaniello festeggia il ventennale con Eduardo De Crescenzo al Teatro Sannazaro"},"content":{"rendered":"<p>&#13;<br \/>\n      &#13;<br \/>\n&#13;<br \/>\n     &#13;<br \/>\n        &#13;<\/p>\n<p>Vent\u2019anni di passione, cultura e orgoglio partenopeo. Il<strong> \u201cPremio Masaniello \u2013 Napoletani Protagonisti\u201d<\/strong>, ideato per celebrare le eccellenze che onorano Napoli nel mondo, festeggia il suo prestigioso ventennale con una serata d\u2019eccezione, carica di arte e sentimento.\u00a0<\/p>\n<p>Domenica <strong>12 ottobre <\/strong>2025, alle ore 19.30, il sipario del <strong>Teatro Sannazaro<\/strong> si aprir\u00e0 su un evento unico che unir\u00e0 il valore del riconoscimento civile alla magia della musica dal vivo. Sotto la presidenza di Luigi Rispoli e con la direzione artistica di Umberto Franzese, il Premio, da sempre attento a promuovere le figure pi\u00f9 significative del panorama culturale e sociale napoletano, render\u00e0 omaggio a <strong>Eduardo De Crescenzo,<\/strong> autentico simbolo della musica napoletana contemporanea. Cantautore, musicista e interprete dalla sensibilit\u00e0 inconfondibile, De Crescenzo ricever\u00e0 il \u201cPremio Masaniello\u201d per il suo straordinario contributo artistico e culturale alla citt\u00e0 di Napoli e alla sua identit\u00e0 musicale, in un abbraccio ideale tra la tradizione e la modernit\u00e0 del sentimento partenopeo. L\u2019omaggio all\u2019artista sar\u00e0 seguito da una delle tappe pi\u00f9 attese del suo applaudito spettacolo \u201cAvvenne a Napoli &#8211; Passione per voce e piano\u201d, un viaggio musicale intimo e potente, dove la voce inconfondibile di De Crescenzo si intreccia con le note del pianoforte di Julian Oliver Mazzariello per ridare vita ai capolavori della canzone napoletana classica. Un recital di rara eleganza, preceduto da un&#8217;introduzione del critico musicale Federico Vacalebre, dove ogni brano diventa racconto, ogni parola si fa emozione, e la Napoli di ieri si specchia in quella di oggi, tra poesia, memoria e rinnovata passione.<\/p>\n<p>Sar\u00e0, dunque, una serata emozionante e dal profondo valore simbolico, capace di unire la celebrazione di un traguardo importante con la forza universale della musica napoletana.<\/p>\n<p><strong>L\u2019ingresso \u00e8 libero, fino a esaurimento dei posti, previa prenotazione via e-mail all\u2019indirizzo: <\/strong><a href=\"https:\/\/www.napolitoday.it\/eventi\/mailto:premiomasaniello25@gmail.com\" target=\"_blank\" rel=\"nofollow noopener\">premiomasaniello25@gmail.com<\/a>.\u00a0<\/p>\n<p>Un appuntamento da non perdere, nel segno della bellezza, della cultura e di quell\u2019anima partenopea che, come la voce di Eduardo De Crescenzo, continua a vibrare nel cuore del mondo.<\/p>\n<p> &#13;<br \/>\n       &#13;<br \/>\n&#13;<br \/>\n&#13;<br \/>\n  &#13;<br \/>\n  &#13;<br \/>\n&#13;<br \/>\n    &#13;<br \/>\n&#13;<br \/>\n        &#13;<br \/>\n        &#13;<br \/>\n               &#13;<br \/>\n      &#13;<br \/>\n      &#13;<br \/>\n                  &#13;<br \/>\n   &#13;<br \/>\n&#13;<br \/>\n &#13;<br \/>\n      &#13;<br \/>\n&#13;<br \/>\n      &#13;<\/p>\n","protected":false},"excerpt":{"rendered":"&#13; &#13; &#13; &#13; &#13; Vent\u2019anni di passione, cultura e orgoglio partenopeo. Il \u201cPremio Masaniello \u2013 Napoletani Protagonisti\u201d,&hellip;\n","protected":false},"author":3,"featured_media":157593,"comment_status":"","ping_status":"","sticky":false,"template":"","format":"standard","meta":{"footnotes":""},"categories":[1443],"tags":[203,626,204,1537,90,89,1538,1539],"class_list":{"0":"post-157592","1":"post","2":"type-post","3":"status-publish","4":"format-standard","5":"has-post-thumbnail","7":"category-musica","8":"tag-entertainment","9":"tag-eventi","10":"tag-intrattenimento","11":"tag-it","12":"tag-italia","13":"tag-italy","14":"tag-music","15":"tag-musica"},"share_on_mastodon":{"url":"","error":""},"_links":{"self":[{"href":"https:\/\/www.europesays.com\/it\/wp-json\/wp\/v2\/posts\/157592","targetHints":{"allow":["GET"]}}],"collection":[{"href":"https:\/\/www.europesays.com\/it\/wp-json\/wp\/v2\/posts"}],"about":[{"href":"https:\/\/www.europesays.com\/it\/wp-json\/wp\/v2\/types\/post"}],"author":[{"embeddable":true,"href":"https:\/\/www.europesays.com\/it\/wp-json\/wp\/v2\/users\/3"}],"replies":[{"embeddable":true,"href":"https:\/\/www.europesays.com\/it\/wp-json\/wp\/v2\/comments?post=157592"}],"version-history":[{"count":0,"href":"https:\/\/www.europesays.com\/it\/wp-json\/wp\/v2\/posts\/157592\/revisions"}],"wp:featuredmedia":[{"embeddable":true,"href":"https:\/\/www.europesays.com\/it\/wp-json\/wp\/v2\/media\/157593"}],"wp:attachment":[{"href":"https:\/\/www.europesays.com\/it\/wp-json\/wp\/v2\/media?parent=157592"}],"wp:term":[{"taxonomy":"category","embeddable":true,"href":"https:\/\/www.europesays.com\/it\/wp-json\/wp\/v2\/categories?post=157592"},{"taxonomy":"post_tag","embeddable":true,"href":"https:\/\/www.europesays.com\/it\/wp-json\/wp\/v2\/tags?post=157592"}],"curies":[{"name":"wp","href":"https:\/\/api.w.org\/{rel}","templated":true}]}}