{"id":157621,"date":"2025-10-10T15:56:16","date_gmt":"2025-10-10T15:56:16","guid":{"rendered":"https:\/\/www.europesays.com\/it\/157621\/"},"modified":"2025-10-10T15:56:16","modified_gmt":"2025-10-10T15:56:16","slug":"gasperini-la-roma-non-e-da-champions-friedkin-mi-ha-conquistato-subito","status":"publish","type":"post","link":"https:\/\/www.europesays.com\/it\/157621\/","title":{"rendered":"Gasperini: \u201cLa Roma non \u00e8 da Champions. Friedkin mi ha conquistato subito\u201d"},"content":{"rendered":"<p>Le sue parole: &#8220;Lo sappiamo anche noi che il nostro primato \u00e8 abbastanza casuale&#8221;<\/p>\n<p>Gian Piero Gasperini ha rilasciato un&#8217;intervista a Il Corriere dello Sport. Il tecnico giallorosso ha parlato del rapporto con i Friedkin e delle ambizioni con la Roma. Di seguito le sue parole:<\/p>\n<p><strong>Che cosa o chi ti ha convinto ad accettare la Roma?<\/strong> &#8220;Il fatto che a Roma c&#8217;\u00e8 una passione incredibile. lo credo che in questo momento, in Italia, Roma sia insieme a Napoli il posto pi\u00f9 appassionato e appassionante. E forse Roma anche pi\u00f9 di Napoli, perch\u00e9 Napoli ha vinto. Dove c&#8217;\u00e8 pi\u00f9 fame di calcio, pi\u00f9 voglia di fare risultati, dove c&#8217;\u00e8 un amore verso la propria squadra cos\u00ec profondo, viscerale, lo stimolo \u00e8 elevatissimo. Inoltre \u00e8 un bel momento per gli stadi italiani che si sono nuovamente riempiti&#8221;.<\/p>\n<p><strong>Quindici punti in sei partite, alcuni dicono che ha avuto cu**.<\/strong> &#8220;Quello non fa male. \u00c8 una bella dote, devo dire che ci sono state altre squadre che hanno ribaltato o vinto partite nei minuti finali. Nella sconfitta non siamo stati fortunati, in alcune vittorie, s\u00ec. Per\u00f2 \u00e8 una cosa abbastanza comune&#8221;.<\/p>\n<p><strong>A voler essere realisti, la sua squadra non \u00e8 da Champions. <\/strong>\u201cNon lo \u00e8. Questo aumenta il merito, no? Il merito di questi ragazzi. E nel frattempo \u00e8 chiaro che ci auguriamo di crescere, lo sappiamo anche noi che il nostro primato \u00e8 abbastanza casuale. Le partite le abbiamo giocate per\u00f2, non \u00e8 che ce le ha regalate nessuno. Adesso iniziano gli scontri diretti, ci si misura con le realt\u00e0 pi\u00f9 importanti, per\u00f2 \u00e8 vero che questa squadra pu\u00f2 migliorare, ha dei margini notevoli\u201d.<\/p>\n<p><strong>Dan Friedkin le ha fatto un elogio pubblico enorme eppure vi conoscete poco.<\/strong>\u00a0&#8220;Ci scriviamo. I Friedkin mi hanno conquistato al primo incontro quando ho capito che, a parte la forza degli imprenditori, riconosciuta a livello mondiale, hanno una grande passione per il calcio. La cosa migliore che posso fare per la Roma, per la Roma in generale, \u00e8 consolidare il rapporto tra loro e la citt\u00e0. Perch\u00e9 \u00e8 difficile trovare nel mondo del calcio una propriet\u00e0 cos\u00ec generosa, no?&#8221;.<\/p>\n<p><strong>C\u2019\u00e8 chi sospettava vi dopaste all\u2019Atalanta.<\/strong> \u00a0&#8220;Chi ha soltanto pensato una cosa del genere ha offeso una societ\u00e0, il sottoscritto, uno staff e un gruppo di giocatori, il loro lavoro. Quando non si sanno trovare le risposte si ricorre alle maldicenze e alle peggiori fan-tasie. Noi siamo sempre stati puliti. lo credo nel rispetto delle regole dello sport. Il doping lo combatto da sempre&#8230; Sul campo odio le simulazioni. Detesto ogni forma di sotterfugio, il gioco sporco. Sono tutti attentati allo sport che amo pi\u00f9, che tutti quanti amiamo e consideriamo parte della nostra vita. Per questo mi incazzo spesso. Una cosa \u00e8 l&#8217;abilit\u00e0 tecnica, altro la furbata, la simulazione. La ricerca del dribbling in area per andare a prendere il rigore rientra nel campo delle abilit\u00e0&#8230;<\/p>\n<p>E poi non sopporto il Var che mi allontana dal calcio per come l&#8217;ho sempre inteso&#8221;.<\/p>\n<p class=\"is-copyright\">\u00a9 RIPRODUZIONE RISERVATA<\/p>\n","protected":false},"excerpt":{"rendered":"Le sue parole: &#8220;Lo sappiamo anche noi che il nostro primato \u00e8 abbastanza casuale&#8221; Gian Piero Gasperini ha&hellip;\n","protected":false},"author":3,"featured_media":157622,"comment_status":"","ping_status":"","sticky":false,"template":"","format":"standard","meta":{"footnotes":""},"categories":[1452],"tags":[11756,721,921,65661,1969,3344,1367,1740,30413,97290,5301,1537,90,89,10329,248,22284,95545,97291,4979,4283,1950,15312,97292,899,987,86893,97293,20525,97294,1739,245,244,1857],"class_list":{"0":"post-157621","1":"post","2":"type-post","3":"status-publish","4":"format-standard","5":"has-post-thumbnail","7":"category-calcio","8":"tag-abilita","9":"tag-calcio","10":"tag-campo","11":"tag-casuale","12":"tag-champions","13":"tag-conquistato","14":"tag-credo","15":"tag-football","16":"tag-friedkin","17":"tag-friedkin-conquistato","18":"tag-gasperini","19":"tag-it","20":"tag-italia","21":"tag-italy","22":"tag-merito","23":"tag-napoli","24":"tag-nbsp","25":"tag-nbsp-nbsp","26":"tag-nbsp-nbsp-nbsp","27":"tag-parole","28":"tag-partite","29":"tag-passione","30":"tag-primato","31":"tag-primato-casuale","32":"tag-rapporto","33":"tag-roma","34":"tag-roma-napoli","35":"tag-roma-roma","36":"tag-sappiamo","37":"tag-sappiamo-primato","38":"tag-soccer","39":"tag-sport","40":"tag-sports","41":"tag-squadra"},"share_on_mastodon":{"url":"","error":""},"_links":{"self":[{"href":"https:\/\/www.europesays.com\/it\/wp-json\/wp\/v2\/posts\/157621","targetHints":{"allow":["GET"]}}],"collection":[{"href":"https:\/\/www.europesays.com\/it\/wp-json\/wp\/v2\/posts"}],"about":[{"href":"https:\/\/www.europesays.com\/it\/wp-json\/wp\/v2\/types\/post"}],"author":[{"embeddable":true,"href":"https:\/\/www.europesays.com\/it\/wp-json\/wp\/v2\/users\/3"}],"replies":[{"embeddable":true,"href":"https:\/\/www.europesays.com\/it\/wp-json\/wp\/v2\/comments?post=157621"}],"version-history":[{"count":0,"href":"https:\/\/www.europesays.com\/it\/wp-json\/wp\/v2\/posts\/157621\/revisions"}],"wp:featuredmedia":[{"embeddable":true,"href":"https:\/\/www.europesays.com\/it\/wp-json\/wp\/v2\/media\/157622"}],"wp:attachment":[{"href":"https:\/\/www.europesays.com\/it\/wp-json\/wp\/v2\/media?parent=157621"}],"wp:term":[{"taxonomy":"category","embeddable":true,"href":"https:\/\/www.europesays.com\/it\/wp-json\/wp\/v2\/categories?post=157621"},{"taxonomy":"post_tag","embeddable":true,"href":"https:\/\/www.europesays.com\/it\/wp-json\/wp\/v2\/tags?post=157621"}],"curies":[{"name":"wp","href":"https:\/\/api.w.org\/{rel}","templated":true}]}}