{"id":157747,"date":"2025-10-10T17:23:10","date_gmt":"2025-10-10T17:23:10","guid":{"rendered":"https:\/\/www.europesays.com\/it\/157747\/"},"modified":"2025-10-10T17:23:10","modified_gmt":"2025-10-10T17:23:10","slug":"liberami-dal-nulla-jeremy-allen-white-e-a-roma-quando-ascolto-nebraska-mi-sento-compreso","status":"publish","type":"post","link":"https:\/\/www.europesays.com\/it\/157747\/","title":{"rendered":"Liberami dal nulla, Jeremy Allen White \u00e8 a Roma: &#8220;Quando ascolto Nebraska, mi sento compreso&#8221;"},"content":{"rendered":"<p>Con il film in uscita al cinema il 23 ottobre, Jeremy Allen White e il regista Scott Cooper fanno tappa a Roma per la promozione di Springsteen: Liberami dal nulla.<\/p>\n<p>A seconda di quanto siate cresciuti con lui e respiriate la sua musica, la visione di <strong>Springsteen: Liberami dal nulla<\/strong> toccher\u00e0 diversamente le vostre corde emotive. Non si tratta del classico biopic che scandisce carriera e musica di una rockstar, ma di un film intimista confinato in un periodo di tempo di un paio d&#8217;anni all&#8217;inizio degli anni 80, proprio come <strong>Bruce Springsteen<\/strong> ha sempre immaginato un film su di lui. Colui che ha l&#8217;onere e l&#8217;onore di interpretare il Boss \u00e8 <a href=\"https:\/\/www.comingsoon.it\/personaggi\/jeremy-allen-white\/200665\/biografia\/\" target=\"_blank\" title=\"Jeremy Allen White\" rel=\"nofollow noopener\"><strong>Jeremy Allen White<\/strong><\/a> (la foto in alto \u00e8 di Luca Carlino), l&#8217;attore che ha sedotto gli appassionati spettatori delle serie con cui si \u00e8 formato artisticamente, <strong>Shameless<\/strong> e <strong>The Bear<\/strong>.<\/p>\n<p>Il tour promozionale europeo di <strong><a href=\"https:\/\/www.comingsoon.it\/film\/springsteen-liberami-dal-nulla\/67010\/scheda\/\" target=\"_blank\" title=\"Springsteen: Liberami dal nulla\" rel=\"nofollow noopener\">Springsteen: Liberami dal nulla<\/a>, dal 23 ottobre al cinema con The Walt Disney Company Italia<\/strong>, ha portato a Roma <strong>White<\/strong> insieme a <strong>Scott Cooper<\/strong> che ha scritto e diretto il film. Nel corso dell&#8217;incontro con la stampa, il regista ha approfondito molto il suo rapporto con la rockstar americana confermando quanto la sua sensibilit\u00e0 e conoscenza della musica di Springsteen lo avessere naturalmente condotto verso la realizzazione di questa storia. <strong>Jeremy Allen White<\/strong> \u00e8 stato invece pi\u00f9 fedele alla sua indole introversa, rimanendo su un discorso molto professionale e poco passionale. Perch\u00e9, giustamente, \u00e8 pi\u00f9 utile che la passione la porti sul set nell&#8217;interpretare i personaggi problematici che insegue e che inseguono lui.<\/p>\n<p>Il film racconta la storia della realizzazione dell&#8217;album &#8220;Nebraska&#8221; del 1982, anno in cui Springsteen era un giovane musicista gi\u00e0 conosciuto e a un passo dal diventare una superstar mondiale (il celebre brano Born in the USA sarebbe uscito due anni pi\u00f9 tardi). <strong>Liberami dal nulla <\/strong> mostra il cantante alle prese con il difficile equilibrio tra la sua ascesa artistica e i traumi del passato. Inciso con un registratore a quattro piste nella sua camera da letto in New Jersey, l&#8217;album segn\u00f2 un momento di svolta nella sua vita ed \u00e8 considerato una delle sue opere pi\u00f9 durature.<\/p>\n<p>Springsteen &#8211; Liberami dal nulla: &#8220;\u00c8 la prima volta in 50 anni che Springsteen concede la sua storia a qualcuno&#8221;<\/p>\n<p>L&#8217;ultima domanda dell&#8217;incontro tocca il capitolo <strong>Oscar<\/strong>. Gi\u00e0 si parla di una sicura nomination per il protagonista, come regolarmente accade da un po&#8217; di tempo per chi interpreta rockstar del passato o della musica contemporanea (Malek\/Mercury, Butler\/Elvis, Chalamet\/Dylan, Egerton\/Elton, Zellweger\/Garland, Cotillard\/Piaf, Phoenix\/Cash). L&#8217;unica risposta corretta <strong>Jeremy Allen White<\/strong> la d\u00e0, dicendo che &#8220;proprio come Bruce Springsteen ha fatto con l&#8217;album Nebraska, anche io non mi concentro sul lavoro per inseguire qualcosa&#8221;. E aggiunge che tutta l&#8217;attenzione che il chiacchiericcio sugli Oscar pu\u00f2 portare, \u00e8 benvenuta se pi\u00f9 gente va a vedere il film.<\/p>\n<p><strong>Scott Cooper<\/strong> esordisce in conferenza riflettendo riflette sull\u2019attualit\u00e0 dei temi di Nebraska. &#8220;Bruce Springsteen \u00e8 politico, ma non nel senso di appartenenza a un partito. Lo \u00e8 da un punto di vista umano. Il suo album parla di persone ai margini della societ\u00e0, di chi non ha nulla, di chi vive una vita di silenziosa disperazione. Quelle persone che lottano per raggiungere il sogno americano ma non ci riescono. E ci\u00f2 che ha scritto nel 1982 \u00e8 valido ancora oggi&#8221;. &#8220;L\u2019album nasce da un senso di isolamento\u201d spiega <strong>Jeremy Allen White<\/strong> segnalando che dentro quella solitudine si nasconde empatia. &#8220;Quando lo ascolto, mi sento compreso. C\u2019\u00e8 tanta rabbia e confusione nel mondo di oggi, ma in Nebraska sento anche molta speranza&#8221;.<\/p>\n<p>Da sempre restio a concedere la propria storia al cinema, <strong>Springsteen<\/strong> ha affidato per la prima volta il controllo a qualcuno. &#8220;\u00c8 incredibilmente gratificante che quel qualcuno sia io&#8221; dice <strong>Scott<\/strong>, &#8220;\u00e8 la prima volta in cinquant\u2019anni che Bruce lascia il timone a qualcun altro. Ecco, una responsabilit\u00e0 enorme, resa ancora pi\u00f9 personale dal legame familiare, perch\u00e9 mio padre mi fece scoprire Springsteen attraverso Nebraska, ed \u00e8 a lui che dedico il film&#8221;. <strong>White<\/strong> ricorda invece la pressione e la fortuna di essere stato scelto per interpretare il Boss. &#8220;All\u2019inizio ero spaventato: \u00e8 una figura iconica, e temevo di rompere il legame che ha con i suoi fan. Ma quando Scott mi disse che Bruce vuole proprio me, gli dissi, perch\u00e9 non me l&#8217;hai detto subito?&#8221;. Ricordando il loro primo incontro, l&#8217;attore racconta di aver visto <strong>Springsteen<\/strong> esibirsi davanti a 90milan persone a Wembley. &#8220;\u00c8 stato travolgente. Sul palco c\u2019\u00e8 una fisicit\u00e0 quasi violenta, ma fuori c\u2019\u00e8 una dolcezza e un\u2019umilt\u00e0 incredibili. Imparo da lui il coraggio di lasciar raccontare la propria storia, di concederla ad altri&#8221;.<\/p>\n<p>Il film, come l\u2019album, nasce da un impulso quasi istintivo. &#8220;A volte sono i progetti a scegliere te&#8221;, continua <strong>Cooper<\/strong>. &#8220;Bruce non pensava di fare un disco, viveva un momento di profonda disperazione e ha dovuto creare Nebraska per sopravvivere a se stesso&#8221;. &#8220;\u00c8 un film sull\u2019onest\u00e0&#8221; prosegue <strong>White<\/strong>, &#8220;Bruce torna a casa e non riconosce pi\u00f9 se stesso n\u00e9 il luogo da cui viene. Da quella dissonanza nasce la verit\u00e0 del racconto&#8221;. Parlando del processo creativo, <strong>Cooper<\/strong> sottolinea quanto sia rivoluzionario registrare l\u2019album in una camera da letto nei primi anni 80. &#8220;All&#8217;epoca incidevano in studio, Bruce invece decise di registrare su un quattro piste nella sua camera da letto. Oggi registrare a casa \u00e8 normale, ma lui cercava deliberatamente l\u2019imperfezione. Quando tenta di ricrearla in uno studio professionale, tutto risulta troppo pulito. \u00c8 ossessionato dal ritrovare quel suono grezzo e umano&#8221;. <strong>White<\/strong> concorda spiegando che &#8220;oggi la tecnologia permette di registrare ovunque, ma allora era un gesto radicale. Quel suono intimo, quasi spettrale, lo avvicina all\u2019ascoltatore in modo unico. Nebraska \u00e8 forse l\u2019album pi\u00f9 punk che Bruce abbia mai fatto, non per il suono, ma per lo spirito&#8221;.<\/p>\n<p>Nel suo cast troviamo anche <strong>Jeremy Strong<\/strong> nel ruolo di Jon Landau, storico manager e confidente di Springsteen, e <strong>Paul Walter Hauser<\/strong> in quello del tecnico di chitarre Mike Batlan. <strong>Stephen Graham<\/strong> \u00e8 il padre Doug con cui Bruce ha un rapporto difficile, mentre <strong>Odessa Young<\/strong> \u00e8 Faye, la donna che lo fa innamorare e al contempo, involontariamente, lo mette di fronte alle sue paure.<br \/>&#13;<br \/>\nQui sotto il trailer di <strong>Springsteen: Liberami dal Nulla.<\/strong><\/p>\n<p>Springsteen: Liberami dal Nulla: Il Trailer Ufficiale in Italiano del Film su Bruce Springsteen con Jeremy Allen White &#8211; HD<\/p>\n","protected":false},"excerpt":{"rendered":"Con il film in uscita al cinema il 23 ottobre, Jeremy Allen White e il regista Scott Cooper&hellip;\n","protected":false},"author":3,"featured_media":157748,"comment_status":"","ping_status":"","sticky":false,"template":"","format":"standard","meta":{"footnotes":""},"categories":[1442],"tags":[203,454,204,1537,90,89,1521],"class_list":{"0":"post-157747","1":"post","2":"type-post","3":"status-publish","4":"format-standard","5":"has-post-thumbnail","7":"category-film","8":"tag-entertainment","9":"tag-film","10":"tag-intrattenimento","11":"tag-it","12":"tag-italia","13":"tag-italy","14":"tag-movies"},"share_on_mastodon":{"url":"","error":""},"_links":{"self":[{"href":"https:\/\/www.europesays.com\/it\/wp-json\/wp\/v2\/posts\/157747","targetHints":{"allow":["GET"]}}],"collection":[{"href":"https:\/\/www.europesays.com\/it\/wp-json\/wp\/v2\/posts"}],"about":[{"href":"https:\/\/www.europesays.com\/it\/wp-json\/wp\/v2\/types\/post"}],"author":[{"embeddable":true,"href":"https:\/\/www.europesays.com\/it\/wp-json\/wp\/v2\/users\/3"}],"replies":[{"embeddable":true,"href":"https:\/\/www.europesays.com\/it\/wp-json\/wp\/v2\/comments?post=157747"}],"version-history":[{"count":0,"href":"https:\/\/www.europesays.com\/it\/wp-json\/wp\/v2\/posts\/157747\/revisions"}],"wp:featuredmedia":[{"embeddable":true,"href":"https:\/\/www.europesays.com\/it\/wp-json\/wp\/v2\/media\/157748"}],"wp:attachment":[{"href":"https:\/\/www.europesays.com\/it\/wp-json\/wp\/v2\/media?parent=157747"}],"wp:term":[{"taxonomy":"category","embeddable":true,"href":"https:\/\/www.europesays.com\/it\/wp-json\/wp\/v2\/categories?post=157747"},{"taxonomy":"post_tag","embeddable":true,"href":"https:\/\/www.europesays.com\/it\/wp-json\/wp\/v2\/tags?post=157747"}],"curies":[{"name":"wp","href":"https:\/\/api.w.org\/{rel}","templated":true}]}}