{"id":157813,"date":"2025-10-10T18:07:11","date_gmt":"2025-10-10T18:07:11","guid":{"rendered":"https:\/\/www.europesays.com\/it\/157813\/"},"modified":"2025-10-10T18:07:11","modified_gmt":"2025-10-10T18:07:11","slug":"ciclomercato-2026-ambrosini-matthews-rochas-unibet-a-van-der-tuuk-vesco","status":"publish","type":"post","link":"https:\/\/www.europesays.com\/it\/157813\/","title":{"rendered":"CicloMercato 2026: Ambrosini, Matthews, Rochas, Unibet, A. Van Der Tuuk, Vesco"},"content":{"rendered":"<p>\t\t\t\t\t<a href=\"https:\/\/cyclingpro.net\/spaziociclismo\/altro\/scopri-lapp-ufficiale-di-spaziociclismo\/\" title=\"\" rel=\"nofollow noopener\" target=\"_blank\"><br \/>\n\t\t\t\t\t\t<img loading=\"lazy\" decoding=\"async\" src=\"https:\/\/www.europesays.com\/it\/wp-content\/uploads\/2025\/09\/1758060682_662_Banner-App-SpazioCiclismo.png\" alt=\"\" width=\"728\" height=\"91\"\/><br \/>\n\t\t\t\t\t<\/a><\/p>\n<p>La stagione si avvicina ormai alla sua conclusione, ma il <strong>CicloMercato<\/strong> \u00e8 ancora piuttosto vivace. Sono ancora diverse le squadre che devono definire i roster per il 2026, in particolare tra le formazioni Professional, dove la <strong>Unibet Tietema Rockets<\/strong> rivoluzioner\u00e0 in parte la propria rosa. Gi\u00e0 comunicati gli innesti di Dylan Groenewegen, Maty\u00e1\u0161 Kopeck\u00fd, Niklas Larsen e Elmar Reinders, la compagine francese ha annunciato oggi i corridori che non saranno confermati per il prossimo anno. A lasciare il team saranno<strong> Zeb Kyffin<\/strong>, che proprio pochi giorni fa <a href=\"https:\/\/cyclingpro.net\/spaziociclismo\/sintesi-gare\/tour-de-langkawi-2025-gruppo-beffato-sorpresa-zeb-kyffin\/\" rel=\"nofollow noopener\" target=\"_blank\">ha colto il suo primo successo tra i pro\u2019 in una tappa del Tour de Langkawi<\/a>, <strong>Davide Bomboi<\/strong>, <strong>Baptiste Huyet<\/strong>, <strong>Kevin Inkelaar<\/strong>, <strong>Sebastian Nielsen<\/strong>, <strong>Charles Paige<\/strong>, <strong>Andreas Stokbro<\/strong> e Martijn Budding, <a href=\"https:\/\/cyclingpro.net\/spaziociclismo\/continental\/unibet-tietema-rockets-martijn-budding-costretto-al-ritiro-per-motivi-di-salute\/\" rel=\"nofollow noopener\" target=\"_blank\">che gi\u00e0 nelle scorse settimane aveva comunicato il suo ritiro per problemi di salute<\/a>.<\/p>\n<p>In Spagna, la <strong>Euskaltel-Euskadi<\/strong> ha invece ufficializzato l\u2019arrivo di <strong>Axel Van Der Tuuk<\/strong>, 24enne che nelle ultime quattro annate ha vestito la maglia della Metec \u2013 SOLARWATT p\/b Mantel. Il neerlandese, che ha gi\u00e0 corso con la formazione basca in questo finale di stagione come stagista, ha firmato un accordo biennale, approdando cos\u00ec tra i professionisti e andando a raggiungere in squadra il fratello maggiore Danny. Far\u00e0 il salto tra i pro\u2019 anche il 23enne <strong>Matteo Ambrosini<\/strong>, che \u00e8 stato confermato nella rosa della <strong>MBH Bank Ballan CSB<\/strong>, team che il prossimo anno diventer\u00e0 Professional e nel quale invece non correr\u00e0 pi\u00f9 <strong>Leonardo Vesco<\/strong>, che rester\u00e0 a livello Continental entrando a far parte della <strong>Biesse Carrera Premac<\/strong>.<\/p>\n<p>Chi non cambier\u00e0 squadra \u00e8 invece <strong>R\u00e9my Rochas<\/strong>, che ha rinnovato per un anno il contratto con la <strong>Groupama-FDJ<\/strong>, squadra nella quale \u00e8 approdato a inizio 2024 riuscendo in questo periodo a raccogliere diversi piazzamenti, tra cui due top-5 di tappa all\u2019ultimo Giro d\u2019Italia, ma non ad ottenere quella vittoria finora sempre sfuggitagli tra i professionisti. Altro rinnovo, non ancora ufficiale ma altamente probabile, sar\u00e0 quello di <strong>Michael Matthews<\/strong> con il <strong>Team Jayco AlUla<\/strong>; a riportarlo \u00e8 il giornalista della Gazzetta dello Sport <a href=\"https:\/\/x.com\/cirogazzetta\/status\/1976310425416597625?ref_src=twsrc%5Etfw%7Ctwcamp%5Etweetembed%7Ctwterm%5E1976310425416597625%7Ctwgr%5Ec55203d35450a629ff5659cfa1cb7a1eb8bf4c41%7Ctwcon%5Es1_&amp;ref_url=https%3A%2F%2Flegruppetto.fr%2Fforum%2Fviewtopic.php%3Ff%3D12t%3D180start%3D70360\" rel=\"nofollow\">Ciro Scognamiglio<\/a>, secondo cui l\u2019accordo tra le due parti \u00e8 praticamente fatto. Il 35enne australiano seguiter\u00e0 cos\u00ec a correre nella formazione di casa, dove ha quasi sempre militato ad eccezione dei suoi primi due anni tra i pro\u2019 con la Rabobank (2011 e 2012) e la parentesi di quattro stagioni (2017-2020) con il Team Sunweb.<\/p>\n","protected":false},"excerpt":{"rendered":"La stagione si avvicina ormai alla sua conclusione, ma il CicloMercato \u00e8 ancora piuttosto vivace. Sono ancora diverse&hellip;\n","protected":false},"author":3,"featured_media":157814,"comment_status":"","ping_status":"","sticky":false,"template":"","format":"standard","meta":{"footnotes":""},"categories":[1456],"tags":[1824,1849,1825,1537,90,89,245,244],"class_list":{"0":"post-157813","1":"post","2":"type-post","3":"status-publish","4":"format-standard","5":"has-post-thumbnail","7":"category-ciclismo","8":"tag-ciclismo","9":"tag-ciclomercato-2026","10":"tag-cycling","11":"tag-it","12":"tag-italia","13":"tag-italy","14":"tag-sport","15":"tag-sports"},"share_on_mastodon":{"url":"","error":""},"_links":{"self":[{"href":"https:\/\/www.europesays.com\/it\/wp-json\/wp\/v2\/posts\/157813","targetHints":{"allow":["GET"]}}],"collection":[{"href":"https:\/\/www.europesays.com\/it\/wp-json\/wp\/v2\/posts"}],"about":[{"href":"https:\/\/www.europesays.com\/it\/wp-json\/wp\/v2\/types\/post"}],"author":[{"embeddable":true,"href":"https:\/\/www.europesays.com\/it\/wp-json\/wp\/v2\/users\/3"}],"replies":[{"embeddable":true,"href":"https:\/\/www.europesays.com\/it\/wp-json\/wp\/v2\/comments?post=157813"}],"version-history":[{"count":0,"href":"https:\/\/www.europesays.com\/it\/wp-json\/wp\/v2\/posts\/157813\/revisions"}],"wp:featuredmedia":[{"embeddable":true,"href":"https:\/\/www.europesays.com\/it\/wp-json\/wp\/v2\/media\/157814"}],"wp:attachment":[{"href":"https:\/\/www.europesays.com\/it\/wp-json\/wp\/v2\/media?parent=157813"}],"wp:term":[{"taxonomy":"category","embeddable":true,"href":"https:\/\/www.europesays.com\/it\/wp-json\/wp\/v2\/categories?post=157813"},{"taxonomy":"post_tag","embeddable":true,"href":"https:\/\/www.europesays.com\/it\/wp-json\/wp\/v2\/tags?post=157813"}],"curies":[{"name":"wp","href":"https:\/\/api.w.org\/{rel}","templated":true}]}}