{"id":157821,"date":"2025-10-10T18:11:10","date_gmt":"2025-10-10T18:11:10","guid":{"rendered":"https:\/\/www.europesays.com\/it\/157821\/"},"modified":"2025-10-10T18:11:10","modified_gmt":"2025-10-10T18:11:10","slug":"bebeto-al-festival-dello-sport-dissi-no-alla-juve-per-stare-in-brasile","status":"publish","type":"post","link":"https:\/\/www.europesays.com\/it\/157821\/","title":{"rendered":"Bebeto al Festival dello sport: &#8220;Dissi no alla Juve per stare in Brasile&#8221;"},"content":{"rendered":"<p>                                L&#8217;ex stella della Sele\u00e7ao presente al Festival di Trento: &#8220;La vittoria a Usa &#8217;94 ha riportato gioia al paese dopo la morte di Senna. Il Fenomeno ebbe le convulsioni prima della gara contro la Francia: Zagallo piangeva e noi eravamo sotto shock&#8221;<\/p>\n<p>\n                                                    dal nostro inviato Simone Battaggia\n                            <\/p>\n<p>                    10 ottobre 2025 (modifica alle 16:51)  &#8211; TRENTO<\/p>\n<p class=\"paragraph\" spellcheck=\"true\">I ricordi del 1994, i retroscena del 1998, l\u2019affetto per l\u2019Italia. Bebeto racconta la sua storia alla Filarmonica e porta al Festival dello Sport degli squarci sul calcio dei grandi, su anni passati e bellissimi che anche noi italiani ricordiamo con un misto di affetto e di sofferenza. Era in campo, Bebeto, nella finale del Mondiale americano del 1994, persa dall\u2019Italia ai rigori. \u201cPer noi \u00e8 stata una gioia enorme il quarto mondiale. Venivamo dalla perdita di Ayrton Senna che era avvenuta solo due mesi e mezzo prima, dovevamo dare una gioia al nostro popolo. Questo titolo fu fondamentale. Io quel giorno ero stato assegnato come quinto rigorista. Se Baggio non avesse sbagliato il suo io ero pronto. Mi ero allenato tantissimo, facevo 70 tiri al giorno. La nostra squadra era preparatissima, a livello mentale come fisico\u201d.\u00a0<\/p>\n<p>    La doccia di Leonardo\u2014 \u00a0<\/p>\n<p class=\"paragraph is-inline\" spellcheck=\"true\">Bebeto ha raccontato di come in quel Mondiale fu fondamentale la vittoria contro gli Stati Uniti, agli ottavi. \u201cQuel giorno ho avuto la certezza che il Brasile avrebbe vinto. Quel giorno contro gli Usa, il 4 luglio, Leonardo venne espulso alla fine del primo tempo. Lui che \u00e8 un ragazzo educatissimo, incapace di far male, venne buttato fuori per una gomitata. All\u2019intervallo lo cercai nello spogliatoio, mi dissero che era sotto la doccia. Era l\u00ec, seduto sotto l\u2019acqua, che piangeva. \u201cLeo, alza la testa\u201d, gli dissi. \u201cVinceremo il quarto mondiale e oggi far\u00f2 il gol della vittoria, te lo prometto\u201d. Cos\u00ec nel secondo tempo ho fatto il gol, e quando sono rientrato nello spogliatoio mi ha abbracciato e ha pianto tantissimo sulla mia spalla. Un momento splendido che il calcio mi ha regalato\u201d.\u00a0<\/p>\n<p>    La culla e Ronaldo\u2014 \u00a0<\/p>\n<p class=\"paragraph is-inline\" spellcheck=\"true\">Ai quarti un altro gol di Bebeto e un altro momento epico, contro l\u2019Olanda: il gesto della culla, che \u00e8 diventato un simbolo per tutti i calciatori del mondo. Perch\u00e9 lo fece? \u201cChiesi a Dio di poter fare un gol contro l\u2019Olanda, per dedicarlo a mia moglie e a mio figlio. Quando ho visto che avevo la possibilit\u00e0 di farlo, ho cercato di segnare, perch\u00e9 non potevo perdere quell\u2019opportunit\u00e0. \u00c8 il solo figlio che non ho visto nascere, cos\u00ec era il modo per sentirlo con me, con il gesto della culla\u201d. Bebeto ha poi fatto una carrellata di altri grandi campioni brasiliani. \u201cZico era il mio idolo nel calcio. Oltre a essere un grande giocatore, \u00e8 un grande essere umano. Mi ha ispirato, gli voglio molto bene. Ronaldo il Fenomeno? Fantastico. Ho avuto la fortuna di vederlo iniziare, a 14 anni. Stavo per giocare al Maracan\u00e0, un allenatore mi disse &#8216;Lui diventer\u00e0 un grande&#8217;. Quando l\u2019ho visto giocare, ho capito che era particolare. Velocit\u00e0, rapidit\u00e0 di ragionamento, palleggio: si vedeva che sarebbe diventato una star. Quel giorno prima della finale del 1998, contro la Francia, si era sentito male. Aveva avuto una convulsione. Ricordo che Zagallo piangeva, noi abbiamo cercato di tranquillizzarci e concentrarci, ma purtroppo non siamo riusciti a farlo come avremmo dovuto per una partita cos\u00ec importante. La Francia se l\u2019\u00e8 meritato, quel titolo, ma la Sele\u00e7ao era sicuramente molto meglio\u201d.\u00a0<\/p>\n<p>    Il Mondiale\u2014 \u00a0<\/p>\n<p class=\"paragraph is-inline\" spellcheck=\"true\">Bebeto ha offerto anche il suo sguardo sulla prossima Coppa del Mondo: \u201cIl Brasile sta vivendo un momento di rinnovamento. Sar\u00e0 molto difficile vincere il Mondiale, ma abbiamo molta fiducia in Carlo Ancelotti. \u00c8 nato per vincere, lo ha nel Dna. Averlo nella nostra nazionale \u00e8 un motivo d\u2019orgoglio. Spero che possa avere tutte le chance\u201d. L\u2019Italia che rischia di restare fuori per la terza volta di fila? \u201cE\u2019 un peccato che fatichi, l\u2019Italia e il Brasile devono sempre far parte della Coppa del Mondo. Ha un potenziale enorme, ricordo dei grandi come Baresi, Baggio e poi Donadoni, Maldini. E Paolo Rossi, che nel 1982 \u00e8 stato il nostro boia. Non riesco a spiegarmi le difficolt\u00e0 di oggi\u201d. Infine una battuta sul suo passato da calciatore. \u201cNon ho mai voluto lasciare il Brasile, sono innamorato del mio paese. Ricevevo delle proposte attraverso il Flamengo: il Bayern Monaco, anche la Juventus si erano fatti avanti, ma in quel momento dovevo restare nel mio paese\u201d.<\/p>\n<p class=\"is-copyright\">\u00a9 RIPRODUZIONE RISERVATA<\/p>\n","protected":false},"excerpt":{"rendered":"L&#8217;ex stella della Sele\u00e7ao presente al Festival di Trento: &#8220;La vittoria a Usa &#8217;94 ha riportato gioia al&hellip;\n","protected":false},"author":3,"featured_media":157822,"comment_status":"","ping_status":"","sticky":false,"template":"","format":"standard","meta":{"footnotes":""},"categories":[1452],"tags":[12288,8290,97416,3734,721,1330,4297,22378,41999,40204,3881,2097,2154,1973,4631,2716,1426,4205,1740,4300,324,97417,1889,19143,1976,1251,1537,90,89,6775,1353,34942,63344,3673,97418,14751,1922,1956,27705,46999,1739,26936,245,244,42564,410,6713,4968,2224],"class_list":{"0":"post-157821","1":"post","2":"type-post","3":"status-publish","4":"format-standard","5":"has-post-thumbnail","7":"category-calcio","8":"tag-affetto","9":"tag-baggio","10":"tag-bebeto","11":"tag-brasile","12":"tag-calcio","13":"tag-cercato","14":"tag-coppa","15":"tag-culla","16":"tag-dissi","17":"tag-doccia","18":"tag-enorme","19":"tag-far","20":"tag-farlo","21":"tag-fenomeno","22":"tag-festival","23":"tag-figlio","24":"tag-finale","25":"tag-fondamentale","26":"tag-football","27":"tag-francia","28":"tag-gesto","29":"tag-gesto-culla","30":"tag-giocare","31":"tag-gioia","32":"tag-gol","33":"tag-grandi","34":"tag-it","35":"tag-italia","36":"tag-italy","37":"tag-leonardo","38":"tag-mondiale","39":"tag-olanda","40":"tag-piangeva","41":"tag-quarto","42":"tag-quarto-mondiale","43":"tag-restare","44":"tag-ricordo","45":"tag-ronaldo","46":"tag-selecao","47":"tag-senna","48":"tag-soccer","49":"tag-spogliatoio","50":"tag-sport","51":"tag-sports","52":"tag-tantissimo","53":"tag-usa","54":"tag-venne","55":"tag-vincere","56":"tag-vittoria"},"share_on_mastodon":{"url":"","error":""},"_links":{"self":[{"href":"https:\/\/www.europesays.com\/it\/wp-json\/wp\/v2\/posts\/157821","targetHints":{"allow":["GET"]}}],"collection":[{"href":"https:\/\/www.europesays.com\/it\/wp-json\/wp\/v2\/posts"}],"about":[{"href":"https:\/\/www.europesays.com\/it\/wp-json\/wp\/v2\/types\/post"}],"author":[{"embeddable":true,"href":"https:\/\/www.europesays.com\/it\/wp-json\/wp\/v2\/users\/3"}],"replies":[{"embeddable":true,"href":"https:\/\/www.europesays.com\/it\/wp-json\/wp\/v2\/comments?post=157821"}],"version-history":[{"count":0,"href":"https:\/\/www.europesays.com\/it\/wp-json\/wp\/v2\/posts\/157821\/revisions"}],"wp:featuredmedia":[{"embeddable":true,"href":"https:\/\/www.europesays.com\/it\/wp-json\/wp\/v2\/media\/157822"}],"wp:attachment":[{"href":"https:\/\/www.europesays.com\/it\/wp-json\/wp\/v2\/media?parent=157821"}],"wp:term":[{"taxonomy":"category","embeddable":true,"href":"https:\/\/www.europesays.com\/it\/wp-json\/wp\/v2\/categories?post=157821"},{"taxonomy":"post_tag","embeddable":true,"href":"https:\/\/www.europesays.com\/it\/wp-json\/wp\/v2\/tags?post=157821"}],"curies":[{"name":"wp","href":"https:\/\/api.w.org\/{rel}","templated":true}]}}