{"id":157838,"date":"2025-10-10T18:20:11","date_gmt":"2025-10-10T18:20:11","guid":{"rendered":"https:\/\/www.europesays.com\/it\/157838\/"},"modified":"2025-10-10T18:20:11","modified_gmt":"2025-10-10T18:20:11","slug":"paolo-sottocorona-il-sostituto-fabio-angelicchio-spero-mi-perdoni-se-occupo-il-suo-posto-mentana-se-ne-andato-durante-questo-tg-il-messaggero","status":"publish","type":"post","link":"https:\/\/www.europesays.com\/it\/157838\/","title":{"rendered":"Paolo Sottocorona, il sostituto Fabio Angelicchio: \u00abSpero mi perdoni se occupo il suo posto\u00bb. Mentana: \u00abSe n\u2019\u00e8 andato durante questo tg\u00bb &#8211; Il Messaggero"},"content":{"rendered":"<ol>\n<li><a href=\"https:\/\/news.google.com\/rss\/articles\/CBMivgFBVV95cUxQR1BOc1IyaHFkNHp6aFNLODZFZ0hySVptUjYtYlY5Q09LQmprLV9zMzZYMG9pQXRsM3BueldBQXRTMi12VzVPZmF0OVk5Yy1KZnJidnR1eEpodFRjN004V213UnhKOUhtODdlOHk0WnFLcEVKMnZJUTlwSTlsNkhaVXE5WWIyOUVzbHVmTkx1Qlh6VHJ1Mk1UODZKN0ZNX3lBNm1KSEFEUUJjckRHSlY5SERpdHhMZVhiczlrZ2V30gHDAUFVX3lxTE1WMVVYRlZfWHJEZkNGRkI5RVBMN0RocURVc3BQLWEzV01kQW50Y0hGRERHdGRhNHhLU3RlVU1jZlBEbmdPd3ctUmxRcmJPTkNYRmlGREdUNmJyaUxSZGpzRWhaRWpXMk1yd2hOa1dHS0FBWHlpQWhzZWFBZnR5c3NGejI1a0RaTVRwdHBTVFJKemNLVHRTY0s4dTVlUklMcE1VOHVsdDF1UWJFWmJYSjQ3QUV3Z2w1dlB4eTZSb2NXbHl6aw?oc=5\" target=\"_blank\" rel=\"nofollow noopener\">Paolo Sottocorona, il sostituto Fabio Angelicchio: \u00abSpero mi perdoni se occupo il suo posto\u00bb. Mentana: \u00abSe n\u2019\u00e8 andato durante questo tg\u00bb<\/a>&nbsp;&nbsp;Il Messaggero<\/li>\n<li><a href=\"https:\/\/news.google.com\/rss\/articles\/CBMi7AFBVV95cUxOSGltd0V4M2VxS19xQ0NmV0J1THNtNzNXelZoNnBLSDV0QkRtQkRWWng1ZHBwR1dfNzhNU0U1ZHlUdVN0dEZVQkU1aWxydndvN0lwcGVRVkdPMmVFUVpsZlhFd3N3N0dWN3VnSmNUQUZIN1JRN0pOc3ExT2g1MTY0QW1GcmZqbTV6dUg1ZUZlNC1tb256T3dHX0xXaUVLWXJxM2I4Y2hnZEZmcVVHeVRJc3lNU3dEM3d1ZUVrRzJFTkNYUFZFZkFqd2p0dEloYkxzTmttZ2YxNElOT25JWS1Cc3FvME1tR3N6aUw0NQ?oc=5\" target=\"_blank\" rel=\"nofollow noopener\">Paolo Sottocorona, perch\u00e9 \u00e8 morto il meteorologo di La7: l&#8217;amore per la moglie e i cani, cosa \u00e8 successo<\/a>&nbsp;&nbsp;Corriere Adriatico<\/li>\n<li><a href=\"https:\/\/news.google.com\/rss\/articles\/CBMivwJBVV95cUxQaWFQbXlrTENVNTNJbndNVGg5UjIyU0VITlBKanREakhUcF9Db1dRU3cwRXR6SEN4QWpSUFlKbkZGWEEtc1Uzek9wTjdoTmx0al9rYml5XzRIczBNQXdoSktrNGNMZEU5d1FzQTFxdWE0d1NXbU5UMm44eXNZMDBJR2llcVRnTnAxbDloZ0luVWcyaE5kNlVtbnBhNlR3bWV1RlV1VENXa2RKbVplX04tbEEyc055cS1wUGJ0UWk5M0R6RmxWS2t4Wk1WREl0cHJaQi1nUmQ2ajlIM2lmY1ozVlRqa3VUOHc2bjFzekdPSEIzTEFVUDRrdkZDSWxBdUZYVUlXMVNJd2NrbmRqNTJvalhIQTdUSTA2Wlh3V1FsNzJua3liYTVybkhFQzFUT2lXRnJFYlM5SGpDRDVESGJ3?oc=5\" target=\"_blank\" rel=\"nofollow noopener\">Mentana ricorda Sottocorona: &#8220;L&#8217;ultimo dei solisti del meteo&#8221; scomparso a 77 anni<\/a>&nbsp;&nbsp;Il Fatto Quotidiano<\/li>\n<li><a href=\"https:\/\/news.google.com\/rss\/articles\/CBMia0FVX3lxTFBqejZyRm1lWHJmWGluVDBaNW9JUmJ5QlhnRDJuN041Qlp5RmtQTDM3RzNPdFluY1E1YmQ0dzQtOHdULVl0QXFoMEdTX3Q5cGRqSE5tbTRNQzdsczZRSE5pdVFleWN5YlJ0NDE00gFwQVVfeXFMTzBWbGxwOGtTMktBcVRmdDdxRTNldE4xNVNsRUhfOVYzTnpCb183NFlHMzExZV9qR2pJLWQ5YjBodVdDODhTWmlnT3RGUlNCY0xjY0thVW9NaUY4eGd2d3ZWem9PalJpbE10Y2k1S01LVQ?oc=5\" target=\"_blank\" rel=\"nofollow noopener\">Paolo Sottocorona, le cause della morte e l\u2019omaggio di Enrico Mentana in tv<\/a>&nbsp;&nbsp;DiLei<\/li>\n<li><a href=\"https:\/\/news.google.com\/rss\/articles\/CBMi2gFBVV95cUxPb3Znbzh0YUVDUVE0QmY2bEdYbzBsNWh6RXg0QWZrVm8wa1Mxd2kyWUgycldSazg3LWZnMkwydkFtT1cyRWR5dFVsT2J2aUpQTE8zRVVaeDZVWmVyeHB1Q29nMENEVXBrQVNlbkpMZDJVSVNOZDJ0VU42NUlKZnRUbjZrWXBGUXp0Z2ZYRTdSV3NWOUpBeE5DTnFQREl3dENodnc4emRubWdNTnRvMEk1cnIzdTFYOFVSVEFuNzVpdEwtQjNKV011WEN3cjFzbWpuZ1pucTM4d0FYdw?oc=5\" target=\"_blank\" rel=\"nofollow noopener\">Paolo Sottocorona meteorologo La7, il ricordo di Enrico Mentana: &#8220;Se n&#8217;\u00e8 andato proprio durante questo Tg&#8221;<\/a>&nbsp;&nbsp;Virgilio<\/li>\n<\/ol>\n","protected":false},"excerpt":{"rendered":"Paolo Sottocorona, il sostituto Fabio Angelicchio: \u00abSpero mi perdoni se occupo il suo posto\u00bb. Mentana: \u00abSe n\u2019\u00e8 andato&hellip;\n","protected":false},"author":3,"featured_media":157839,"comment_status":"","ping_status":"","sticky":false,"template":"","format":"standard","meta":{"footnotes":""},"categories":[174],"tags":[69992,203,97428,204,1537,90,89,75089,3331,97429,300,95287,95288],"class_list":{"0":"post-157838","1":"post","2":"type-post","3":"status-publish","4":"format-standard","5":"has-post-thumbnail","7":"category-intrattenimento","8":"tag-enrico-mentana","9":"tag-entertainment","10":"tag-fabio-maria-angelicchio","11":"tag-intrattenimento","12":"tag-it","13":"tag-italia","14":"tag-italy","15":"tag-la-7","16":"tag-lutto","17":"tag-metereologo","18":"tag-morto","19":"tag-paolo-sottocorona","20":"tag-paolo-sottocorona-morto"},"share_on_mastodon":{"url":"","error":""},"_links":{"self":[{"href":"https:\/\/www.europesays.com\/it\/wp-json\/wp\/v2\/posts\/157838","targetHints":{"allow":["GET"]}}],"collection":[{"href":"https:\/\/www.europesays.com\/it\/wp-json\/wp\/v2\/posts"}],"about":[{"href":"https:\/\/www.europesays.com\/it\/wp-json\/wp\/v2\/types\/post"}],"author":[{"embeddable":true,"href":"https:\/\/www.europesays.com\/it\/wp-json\/wp\/v2\/users\/3"}],"replies":[{"embeddable":true,"href":"https:\/\/www.europesays.com\/it\/wp-json\/wp\/v2\/comments?post=157838"}],"version-history":[{"count":0,"href":"https:\/\/www.europesays.com\/it\/wp-json\/wp\/v2\/posts\/157838\/revisions"}],"wp:featuredmedia":[{"embeddable":true,"href":"https:\/\/www.europesays.com\/it\/wp-json\/wp\/v2\/media\/157839"}],"wp:attachment":[{"href":"https:\/\/www.europesays.com\/it\/wp-json\/wp\/v2\/media?parent=157838"}],"wp:term":[{"taxonomy":"category","embeddable":true,"href":"https:\/\/www.europesays.com\/it\/wp-json\/wp\/v2\/categories?post=157838"},{"taxonomy":"post_tag","embeddable":true,"href":"https:\/\/www.europesays.com\/it\/wp-json\/wp\/v2\/tags?post=157838"}],"curies":[{"name":"wp","href":"https:\/\/api.w.org\/{rel}","templated":true}]}}