{"id":157841,"date":"2025-10-10T18:22:09","date_gmt":"2025-10-10T18:22:09","guid":{"rendered":"https:\/\/www.europesays.com\/it\/157841\/"},"modified":"2025-10-10T18:22:09","modified_gmt":"2025-10-10T18:22:09","slug":"fuori-elkann-tutti-i-suoi-fallimenti-da-ferrari-a-maserati-il-tempo","status":"publish","type":"post","link":"https:\/\/www.europesays.com\/it\/157841\/","title":{"rendered":"&#8220;Fuori Elkann. Tutti i suoi fallimenti, da Ferrari a Maserati&#8221; \u2013 Il Tempo"},"content":{"rendered":"<p>            <img decoding=\"async\" src=\"https:\/\/www.europesays.com\/it\/wp-content\/uploads\/2025\/10\/170654608-9610ca23-289e-4d9a-b73f-07c4d4f2632c.jpg\" class=\"lazy\" alt=\"\"\/><\/p>\n<p>        Foto: Ansa<\/p>\n<p>&#13;<\/p>\n<p>\t\t\t\t\t\t\t<a href=\"\" class=\"author\">Gianni Di Capua<\/a><\/p>\n<p>\t\t\t\t\t\t\t10 ottobre 2025<\/p>\n<p>John Elkann &#8220;non ha oggettivamente le capacit\u00e0 gestionali per rimanere al vertice. Forse gli altri azionisti dovrebbero farlo ragionare e chiedergli un cambio&#8221;. Carlo Calenda va all&#8217;attacco lancia in resta del\u00a0presidente\u00a0di\u00a0Stellantis e di\u00a0Ferrari con una serie di slide su Instagram in cui inanella &#8220;tutti i fallimenti&#8221; della sua gestione lanciando l&#8217;hashtag #ElkannOut. &#8220;Dopo la presentazione di ieri al mercato, Ferrari ha perso il 13 per cento&#8221;, si legge nel post. Anche la gestione sportiva viene messa nel mirino. &#8220;Maranello non ha vinto nemmeno una gara nel campionato di quest&#8217;anno&#8221;, rincara la dose il leader di Azione. L&#8217;altro brand dell&#8217;auto di lusso?\u00a0&#8220;Maserati \u00e8 gi\u00e0 morta&#8221;, attacca Calenda che va al punto: Forse gli azionisti dovrebbero chiedergli un cambio&#8221;.\u00a0<\/p>\n<p>&#8220;La situazione del settore automotive italiano \u00e8 pressoch\u00e9\u00a0vicina alla chiusura. \u00c8 disastrosa. E il piano presentato da Elkann \u00e8 assolutamente non vero nei numeri, nei fatti, nei modelli e in tutti gli impegni presi. E anche su questo Landini non riesce a dire una parola chiara. Perch\u00e9? Perch\u00e9 Elkann possiede La Repubblica e La Stampa. Tant&#8217;e&#8217; che da quando dico questo non vado pi\u00f9 sui giornali&#8221;, ha ribadito\u00a0il leader di Azione ospite al convegno dei Giovani imprenditori di Confindustria in corso a Capri. &#8220;Io ritengo che dal tavolo del 20 ottobre (tra l&#8217;ad di Stellantis Filosa e i sindacati ndr) emerger\u00e0\u00a0l&#8217;assoluto nulla, Elkann va richiamato in Parlamento&#8221;. Il governo, ha concluso, \u00e8\u00a0l&#8217;unico in Europa che non \u00e8\u00a0riuscito ad avere un piano sull&#8217;automotive&#8221;.<\/p>\n","protected":false},"excerpt":{"rendered":"Foto: Ansa &#13; Gianni Di Capua 10 ottobre 2025 John Elkann &#8220;non ha oggettivamente le capacit\u00e0 gestionali per&hellip;\n","protected":false},"author":3,"featured_media":157842,"comment_status":"","ping_status":"","sticky":false,"template":"","format":"standard","meta":{"footnotes":""},"categories":[172],"tags":[178,177,97430,1537,90,89,717],"class_list":{"0":"post-157841","1":"post","2":"type-post","3":"status-publish","4":"format-standard","5":"has-post-thumbnail","7":"category-affari","8":"tag-affari","9":"tag-business","10":"tag-carlo-calenda","11":"tag-it","12":"tag-italia","13":"tag-italy","14":"tag-john-elkann"},"share_on_mastodon":{"url":"","error":""},"_links":{"self":[{"href":"https:\/\/www.europesays.com\/it\/wp-json\/wp\/v2\/posts\/157841","targetHints":{"allow":["GET"]}}],"collection":[{"href":"https:\/\/www.europesays.com\/it\/wp-json\/wp\/v2\/posts"}],"about":[{"href":"https:\/\/www.europesays.com\/it\/wp-json\/wp\/v2\/types\/post"}],"author":[{"embeddable":true,"href":"https:\/\/www.europesays.com\/it\/wp-json\/wp\/v2\/users\/3"}],"replies":[{"embeddable":true,"href":"https:\/\/www.europesays.com\/it\/wp-json\/wp\/v2\/comments?post=157841"}],"version-history":[{"count":0,"href":"https:\/\/www.europesays.com\/it\/wp-json\/wp\/v2\/posts\/157841\/revisions"}],"wp:featuredmedia":[{"embeddable":true,"href":"https:\/\/www.europesays.com\/it\/wp-json\/wp\/v2\/media\/157842"}],"wp:attachment":[{"href":"https:\/\/www.europesays.com\/it\/wp-json\/wp\/v2\/media?parent=157841"}],"wp:term":[{"taxonomy":"category","embeddable":true,"href":"https:\/\/www.europesays.com\/it\/wp-json\/wp\/v2\/categories?post=157841"},{"taxonomy":"post_tag","embeddable":true,"href":"https:\/\/www.europesays.com\/it\/wp-json\/wp\/v2\/tags?post=157841"}],"curies":[{"name":"wp","href":"https:\/\/api.w.org\/{rel}","templated":true}]}}