{"id":157843,"date":"2025-10-10T18:23:09","date_gmt":"2025-10-10T18:23:09","guid":{"rendered":"https:\/\/www.europesays.com\/it\/157843\/"},"modified":"2025-10-10T18:23:09","modified_gmt":"2025-10-10T18:23:09","slug":"trump-e-il-nobel-la-casa-bianca-contro-il-comitato-che-assegna-il-premio-alla-pace-antepone-la-politica-e-su-truth-ringrazia-putin-per-il-sostegno","status":"publish","type":"post","link":"https:\/\/www.europesays.com\/it\/157843\/","title":{"rendered":"Trump e il Nobel, la Casa Bianca contro il Comitato che assegna il premio: \u00abAlla pace antepone la politica\u00bb. E su Truth ringrazia Putin per il sostegno"},"content":{"rendered":"<p>    di<br \/>\n    Redazione Online<\/p>\n<p class=\"summary-art is-line-h-12\">Steven Cheung, il direttore delle comunicazioni, polemizza sulla scelta di premiare Mar\u00eda Corina Machado. Trump ha pi\u00f9 volte dichiarato di \u00abmeritare\u00bb il Nobel per la Pace<\/p>\n<p class=\"chapter-paragraph\">\u00abIl presidente <b>Trump <\/b>continuer\u00e0 a stringere accordi di pace in tutto il mondo,<b> a porre fine alle guerre e a salvare vite umane<\/b>\u00bb: lo ha detto Steven Cheung, direttore delle comunicazioni della Casa Bianca, in un post su X in cui polemizza apertamente con la scelta di attribuire\u00a0a <b><a href=\"https:\/\/www.corriere.it\/sette\/25_ottobre_10\/intervista-maria-corina-machado-nobel-pace-2025-b3c5a205-212f-43fb-b69f-e30e05cb9xlk.shtml\" title=\"Intervista a Mar\u00eda Corina Machado: \u00abLa sconfitta di Maduro? Mai stata cos\u00ec vicina. Vivo in clandestinit\u00e0, il regime mi d\u00e0 una caccia feroce\u00bb\" rel=\"nofollow noopener\" target=\"_blank\">Mar\u00eda\u00a0Corina Machado<\/a><\/b>\u00a0il premio <a href=\"https:\/\/www.corriere.it\/esteri\/25_ottobre_10\/nobel-per-la-pace-2025-maria-corina-machado-cb1ee9fe-c28a-42b6-8037-a7424df2exlk.shtml\" title=\"Il Nobel per la Pace 2025 a Maria Corina Machado, leader dell&#039;opposizione al regime di Maduro in Venezuela: \u00abSono sotto choc\u00bb\" rel=\"nofollow noopener\" target=\"_blank\">Nobel per la pace 2025<\/a>.\u00a0\u00a0<\/p>\n<p class=\"chapter-paragraph\">\u00abNon ci sar\u00e0 mai <b>nessuno <\/b>come lui in grado di spostare le montagne con la sola forza della sua volont\u00e0. <b>Il Comitato per il Nobel ha dimostrato di anteporre la politica alla pace<\/b>\u00bb, aggiunge Cheung. Affermazioni non casuali:\u00a0Trump ha pi\u00f9 volte dichiarato di ambire al premio, anzi di considerarlo doveroso per i suoi sforzi per la risoluzione dei conflitti internazionali. In <a href=\"https:\/\/www.corriere.it\/esteri\/diretta-live\/25_ottobre_10\/gaza-pace-israele-hamas-notizie-diretta.shtml\" title=\"Gaza, notizie in diretta sull&#039;accordo di pace Israele - Hamas | Completato il ritiro dell&#039;Idf, che avvisa: \u00abPericoloso avvicinarsi a Rafah\u00bb. Trump: \u00abManderemo 200 soldati. Ostaggi liberi entro marted\u00ec\u00bb\" rel=\"nofollow noopener\" target=\"_blank\">Medio Oriente<\/a>, ma non solo. <b>Tra le 338 candidature presentate per il riconoscimento, quest&#8217;anno, c&#8217;era anche la sua. Non \u00e8 la prima volta che viene presentata, ma neanche quest&#8217;anno ha convinto il comitato che assegna il Nobel. <\/b>Da qui la polemica di Cheung.<br \/>&#13;<br \/>\n&#13;<br \/>\n&#13;<br \/>\n&#13;<br \/>\n&#13;<br \/>\n&#13;<br \/>\n&#13;<br \/>\n&#13;<br \/>\n&#13;<br \/>\n&#13;<br \/>\n&#13;<br \/>\n&#13;<br \/>\n&#13;<br \/>\n&#13;<br \/>\n&#13;<br \/>\n&#13;<br \/>\n&#13;<br \/>\n&#13;<br \/>\n&#13;<br \/>\n&#13;<br \/>\n&#13;<br \/>\n&#13;<br \/>\n&#13;<br \/>\n&#13;<br \/>\n&#13;<br \/>\n&#13;<br \/>\n&#13;<br \/>\n&#13;<br \/>\n&#13;<br \/>\n&#13;<br \/>\n&#13;<br \/>\n&#13;<br \/>\n&#13;<br \/>\n&#13;<br \/>\n&#13;<br \/>\n&#13;<br \/>\n&#13;<br \/>\n&#13;<br \/>\n&#13;<br \/>\n&#13;<br \/>\n&#13;<br \/>\n&#13;<br \/>\n&#13;<br \/>\n&#13;<br \/>\n&#13;<br \/>\n&#13;<br \/>\n&#13;<br \/>\n&#13;<br \/>\n&#13;<br \/>\n&#13;<br \/>\n&#13;<br \/>\n&#13;<br \/>\n&#13;\n<\/p>\n<p>    Trump e la convinzione di meritare il Nobel per la Pace<\/p>\n<p class=\"chapter-paragraph\">Sul Corriere del 10 ottobre, Matteo Persivale ha passato in rassegna le numerose circostanze in cui il leader Usa ha parlato della sua ambizione di conquistare il Nobel per la Pace.<b\/><\/p>\n<p class=\"chapter-paragraph\"><b>Il presidente non ha mai nascosto di essere convinto di meritarlo, e da tempo: questa sarebbe quindi, per lui, l&#8217;ennesima volta in cui viene \u00abderubato\u00bb del premio, al contrario di Barack Obama<\/b>, che \u00e8 stato premiato nel 2009, appena entrato alla Casa Bianca.\u00a0<\/p>\n<p class=\"chapter-paragraph\"><b>\u00abLa magnifica ossessione di Trump\u00bb<\/b>, spiega Persivale, \u00ab\u00e8 cominciata durante il suo primo mandato\u00bb. Il presidente si \u00e8 autocandidato per la prima volta il 13 giugno 2018, dopo il vertice di Singapore con il leader nordcoreano Kim Jong-un (\u00abTutti dicono che dovrei vincere il Nobel per la Pace\u00bb). Poi \u00e8 pi\u00f9 volte tornato sul tema, come riassume Persivale:\u00a0\u00abIl 9 settembre 2020 dopo essere stato nominato da un parlamentare norvegese per la mediazione sugli storici Accordi di Abramo, twitta: &#8220;Trump candidato al Premio Nobel per la Pace&#8221;. Pi\u00f9 tardi spiega che <b>&#8220;dovrei vincere&#8230;perch\u00e9 nessuno ha fatto quello che ho fatto io&#8221;<\/b>.\u00a0In un\u2019apparizione su Fox News, precisa di meritarselo &#8220;assolutamente&#8221; per aver posto fine a &#8220;guerre infinite&#8221;\u00bb.\u00a0<\/p>\n<p class=\"chapter-paragraph\">Dopo la rielezione, <b>Trump ha ribadito il concetto pi\u00f9 volte<\/b>: ha detto di meritare il Nobel a febbraio, dopo aver ricevuto il primo ministro israeliano Netanyahu (\u00abMerito il Nobel per la Pace, ma non me lo daranno mai\u00bb); a giugno, dopo il cessate il fuoco tra India e Pakistan (\u00abAvrei dovuto ottenerlo quattro o cinque volte\u00bb) e a Ferragosto, durante un discorso sugli accordi mediati dagli Usa tra Congo-Ruanda e Azerbaigian-Armenia (\u00abLo merito, ho chiuso sette guerre\u00bb). <b>E poi di nuovo poche settimane fa, all\u2019Assemblea generale dell&#8217;Onu, quando ha dichiarato: \u00abTutti dicono che dovrei ricevere il Nobel per la Pace, ho messo fine a sette guerre interminabili\u00bb.<\/b> Il 30 settembre \u00e8 tornato sull&#8217;argomento scherzando sul piano di pace per Gaza: \u00abSe funziona, avremo fermato otto guerre in otto mesi. Non male. Riceveremo il Nobel?\u00bb. <b>Negarglielo, ha detto, sarebbe stato\u00a0\u00abun grave insulto\u00bb agli Usa. <\/b>L&#8217;ultima frecciatina risale all\u2019altro ieri: \u00abForse troveranno una ragione per non darmelo&#8230; Me lo merito per aver fatto ci\u00f2 che nessuno aveva mai fatto\u00bb.<\/p>\n<p>    I tempi della decisione\u00a0<\/p>\n<p class=\"chapter-paragraph\">Per sostenere la sua candidatura c&#8217;\u00e8 stata <b>un&#8217;intensa campagna di lobbying<\/b>. Il comitato che assegna il Nobel, composto da cinque membri nominati dal parlamento norvegese, ha per\u00f2 fatto una valutazione diversa.<\/p>\n<p class=\"chapter-paragraph\"><b>Per Cheung, come detto, alla pace \u00e8 stata anteposta \u00abla politica\u00bb. La questione, almeno per quanto riguarda l&#8217;intesa per il cessate il fuoco a Gaza, \u00e8 per\u00f2 anche di timing.\u00a0<\/b><\/p>\n<p class=\"chapter-paragraph\"><b>La decisione finale del comitato \u00e8 stata presa luned\u00ec pomeriggio.<\/b> Il nome della vincitrice del Nober per la pace, dunque, era gi\u00e0 stato stabilito diversi giorni prima dell\u2019accordo di pace per Gaza, raggiunto la notte tra mercoled\u00ec e gioved\u00ec.<\/p>\n<p>    La risposta del Comitato del Nobel:\u00a0\u00abCi siamo basati su coraggio e integrit\u00e0\u00bb<\/p>\n<p class=\"chapter-paragraph\">In risposta alle polemiche sulla mancata vittoria di Trump, il Comitato ha diffuso una nota dai toni netti.<\/p>\n<p class=\"chapter-paragraph\">\u00abNella lunga storia di questo premio\u00bb, si legge, \u00ababbiamo visto intorno a noi diversi tipi di campagne e di attenzioni. Ma il Comitato siede in una stanza ai muri della quale ci sono i ritratti di chi ci ha preceduto, e ha preso <b>scelte nel nome del coraggio e dell&#8217;integrit\u00e0. Abbiamo operato basandoci su questo<\/b>. <b>La nostra decisione si basa solo sul lavoro e sulla volont\u00e0 di Alfred Nobel\u00bb<\/b>.<\/p>\n<p>    Il video di Putin postato su Truth:\u00a0\u00abTrump si meritava il Nobel\u00bb<\/p>\n<p class=\"chapter-paragraph\">Il disappunto di Donald Trump non si \u00e8 fermato alle prime esternazioni.\u00a0 Nel pomeriggio, infatti, il presidente ha postato sul suo social Truth un video in cui <b>Vladimir Putin<\/b> <b>parla sul suo lavoro nel risolvere le dispute<\/b> e la sua mancata vittoria del Nobel: Trump \u00absta facendo molto per risolvere le questioni complicate di oggi che persistono da anni o decenni ma non spetta a me dire se meritava il Premio Nobel per la pace\u00bb. Putin ha ricordato esplicitamente l&#8217;impegno di Donald per cercare \u00abdi trovare una soluzione anche per il conflitto in Ucraina\u00bb. A corredo del video, Trump ha voluto aggiungere: \u00abGrazie presidente Putin\u00bb<\/p>\n<p>    Le parole della vincitrice:\u00a0\u00abMai come oggi contiamo su Trump\u00bb<\/p>\n<p class=\"chapter-paragraph\">Intanto, <a href=\"https:\/\/video.corriere.it\/esteri\/chi-e-maria-corina-machado-premio-nobel-per-la-pace-2025-la-videoscheda\/a5999a3c-e48e-438f-862f-6afdf98c8xlk\" title=\"Chi \u00e8 Maria Corina Machado, premio Nobel per la Pace 2025 - La videoscheda\" rel=\"nofollow noopener\" target=\"_blank\">Mar\u00eda Corina Machado<\/a>,\u00a0<b>fresca di Nobel, ringrazia per il riconoscimento (che attribuisce all&#8217;intero popolo venezuelano) e dice di\u00a0\u00abcontare\u00bb su Trump, che l&#8217;ha chiamata per congratularsi, e sugli Usa<\/b>:\u00a0\u00abSiamo alle soglie della vittoria e oggi pi\u00f9 che mai abbiamo il presidente Trump, il popolo degli Stati Uniti, i popoli dell&#8217;America Latina e le nazioni democratiche del mondo come nostri principali alleati per raggiungere la libert\u00e0 e la democrazia. Il Venezuela sar\u00e0 libero!\u00bb.\u00a0<\/p>\n<p class=\"is-last-update\" datetime=\"2025-10-10T18:09:42+02:00\">10 ottobre 2025 ( modifica il 10 ottobre 2025 | 18:09)<\/p>\n<p class=\"is-copyright\">\n            \u00a9 RIPRODUZIONE RISERVATA\n        <\/p>\n","protected":false},"excerpt":{"rendered":"di Redazione Online Steven Cheung, il direttore delle comunicazioni, polemizza sulla scelta di premiare Mar\u00eda Corina Machado. Trump&hellip;\n","protected":false},"author":3,"featured_media":157844,"comment_status":"","ping_status":"","sticky":false,"template":"","format":"standard","meta":{"footnotes":""},"categories":[160],"tags":[1471,97432,97437,842,803,804,97431,97438,97439,631,2334,97433,97440,96977,26663,26944,15252,97441,21841,96981,14,164,165,1368,766,11795,97442,1109,97443,2391,1113,70326,97444,5739,783,73,1148,8330,1377,381,96979,15926,97445,1259,96987,96988,97434,97435,97446,42469,10329,166,7,18985,34277,97447,15,402,97436,477,776,93667,96030,135,383,379,6572,11,167,12,168,410,2392,2224,161,162,163],"class_list":{"0":"post-157843","1":"post","2":"type-post","3":"status-publish","4":"format-standard","5":"has-post-thumbnail","7":"category-mondo","8":"tag-accordi","9":"tag-assegna","10":"tag-assegna-nobel","11":"tag-bianca","12":"tag-cessate","13":"tag-cessate-fuoco","14":"tag-cheung","15":"tag-cheung-direttore","16":"tag-cheung-direttore-comunicazioni","17":"tag-cinque","18":"tag-comitato","19":"tag-comitato-assegna","20":"tag-comitato-assegna-nobel","21":"tag-comitato-nobel","22":"tag-comunicazioni","23":"tag-convinto","24":"tag-coraggio","25":"tag-coraggio-integrita","26":"tag-corina","27":"tag-corina-machado","28":"tag-cronaca","29":"tag-dal-mondo","30":"tag-dalmondo","31":"tag-decisione","32":"tag-dichiarato","33":"tag-dicono","34":"tag-dicono-dovrei","35":"tag-direttore","36":"tag-direttore-comunicazioni","37":"tag-diversi","38":"tag-donald","39":"tag-dovrei","40":"tag-dovrei-vincere","41":"tag-fermato","42":"tag-fuoco","43":"tag-gaza","44":"tag-giugno","45":"tag-guerre","46":"tag-integrita","47":"tag-leader","48":"tag-machado","49":"tag-mancata","50":"tag-mancata-vittoria","51":"tag-maria","52":"tag-maria-corina","53":"tag-maria-corina-machado","54":"tag-meritare","55":"tag-meritare-nobel","56":"tag-meritare-nobel-pace","57":"tag-meritava","58":"tag-merito","59":"tag-mondo","60":"tag-news","61":"tag-nobel","62":"tag-nobel-pace","63":"tag-nobel-pace-presidente","64":"tag-notizie","65":"tag-pace","66":"tag-persivale","67":"tag-politica","68":"tag-premio","69":"tag-premio-nobel","70":"tag-premio-nobel-pace","71":"tag-presidente","72":"tag-putin","73":"tag-trump","74":"tag-truth","75":"tag-ultime-notizie","76":"tag-ultime-notizie-di-mondo","77":"tag-ultimenotizie","78":"tag-ultimenotiziedimondo","79":"tag-usa","80":"tag-video","81":"tag-vittoria","82":"tag-world","83":"tag-world-news","84":"tag-worldnews"},"share_on_mastodon":{"url":"","error":""},"_links":{"self":[{"href":"https:\/\/www.europesays.com\/it\/wp-json\/wp\/v2\/posts\/157843","targetHints":{"allow":["GET"]}}],"collection":[{"href":"https:\/\/www.europesays.com\/it\/wp-json\/wp\/v2\/posts"}],"about":[{"href":"https:\/\/www.europesays.com\/it\/wp-json\/wp\/v2\/types\/post"}],"author":[{"embeddable":true,"href":"https:\/\/www.europesays.com\/it\/wp-json\/wp\/v2\/users\/3"}],"replies":[{"embeddable":true,"href":"https:\/\/www.europesays.com\/it\/wp-json\/wp\/v2\/comments?post=157843"}],"version-history":[{"count":0,"href":"https:\/\/www.europesays.com\/it\/wp-json\/wp\/v2\/posts\/157843\/revisions"}],"wp:featuredmedia":[{"embeddable":true,"href":"https:\/\/www.europesays.com\/it\/wp-json\/wp\/v2\/media\/157844"}],"wp:attachment":[{"href":"https:\/\/www.europesays.com\/it\/wp-json\/wp\/v2\/media?parent=157843"}],"wp:term":[{"taxonomy":"category","embeddable":true,"href":"https:\/\/www.europesays.com\/it\/wp-json\/wp\/v2\/categories?post=157843"},{"taxonomy":"post_tag","embeddable":true,"href":"https:\/\/www.europesays.com\/it\/wp-json\/wp\/v2\/tags?post=157843"}],"curies":[{"name":"wp","href":"https:\/\/api.w.org\/{rel}","templated":true}]}}